{"id":342130,"date":"2025-08-25T05:40:14","date_gmt":"2025-08-25T05:40:14","guid":{"rendered":"https:\/\/www.europesays.com\/fr\/342130\/"},"modified":"2025-08-25T05:40:14","modified_gmt":"2025-08-25T05:40:14","slug":"il-sagissait-du-troisieme-cambriolage-cet-ete-dans-cette-entreprise-a-vence-les-voleurs-de-cartouches-dencre-arretes-et-juges","status":"publish","type":"post","link":"https:\/\/www.europesays.com\/fr\/342130\/","title":{"rendered":"Il s\u2019agissait du troisi\u00e8me cambriolage cet \u00e9t\u00e9 dans cette entreprise \u00e0 Vence: les voleurs de cartouches d\u2019encre arr\u00eat\u00e9s et jug\u00e9s"},"content":{"rendered":"<p>Trois hommes arr\u00eat\u00e9s pour le cambriolage de l\u2019entreprise ven\u00e7oise \u00ab\u00a0Cartouches vides\u00a0\u00bb, ont \u00e9t\u00e9 pr\u00e9sent\u00e9s devant le juge et condamn\u00e9s. \u00c9pilogue d\u2019une enqu\u00eate rapide de la gendarmerie.<\/p>\n<p>Les faits se sont d\u00e9roul\u00e9s le 15 ao\u00fbt dernier. \u00c0 23h40, le Centre d\u2019op\u00e9rations et de renseignement de la gendarmerie informe la brigade de Vence qu\u2019une alarme s\u2019est d\u00e9clench\u00e9e dans l\u2019entreprise, quartier de la Sine. Lorsqu\u2019ils arrivent, ils constatent en m\u00eame temps que la police municipale qu\u2019une porte a \u00e9t\u00e9 fractur\u00e9e. \u00c0 l\u2019int\u00e9rieur, des bo\u00eetes de cartouches d\u2019encre pour imprimante sont renvers\u00e9es et \u00e9parpill\u00e9es sur le sol.<\/p>\n<p>8 et 10 mois de prison<\/p>\n<p>S\u2019ils ne voient personne, ils rep\u00e8rent une voiture gar\u00e9e non loin, capot encore chaud. Ils montent alors un dispositif d\u2019interception discret \u00e0 proximit\u00e9 qui leur permet de surprendre deux heures plus tard trois hommes qui voulaient r\u00e9cup\u00e9rer le v\u00e9hicule. De nationalit\u00e9 roumaine, ils ont avec eux des objets d\u00e9rob\u00e9s au sein de l\u2019entrep\u00f4t. Le responsable de l\u2019entreprise a d\u00e9clar\u00e9 un pr\u00e9judice de 4.000 euros; il s\u2019agissait du troisi\u00e8me cambriolage cet \u00e9t\u00e9, sans que la responsabilit\u00e9 des trois n\u2019ait pu \u00eatre \u00e9tablie pour les deux pr\u00e9c\u00e9dents vols.<\/p>\n<p>\u00ab\u00a0\u00c0 l\u2019issue des gardes \u00e0 vue, une obligation de quitter le territoire leur est notifi\u00e9e (dont un rappel d\u2019obligation) et tous sont d\u00e9f\u00e9r\u00e9s et plac\u00e9s en d\u00e9tention provisoire en vue d\u2019une comparution imm\u00e9diate, indique la gendarmerie dans un communiqu\u00e9 de presse. Lundi 18 ao\u00fbt 2025, ils sont tous les trois jug\u00e9s coupables par le tribunal judiciaire de Grasse. L\u2019un d\u2019eux \u00e9cope 8 mois d\u2019emprisonnement avec sursis (inconnu de nos fichiers) et 10 mois ferme pour les deux autres (connus) avec maintien en d\u00e9tention.\u00a0\u00bb<\/p>\n","protected":false},"excerpt":{"rendered":"Trois hommes arr\u00eat\u00e9s pour le cambriolage de l\u2019entreprise ven\u00e7oise \u00ab\u00a0Cartouches vides\u00a0\u00bb, ont \u00e9t\u00e9 pr\u00e9sent\u00e9s devant le juge et&hellip;\n","protected":false},"author":2,"featured_media":342131,"comment_status":"","ping_status":"","sticky":false,"template":"","format":"standard","meta":{"footnotes":""},"categories":[2819],"tags":[1111,11,1777,674,118,1011,27,12,2401,882,25,3366],"class_list":{"0":"post-342130","1":"post","2":"type-post","3":"status-publish","4":"format-standard","5":"has-post-thumbnail","7":"category-nice","8":"tag-actu","9":"tag-actualites","10":"tag-eu","11":"tag-europe","12":"tag-faits-divers","13":"tag-fr","14":"tag-france","15":"tag-news","16":"tag-nice","17":"tag-provence-alpes-cote-dazur","18":"tag-republique-francaise","19":"tag-vie-locale"},"share_on_mastodon":{"url":"https:\/\/pubeurope.com\/@fr\/115087803858147304","error":""},"_links":{"self":[{"href":"https:\/\/www.europesays.com\/fr\/wp-json\/wp\/v2\/posts\/342130","targetHints":{"allow":["GET"]}}],"collection":[{"href":"https:\/\/www.europesays.com\/fr\/wp-json\/wp\/v2\/posts"}],"about":[{"href":"https:\/\/www.europesays.com\/fr\/wp-json\/wp\/v2\/types\/post"}],"author":[{"embeddable":true,"href":"https:\/\/www.europesays.com\/fr\/wp-json\/wp\/v2\/users\/2"}],"replies":[{"embeddable":true,"href":"https:\/\/www.europesays.com\/fr\/wp-json\/wp\/v2\/comments?post=342130"}],"version-history":[{"count":0,"href":"https:\/\/www.europesays.com\/fr\/wp-json\/wp\/v2\/posts\/342130\/revisions"}],"wp:featuredmedia":[{"embeddable":true,"href":"https:\/\/www.europesays.com\/fr\/wp-json\/wp\/v2\/media\/342131"}],"wp:attachment":[{"href":"https:\/\/www.europesays.com\/fr\/wp-json\/wp\/v2\/media?parent=342130"}],"wp:term":[{"taxonomy":"category","embeddable":true,"href":"https:\/\/www.europesays.com\/fr\/wp-json\/wp\/v2\/categories?post=342130"},{"taxonomy":"post_tag","embeddable":true,"href":"https:\/\/www.europesays.com\/fr\/wp-json\/wp\/v2\/tags?post=342130"}],"curies":[{"name":"wp","href":"https:\/\/api.w.org\/{rel}","templated":true}]}}