{"id":342132,"date":"2025-08-25T05:41:10","date_gmt":"2025-08-25T05:41:10","guid":{"rendered":"https:\/\/www.europesays.com\/fr\/342132\/"},"modified":"2025-08-25T05:41:10","modified_gmt":"2025-08-25T05:41:10","slug":"laurent-senigout-directeur-adjoint-de-transdev-sur-la-ligne-marseille-nice","status":"publish","type":"post","link":"https:\/\/www.europesays.com\/fr\/342132\/","title":{"rendered":"Laurent S\u00e9nigout, directeur adjoint de Transdev sur la ligne Marseille-Nice"},"content":{"rendered":"<p> <img decoding=\"async\" src=\"https:\/\/www.europesays.com\/fr\/wp-content\/uploads\/2025\/08\/1756100470_870_1200x680\" alt=\"illustration agrandir l'image\" style=\"--_image-preview:url('data:image\/jpeg;base64,\/9j\/2wBDACgcHiMeGSgjISMtKygwPGRBPDc3PHtYXUlkkYCZlo+AjIqgtObDoKrarYqMyP\/L2u71\/\/\/\/m8H\/\/\/\/6\/+b9\/\/j\/2wBDASstLTw1PHZBQXb4pYyl+Pj4+Pj4+Pj4+Pj4+Pj4+Pj4+Pj4+Pj4+Pj4+Pj4+Pj4+Pj4+Pj4+Pj4+Pj4+Pj4+Pj\/wAARCAAqACoDASIAAhEBAxEB\/8QAGQABAQEBAQEAAAAAAAAAAAAAAgMBBAAF\/8QAGBABAQEBAQAAAAAAAAAAAAAAAAECEQP\/xAAXAQEBAQEAAAAAAAAAAAAAAAABAgAD\/8QAFhEBAQEAAAAAAAAAAAAAAAAAAAER\/9oADAMBAAIRAxEAPwDmh5qcPNd65RbNUiOarEWqJjXuDTjgh5CK5htEh5VzAzFsxNqsbI3hSFxJfKwviIebpwQpnKuYOVICUhcZCZn\/2Q==');\" loading=\"eager\" fetchpriority=\"high\" aria-hidden=\"true\" class=\"svelte-1pnmlwx rounded\" onload=\"this.__e=event\" onerror=\"this.__e=event\"\/> Lancement officiel de la premi\u00e8re offre TER op\u00e9r\u00e9e par un op\u00e9rateur alternatif en France, Transdev, le 29 juin 2025, sur la ligne Marseille-Nice \u00a9 Maxppp &#8211; Franck Pennant    <\/p>\n<p class=\"g-ici-body-regular-3 info svelte-1a514ib\">Diffus\u00e9 le lundi 25 ao\u00fbt 2025 \u00e0 7:20 <\/p>\n<p class=\"g-ici-body-regular-3 info svelte-1a514ib\">Publi\u00e9 le lundi 25 ao\u00fbt 2025 \u00e0 7:20 <\/p>\n<p class=\"g-ici-body-bold-1 standFirst svelte-g22axr\">Voil\u00e0 deux mois que Transdev exploite la ligne ferroviaire r\u00e9gionale Marseille-Nice.<br \/>\nLa promesse de base \u00e9tait simple pour l&rsquo;op\u00e9rateur pass\u00e9 sus pavillon allemand\u00a0: ponctualit\u00e9, confort et une augmentation du nombre de rames. Le bilan.\n<\/p>\n<p>Voil\u00e0 deux mois (depuis le 29 juin) que Transdev exploite la ligne ferroviaire r\u00e9gionale Marseille-Nice \u00e0 la place de la SNCF.<\/p>\n<p>La promesse de base \u00e9tait simple pour l&rsquo;op\u00e9rateur pass\u00e9 suus pavillon allemand\u00a0: ponctualit\u00e9 (97%), confort et une augmentation du nombre de rames (14 A\/R en semaine, jusqu&rsquo;\u00e0 16 le week end).<\/p>\n<p>C&rsquo;est l&rsquo;heure d&rsquo;un premier bilan avec\u00a0<strong>Laurent S\u00e9nigout<\/strong>, directeur adjoint de Transdev sur la ligne Marseille-Nice. Il est invit\u00e9 sur ICI Provence.<\/p>\n<ul class=\"SocialNetworks svelte-bt5901\">\n<li class=\"svelte-bt5901\"><\/li>\n<li class=\"svelte-bt5901\"><\/li>\n<li class=\"svelte-bt5901\"><\/li>\n<li class=\"svelte-bt5901\"><\/li>\n<li class=\"svelte-bt5901\"><\/li>\n<\/ul>\n<p class=\"g-ici-body-regular-3 description svelte-1vha4t1\">Tous les vendredis, recevez le meilleur de la semaine d\u2019ici Provence\u00a0: certifi\u00e9 100% local\u00a0!<\/p>\n<p>En cliquant sur \u00ab\u00a0S\u2019abonner\u00a0\u00bb, j&rsquo;accepte que les donn\u00e9es recueillies par<br \/>\n        Radio France soient destin\u00e9es \u00e0 l&rsquo;envoi par courrier \u00e9lectronique de<br \/>\n        contenus et d&rsquo;informations relatifs aux programmes. Plus d&rsquo;informations.<\/p>\n","protected":false},"excerpt":{"rendered":"Lancement officiel de la premi\u00e8re offre TER op\u00e9r\u00e9e par un op\u00e9rateur alternatif en France, Transdev, le 29 juin&hellip;\n","protected":false},"author":2,"featured_media":342133,"comment_status":"","ping_status":"","sticky":false,"template":"","format":"standard","meta":{"footnotes":""},"categories":[2819],"tags":[1111,11,1777,674,1011,27,12,2401,882,25],"class_list":{"0":"post-342132","1":"post","2":"type-post","3":"status-publish","4":"format-standard","5":"has-post-thumbnail","7":"category-nice","8":"tag-actu","9":"tag-actualites","10":"tag-eu","11":"tag-europe","12":"tag-fr","13":"tag-france","14":"tag-news","15":"tag-nice","16":"tag-provence-alpes-cote-dazur","17":"tag-republique-francaise"},"share_on_mastodon":{"url":"https:\/\/pubeurope.com\/@fr\/115087807957907354","error":""},"_links":{"self":[{"href":"https:\/\/www.europesays.com\/fr\/wp-json\/wp\/v2\/posts\/342132","targetHints":{"allow":["GET"]}}],"collection":[{"href":"https:\/\/www.europesays.com\/fr\/wp-json\/wp\/v2\/posts"}],"about":[{"href":"https:\/\/www.europesays.com\/fr\/wp-json\/wp\/v2\/types\/post"}],"author":[{"embeddable":true,"href":"https:\/\/www.europesays.com\/fr\/wp-json\/wp\/v2\/users\/2"}],"replies":[{"embeddable":true,"href":"https:\/\/www.europesays.com\/fr\/wp-json\/wp\/v2\/comments?post=342132"}],"version-history":[{"count":0,"href":"https:\/\/www.europesays.com\/fr\/wp-json\/wp\/v2\/posts\/342132\/revisions"}],"wp:featuredmedia":[{"embeddable":true,"href":"https:\/\/www.europesays.com\/fr\/wp-json\/wp\/v2\/media\/342133"}],"wp:attachment":[{"href":"https:\/\/www.europesays.com\/fr\/wp-json\/wp\/v2\/media?parent=342132"}],"wp:term":[{"taxonomy":"category","embeddable":true,"href":"https:\/\/www.europesays.com\/fr\/wp-json\/wp\/v2\/categories?post=342132"},{"taxonomy":"post_tag","embeddable":true,"href":"https:\/\/www.europesays.com\/fr\/wp-json\/wp\/v2\/tags?post=342132"}],"curies":[{"name":"wp","href":"https:\/\/api.w.org\/{rel}","templated":true}]}}