{"id":34214,"date":"2025-04-18T14:00:12","date_gmt":"2025-04-18T14:00:12","guid":{"rendered":"https:\/\/www.europesays.com\/fr\/34214\/"},"modified":"2025-04-18T14:00:12","modified_gmt":"2025-04-18T14:00:12","slug":"un-ailier-du-stade-francais-debarque-a-grenoble","status":"publish","type":"post","link":"https:\/\/www.europesays.com\/fr\/34214\/","title":{"rendered":"un ailier du Stade Fran\u00e7ais d\u00e9barque \u00e0 Grenoble\u00a0!"},"content":{"rendered":"<p itemprop=\"description\"><strong>D\u2019apr\u00e8s les derni\u00e8res informations du journal L\u2019\u00c9quipe, le FC Grenoble Rugby aurait boucl\u00e9 la signature d\u2019un international portugais.<\/strong><\/p>\n<p class=\"x_MsoNormal\" style=\"color: #242424; font-style: normal; font-variant-ligatures: normal; font-variant-caps: normal; font-weight: 400; letter-spacing: normal; orphans: 2; text-align: start; text-indent: 0px; text-transform: none; widows: 2; word-spacing: 0px; -webkit-text-stroke-width: 0px; white-space: normal; background-color: #ffffff; text-decoration-thickness: initial; text-decoration-style: initial; text-decoration-color: initial; margin: 0cm 0cm 8pt; line-height: 18.4px; font-size: 12pt; font-family: Calibri, sans-serif;\">Actuel leader de Pro D2, le FC Grenoble Rugby semble avoir d\u00e9j\u00e0 la t\u00eate tourn\u00e9e vers le Top 14. En effet, selon L\u2019\u00c9quipe, les dirigeants is\u00e9rois seraient proches d\u2019annoncer la venue de l\u2019ailier du Stade Fran\u00e7ais, Raffaele Costa Storti.<\/p>\n<p class=\"x_MsoNormal\" style=\"color: #242424; font-style: normal; font-variant-ligatures: normal; font-variant-caps: normal; font-weight: 400; letter-spacing: normal; orphans: 2; text-align: start; text-indent: 0px; text-transform: none; widows: 2; word-spacing: 0px; -webkit-text-stroke-width: 0px; white-space: normal; background-color: #ffffff; text-decoration-thickness: initial; text-decoration-style: initial; text-decoration-color: initial; margin: 0cm 0cm 8pt; line-height: 18.4px; font-size: 12pt; font-family: Calibri, sans-serif;\">Le 9 avril dernier, Le Dauphin\u00e9 Lib\u00e9r\u00e9e annon\u00e7ait qu\u2019un accord avait \u00e9t\u00e9 trouv\u00e9 entre les deux partis. Mais d\u00e9sormais, l\u2019arriv\u00e9e du Portugais de 24 ans est plus proche que jamais d\u2019\u00eatre act\u00e9e.<\/p>\n<p class=\"x_MsoNormal\" style=\"color: #242424; font-style: normal; font-variant-ligatures: normal; font-variant-caps: normal; font-weight: 400; letter-spacing: normal; orphans: 2; text-align: start; text-indent: 0px; text-transform: none; widows: 2; word-spacing: 0px; -webkit-text-stroke-width: 0px; white-space: normal; background-color: #ffffff; text-decoration-thickness: initial; text-decoration-style: initial; text-decoration-color: initial; margin: 0cm 0cm 8pt; line-height: 18.4px; font-size: 12pt; font-family: Calibri, sans-serif;\"><strong>Un contrat de deux ans \u00e0 la cl\u00e9<\/strong><\/p>\n<p class=\"x_MsoNormal\" style=\"color: #242424; font-style: normal; font-variant-ligatures: normal; font-variant-caps: normal; font-weight: 400; letter-spacing: normal; orphans: 2; text-align: start; text-indent: 0px; text-transform: none; widows: 2; word-spacing: 0px; -webkit-text-stroke-width: 0px; white-space: normal; background-color: #ffffff; text-decoration-thickness: initial; text-decoration-style: initial; text-decoration-color: initial; margin: 0cm 0cm 8pt; line-height: 18.4px; font-size: 12pt; font-family: Calibri, sans-serif;\">Raffaele Costa Storti devrait donc s\u2019engager en Is\u00e8re pour deux saisons. L\u2019international portugais (30 s\u00e9lections) conna\u00eet actuellement une saison compliqu\u00e9e avec le Stade Fran\u00e7ais. Peu titularis\u00e9 et r\u00e9guli\u00e8rement bless\u00e9, il n\u2019a disput\u00e9 que trois rencontres depuis l\u2019\u00e9t\u00e9 dernier.<\/p>\n<p class=\"x_MsoNormal\" style=\"color: #242424; font-style: normal; font-variant-ligatures: normal; font-variant-caps: normal; font-weight: 400; letter-spacing: normal; orphans: 2; text-align: start; text-indent: 0px; text-transform: none; widows: 2; word-spacing: 0px; -webkit-text-stroke-width: 0px; white-space: normal; background-color: #ffffff; text-decoration-thickness: initial; text-decoration-style: initial; text-decoration-color: initial; margin: 0cm 0cm 8pt; line-height: 18.4px; font-size: 12pt; font-family: Calibri, sans-serif;\">En signant \u00e0 Grenoble, l\u2019ailier va tenter de retrouver son haut-niveau de la saison pr\u00e9c\u00e9dente avec B\u00e9ziers, o\u00f9 il avait inscrit 21 essais en 19 rencontres.<\/p>\n","protected":false},"excerpt":{"rendered":"D\u2019apr\u00e8s les derni\u00e8res informations du journal L\u2019\u00c9quipe, le FC Grenoble Rugby aurait boucl\u00e9 la signature d\u2019un international portugais.&hellip;\n","protected":false},"author":2,"featured_media":34215,"comment_status":"","ping_status":"","sticky":false,"template":"","format":"standard","meta":{"footnotes":""},"categories":[9566],"tags":[1111,11,7733,8279,2430,7736,650,7734,2889,2263,1777,674,1011,27,2731,8280,6417,1114,108,4662,12,3725,1825,25,7737],"class_list":{"0":"post-34214","1":"post","2":"type-post","3":"status-publish","4":"format-standard","5":"has-post-thumbnail","7":"category-grenoble","8":"tag-actu","9":"tag-actualites","10":"tag-alpes","11":"tag-alpes1","12":"tag-auvergne-rhone-alpes","13":"tag-cds","14":"tag-cinema","15":"tag-ecoute","16":"tag-emission","17":"tag-equipe","18":"tag-eu","19":"tag-europe","20":"tag-fr","21":"tag-france","22":"tag-grenoble","23":"tag-haute","24":"tag-information","25":"tag-infos","26":"tag-isere","27":"tag-journal","28":"tag-news","29":"tag-podcast","30":"tag-radio","31":"tag-republique-francaise","32":"tag-winamp"},"share_on_mastodon":{"url":"https:\/\/pubeurope.com\/@fr\/114359331995696407","error":""},"_links":{"self":[{"href":"https:\/\/www.europesays.com\/fr\/wp-json\/wp\/v2\/posts\/34214","targetHints":{"allow":["GET"]}}],"collection":[{"href":"https:\/\/www.europesays.com\/fr\/wp-json\/wp\/v2\/posts"}],"about":[{"href":"https:\/\/www.europesays.com\/fr\/wp-json\/wp\/v2\/types\/post"}],"author":[{"embeddable":true,"href":"https:\/\/www.europesays.com\/fr\/wp-json\/wp\/v2\/users\/2"}],"replies":[{"embeddable":true,"href":"https:\/\/www.europesays.com\/fr\/wp-json\/wp\/v2\/comments?post=34214"}],"version-history":[{"count":0,"href":"https:\/\/www.europesays.com\/fr\/wp-json\/wp\/v2\/posts\/34214\/revisions"}],"wp:featuredmedia":[{"embeddable":true,"href":"https:\/\/www.europesays.com\/fr\/wp-json\/wp\/v2\/media\/34215"}],"wp:attachment":[{"href":"https:\/\/www.europesays.com\/fr\/wp-json\/wp\/v2\/media?parent=34214"}],"wp:term":[{"taxonomy":"category","embeddable":true,"href":"https:\/\/www.europesays.com\/fr\/wp-json\/wp\/v2\/categories?post=34214"},{"taxonomy":"post_tag","embeddable":true,"href":"https:\/\/www.europesays.com\/fr\/wp-json\/wp\/v2\/tags?post=34214"}],"curies":[{"name":"wp","href":"https:\/\/api.w.org\/{rel}","templated":true}]}}