{"id":342141,"date":"2025-08-25T05:46:10","date_gmt":"2025-08-25T05:46:10","guid":{"rendered":"https:\/\/www.europesays.com\/fr\/342141\/"},"modified":"2025-08-25T05:46:10","modified_gmt":"2025-08-25T05:46:10","slug":"2-000-varietes-de-plantes-600-disponibles-en-greffons-ce-pepinieriste-fait-pousser-des-fruits-exotiques-pres-de-toulouse","status":"publish","type":"post","link":"https:\/\/www.europesays.com\/fr\/342141\/","title":{"rendered":"2\u00a0000 vari\u00e9t\u00e9s de plantes, 600 disponibles en greffons\u00a0: ce p\u00e9pini\u00e9riste fait pousser des fruits exotiques pr\u00e8s de Toulouse"},"content":{"rendered":"<p class=\"paragraph text_align_left lp-f-body-02\">Un jardin tropical dans le sud de la France. Depuis 2021, Lancelot Andr\u00e9 cultive des fruits exotiques issus de diff\u00e9rents pays dans sa serre install\u00e9e \u00e0 Carbonne (Haute-Garonne), o\u00f9 est bas\u00e9e sa p\u00e9pini\u00e8re, <a href=\"https:\/\/pepinsperdus.fr\/\" target=\"_blank\" rel=\"noreferrer noopener\">P\u00e9pins Perdus<\/a>. Gr\u00e2ce au r\u00e9chauffement climatique, ce passionn\u00e9 de botanique y cultive des bananes, des avocats ou encore des tamarillos, fruits provenant de la cordill\u00e8re des Andes.<\/p>\n<p class=\"paragraph text_align_left lp-f-body-02\">\u00ab \u00c0 l\u2019origine, j\u2019ai fait des \u00e9tudes de commerce, puis je me suis pris de passion pour le potager donc j\u2019envisageais d\u2019\u00eatre mara\u00eecher avant de m\u2019int\u00e9resser aux arbres fruitiers et de m\u2019y consacrer \u00bb, explique Lancelot Andr\u00e9. \u00ab J\u2019ai d\u00e9cid\u00e9 de tester des fruits exotiques sous une serre exp\u00e9rimentale o\u00f9 de nombreuses plantes se plaisent. Des \u00e9tudes de M\u00e9t\u00e9o France montrent que, d\u2019ici 2100, il n\u2019y aura pas plus d\u2019\u00e9pisode de gel ou de froid comme on a pu en conna\u00eetre, donc j\u2019ai commenc\u00e9 \u00e0 essayer de nouveaux fruits et certains poussent tr\u00e8s bien. \u00bb<\/p>\n<p class=\"paragraph text_align_left lp-f-body-02\">Bananiers Musa Dajiao d\u2019origine himalayenne, fruits de la passion et goyaves s\u2019\u00e9panouissent dans la serre non chauff\u00e9e. Le p\u00e9pini\u00e9riste y teste tout ce qu\u2019il peut, avide de litt\u00e9rature sur ces arbres fruitiers venus de l\u2019autre bout du monde.<\/p>\n<p>Des agrumes m\u00e9connus<\/p>\n<p class=\"paragraph text_align_left lp-f-body-02\">La seconde partie de la p\u00e9pini\u00e8re est d\u00e9di\u00e9e \u00e0 la vente de greffons et boutures \u00e0 destination des particuliers. Pr\u00e8s de 600 vari\u00e9t\u00e9s de plantes sont ainsi disponibles pour les jardiniers curieux de s\u2019essayer aux fruits exotiques. Ils peuvent notamment y d\u00e9couvrir le Tangelo Mapo, un hybride mandarine-pomelo, <a href=\"https:\/\/www.leparisien.fr\/jardin\/plantes\/cognassier-du-japon-HQRRKHMYSRC4LLO7SHGLHKGLOQ.php\" target=\"_blank\" rel=\"noreferrer noopener\">le cognassier du Japon<\/a>, l\u2019<a href=\"https:\/\/www.leparisien.fr\/jardin\/plantes\/asiminier-4SIMRY33UZG77KZLC3IH22PO7Q.php\" target=\"_blank\" rel=\"noreferrer noopener\">asiminier<\/a> ou encore la cl\u00e9mentine sanguine rubino.<\/p>\n<p class=\"paragraph text_align_left lp-f-body-02\">\u00ab Beaucoup d\u2019agrumes arrivent \u00e0 pousser sous notre climat, ils plaisent beaucoup aux clients qui veulent diversifier les fruits \u00bb, d\u00e9taille Lancelot Andr\u00e9. Au total, pr\u00e8s de 2 000 vari\u00e9t\u00e9s de plantes et d\u2019arbres fruitiers poussent dans sa p\u00e9pini\u00e8re.<\/p>\n","protected":false},"excerpt":{"rendered":"Un jardin tropical dans le sud de la France. Depuis 2021, Lancelot Andr\u00e9 cultive des fruits exotiques issus&hellip;\n","protected":false},"author":2,"featured_media":342142,"comment_status":"","ping_status":"","sticky":false,"template":"","format":"standard","meta":{"footnotes":""},"categories":[2816],"tags":[1111,11,459,1777,674,1011,27,3746,4623,12,2680,25,2312],"class_list":{"0":"post-342141","1":"post","2":"type-post","3":"status-publish","4":"format-standard","5":"has-post-thumbnail","7":"category-toulouse","8":"tag-actu","9":"tag-actualites","10":"tag-departements-horsidfo","11":"tag-eu","12":"tag-europe","13":"tag-fr","14":"tag-france","15":"tag-futurs","16":"tag-haute-garonne-31","17":"tag-news","18":"tag-occitanie","19":"tag-republique-francaise","20":"tag-toulouse"},"share_on_mastodon":{"url":"https:\/\/pubeurope.com\/@fr\/115087827635786222","error":""},"_links":{"self":[{"href":"https:\/\/www.europesays.com\/fr\/wp-json\/wp\/v2\/posts\/342141","targetHints":{"allow":["GET"]}}],"collection":[{"href":"https:\/\/www.europesays.com\/fr\/wp-json\/wp\/v2\/posts"}],"about":[{"href":"https:\/\/www.europesays.com\/fr\/wp-json\/wp\/v2\/types\/post"}],"author":[{"embeddable":true,"href":"https:\/\/www.europesays.com\/fr\/wp-json\/wp\/v2\/users\/2"}],"replies":[{"embeddable":true,"href":"https:\/\/www.europesays.com\/fr\/wp-json\/wp\/v2\/comments?post=342141"}],"version-history":[{"count":0,"href":"https:\/\/www.europesays.com\/fr\/wp-json\/wp\/v2\/posts\/342141\/revisions"}],"wp:featuredmedia":[{"embeddable":true,"href":"https:\/\/www.europesays.com\/fr\/wp-json\/wp\/v2\/media\/342142"}],"wp:attachment":[{"href":"https:\/\/www.europesays.com\/fr\/wp-json\/wp\/v2\/media?parent=342141"}],"wp:term":[{"taxonomy":"category","embeddable":true,"href":"https:\/\/www.europesays.com\/fr\/wp-json\/wp\/v2\/categories?post=342141"},{"taxonomy":"post_tag","embeddable":true,"href":"https:\/\/www.europesays.com\/fr\/wp-json\/wp\/v2\/tags?post=342141"}],"curies":[{"name":"wp","href":"https:\/\/api.w.org\/{rel}","templated":true}]}}