{"id":342150,"date":"2025-08-25T05:53:11","date_gmt":"2025-08-25T05:53:11","guid":{"rendered":"https:\/\/www.europesays.com\/fr\/342150\/"},"modified":"2025-08-25T05:53:11","modified_gmt":"2025-08-25T05:53:11","slug":"du-soleil-et-jusqua-30-degres-attendus-ce-lundi-a-lyon","status":"publish","type":"post","link":"https:\/\/www.europesays.com\/fr\/342150\/","title":{"rendered":"Du soleil et jusqu&rsquo;\u00e0 30 degr\u00e9s attendus ce lundi \u00e0 Lyon"},"content":{"rendered":"<p>                            <img loading=\"lazy\" width=\"1200\" height=\"900\" class=\"attachment-article size-article wp-post-image lazyload\" alt=\"\" decoding=\"async\" src=\"https:\/\/www.europesays.com\/fr\/wp-content\/uploads\/2025\/06\/lyon-confluence-e1680498447691-scaled-e1748417399851-1200x900.jpg\" data-eio-rwidth=\"1200\" data-eio-rheight=\"900\"\/><\/p>\n<p>Lever de soleil \u00e0 Lyon sur le Mus\u00e9e des Confluence.<\/p>\n<p class=\"content\" style=\"font-size:1.2em;font-weight:700\">C&rsquo;est une belle journ\u00e9e qui attend toute l&rsquo;agglom\u00e9ration lyonnaise ce lundi 25 ao\u00fbt, avec des temp\u00e9ratures qui atteindront les 30 degr\u00e9s.<\/p>\n<p>Pour d\u00e9buter cette derni\u00e8re semaine du mois d&rsquo;ao\u00fbt, l&rsquo;\u00e9t\u00e9 est de retour \u00e0 Lyon et dans toute la r\u00e9gion lyonnaise. Le soleil sera pr\u00e9sent tout au long de la journ\u00e9e, malgr\u00e9 un voile d&rsquo;altitude d\u00e9bordant de l&rsquo;ouest et qui pourrait se montrer plus \u00e9pais dans l&rsquo;apr\u00e8s-midi. <\/p>\n<p>C\u00f4t\u00e9 temp\u00e9ratures, si ce lundi matin il ne fait que 11 degr\u00e9s, le mercure atteindra les 30 degr\u00e9s au meilleur de la journ\u00e9e. Des valeurs l\u00e9g\u00e8rement au dessus des normales de saison qui devraient se maintenir pour la journ\u00e9e de mardi avant une l\u00e9g\u00e8re baisse des temp\u00e9ratures.<\/p>\n","protected":false},"excerpt":{"rendered":"Lever de soleil \u00e0 Lyon sur le Mus\u00e9e des Confluence. C&rsquo;est une belle journ\u00e9e qui attend toute l&rsquo;agglom\u00e9ration&hellip;\n","protected":false},"author":2,"featured_media":155710,"comment_status":"","ping_status":"","sticky":false,"template":"","format":"standard","meta":{"footnotes":""},"categories":[1889],"tags":[1111,11,2430,1777,674,1011,27,2428,12,25],"class_list":{"0":"post-342150","1":"post","2":"type-post","3":"status-publish","4":"format-standard","5":"has-post-thumbnail","7":"category-lyon","8":"tag-actu","9":"tag-actualites","10":"tag-auvergne-rhone-alpes","11":"tag-eu","12":"tag-europe","13":"tag-fr","14":"tag-france","15":"tag-lyon","16":"tag-news","17":"tag-republique-francaise"},"share_on_mastodon":{"url":"https:\/\/pubeurope.com\/@fr\/115087855033553704","error":""},"_links":{"self":[{"href":"https:\/\/www.europesays.com\/fr\/wp-json\/wp\/v2\/posts\/342150","targetHints":{"allow":["GET"]}}],"collection":[{"href":"https:\/\/www.europesays.com\/fr\/wp-json\/wp\/v2\/posts"}],"about":[{"href":"https:\/\/www.europesays.com\/fr\/wp-json\/wp\/v2\/types\/post"}],"author":[{"embeddable":true,"href":"https:\/\/www.europesays.com\/fr\/wp-json\/wp\/v2\/users\/2"}],"replies":[{"embeddable":true,"href":"https:\/\/www.europesays.com\/fr\/wp-json\/wp\/v2\/comments?post=342150"}],"version-history":[{"count":0,"href":"https:\/\/www.europesays.com\/fr\/wp-json\/wp\/v2\/posts\/342150\/revisions"}],"wp:featuredmedia":[{"embeddable":true,"href":"https:\/\/www.europesays.com\/fr\/wp-json\/wp\/v2\/media\/155710"}],"wp:attachment":[{"href":"https:\/\/www.europesays.com\/fr\/wp-json\/wp\/v2\/media?parent=342150"}],"wp:term":[{"taxonomy":"category","embeddable":true,"href":"https:\/\/www.europesays.com\/fr\/wp-json\/wp\/v2\/categories?post=342150"},{"taxonomy":"post_tag","embeddable":true,"href":"https:\/\/www.europesays.com\/fr\/wp-json\/wp\/v2\/tags?post=342150"}],"curies":[{"name":"wp","href":"https:\/\/api.w.org\/{rel}","templated":true}]}}