{"id":342151,"date":"2025-08-25T05:55:15","date_gmt":"2025-08-25T05:55:15","guid":{"rendered":"https:\/\/www.europesays.com\/fr\/342151\/"},"modified":"2025-08-25T05:55:15","modified_gmt":"2025-08-25T05:55:15","slug":"cette-prochaine-augmentation-du-forfait-imagine-r-quon-avait-oubliee","status":"publish","type":"post","link":"https:\/\/www.europesays.com\/fr\/342151\/","title":{"rendered":"cette prochaine augmentation du forfait Imagine R qu&rsquo;on avait oubli\u00e9e"},"content":{"rendered":"<p>            Par<br \/>\n        <strong><br \/>\n            <a href=\"https:\/\/actu.fr\/auteur\/julie-bossart-actu-fr\" title=\"Consulter tous les articles de Julie Bossart\" target=\"_blank\" rel=\"noopener\">Julie Bossart<\/a><br \/>\n        <\/strong><\/p>\n<p>        Publi\u00e9 le<\/p>\n<p>            25 ao\u00fbt 2025 \u00e0 7h40        <\/p>\n<p>Retour \u00e0 la r\u00e9alit\u00e9. Tout juste rentr\u00e9s de vacances, de nombreux parents ont d\u00e9j\u00e0 la t\u00eate dans le guidon. Il faut d\u00e9sengorger la bo\u00eete mails, checker <a href=\"https:\/\/actu.fr\/tag\/parcoursup\" target=\"_blank\" rel=\"noopener\">Parcoursup<\/a>, boucler les achats d\u2019<a href=\"https:\/\/actu.fr\/economie\/une-premiere-depuis-des-annees-pourquoi-le-prix-des-fournitures-scolaires-chute-dans-tous-les-magasins_63049512.html\" target=\"_blank\" rel=\"noopener\">effets scolaires<\/a>, proc\u00e9der aux derni\u00e8res inscriptions, mais aussi charger ses titres de transport en commun. Pour n\u2019importe quelle personne r\u00e9sidant en <a href=\"https:\/\/actu.fr\/ile-de-france\/dernieres-actus\" target=\"_blank\" rel=\"noopener\">\u00cele-de-France<\/a>, il s\u2019agit d\u2019un gros poste de d\u00e9penses, qui va grossir dans certains foyers d\u00e8s le 1er\u00a0septembre 2025.<\/p>\n<p>\u00ab\u00a0Je suis d\u00e9go\u00fbt\u00e9e\u00a0\u00bb<\/p>\n<p class=\" wall-content\">Pour ceux qui l\u2019auraient en effet oubli\u00e9, <a href=\"https:\/\/actu.fr\/tag\/ile-de-france-mobilites\" target=\"_blank\" rel=\"noopener\">\u00cele-de-France Mobilit\u00e9s<\/a> a act\u00e9 lors de son conseil d\u2019administration du 11\u00a0d\u00e9cembre dernier ses traditionnelles <a href=\"https:\/\/actu.fr\/societe\/une-nouvelle-augmentation-du-pass-navigo-actee-dans-le-budget-2025-d-ile-de-france-mobilites_61991062.html\" target=\"_blank\" rel=\"noopener\">\u00e9volutions tarifaires<\/a>. Si d\u2019aucuns avaient bien enregistr\u00e9 qu\u2019une augmentation des forfaits annuels et mensuels du <a href=\"https:\/\/actu.fr\/ile-de-france\/paris_75056\/nouvelle-augmentation-prevue-du-prix-du-pass-navigo-il-frolera-les-90-euros-en-janvier-2025_61932810.html\" target=\"_blank\" rel=\"noopener\">pass Navigo<\/a> de 2,8\u2009% entrerait en vigueur le 1er\u00a0janvier, d\u2019autres, comme Judith, n\u2019avait pas saisi que la hausse concernerait \u00e9galement les abonnements Imagine R juniors, scolaires et \u00e9tudiants. Surtout, qu\u2019elle s\u2019appliquerait au moment de la rentr\u00e9e.<\/p>\n<p class=\" wall-content\">\u00ab\u2009Franchement, je suis d\u00e9go\u00fbt\u00e9e\u2009\u00bb, peste la quadrag\u00e9naire. M\u00e8re c\u00e9libataire, ses deux enfants empruntent quotidiennement le m\u00e9tro \u00e0 <a href=\"https:\/\/actu.fr\/paris\/dernieres-actus\" target=\"_blank\" rel=\"noopener\">Paris<\/a>, o\u00f9 la famille r\u00e9side, pour aller dans leurs \u00e9tablissements respectifs, mais aussi pour se rendre dans le Val-de-Marne, o\u00f9 habite leur p\u00e8re. \u00ab\u2009C\u2019est quand m\u00eame fou d\u2019avoir \u00e0 sortir cette somme maintenant, alors qu\u2019il y a pas mal de d\u00e9penses d\u00e9j\u00e0 avec les fournitures, les habits ou des \u00e9quipements pour le sport, etc. Et puis, il y a aussi le rappel des <a href=\"https:\/\/actu.fr\/tag\/impots\" target=\"_blank\" rel=\"noopener\">imp\u00f4ts<\/a>\u2009\u00bb, enrage Judith. \u00c0 ses yeux, \u00ab\u2009m\u00eame si l\u2019augmentation n\u2019est pas \u00e9norme sur l\u2019ann\u00e9e, reconna\u00eet-elle, on a une nouvelle fois le sentiment de se faire matraquer.\u2009\u00bb<\/p>\n<p>    <a href=\"https:\/\/email.publihebdos.com\/form?lid=Mqc7o19yVDtMEo2FE8aUtw2\" title=\"Ouvrie le lien\" target=\"_blank\" rel=\"noopener\">Cliquez ici pour visualiser le contenu<\/a><\/p>\n<p>De 382,40 euros \u00e0 392,30 euros\u00a0<\/p>\n<p class=\" wall-content\">De quelles sommes parle-t-on au juste\u2009? Pour l\u2019ann\u00e9e 2024-2025, les forfaits Imagine R scolaires (primaires, coll\u00e8ges, lyc\u00e9es) et \u00e9tudiants et apprentis (jusqu\u2019\u00e0 26\u00a0ans) \u00e9taient vendus 374,40\u00a0euros, sans compter les frais de dossier (fixes) de 8\u00a0euros, ce qui faisait un total TTC de 382,40\u00a0euros. \u00c0 partir du 1er\u00a0septembre, il faudra r\u00e9gler 384,30\u00a0euros pour les obtenir +\u00a08\u00a0euros de frais dossier. Le total TTC s\u2019\u00e9l\u00e8vera \u00e0 392,30\u00a0euros, soit une hausse g\u00e9n\u00e9rale de 9,90\u00a0euros.<\/p>\n<p class=\" wall-content\">En ce qui concerne le forfait annuel Imagine R juniors (\u00e0 destination des enfants de moins de 11 ans), il va s\u2019\u00e9lever \u00e0 16,80 euros + les 8 euros de frais de dossier, soit 24,80 euros. \u00c0 la clef, des d\u00e9placements en illimit\u00e9 dans toute la r\u00e9gion \u00e0 bord des transports publics \u2013 except\u00e9 le Orlyal et certaines lignes hors tarification IDFM. L\u2019ann\u00e9e scolaire pass\u00e9e, 1,4 million de Franciliens avaient souscrit \u00e0 ces pass sp\u00e9cial jeunes.<\/p>\n<p>Votre r\u00e9gion, votre actu !<\/p>\n<p>Recevez chaque jour les infos qui comptent pour vous.<\/p>\n<p>\t<a href=\"https:\/\/actu.fr\/newsletter\" class=\"ac-btn ac-btn--corner ac-btn--medium ac-btn--blue800\" target=\"_blank\" rel=\"noopener\">S&rsquo;incrire<\/a><br \/>\nD\u2019autres augmentations \u00e0 pr\u00e9voir<\/p>\n<p class=\" wall-content\">Ces augmentations \u00e9taient attendues et correspondent \u00e0 un accord sign\u00e9 entre IDFM et l\u2019\u00c9tat en septembre\u00a02023. Un <a href=\"https:\/\/actu.fr\/ile-de-france\/paris_75056\/navigo-un-bouclier-tarifaire-pour-les-transports-d-ile-de-france-promis-par-valerie-pecresse_60201628.html\" target=\"_blank\" rel=\"noopener\">\u00ab\u00a0bouclier tarifaire\u00a0\u00bb<\/a> qui pr\u00e9voit des hausses mod\u00e9r\u00e9es et r\u00e9guli\u00e8res des tarifs jusqu\u2019en 2031, afin d\u2019assurer un financement p\u00e9renne de l\u2019exploitation des nouvelles lignes (la 11, la 14 ou encore le Grand Paris Express). Elles garantissent une hausse des recettes vers\u00e9es par les entreprises, les collectivit\u00e9s locales et les usagers. Pour ces derniers, la contribution maximale est fix\u00e9e \u00e0 l\u2019inflation +\u00a01 point. \u00ab\u00a0Sans cet accord, l\u2019augmentation des tarifs pour les usagers aurait \u00e9t\u00e9 de 25\u2009%, assurait <a href=\"https:\/\/actu.fr\/tag\/valerie-pecresse\" target=\"_blank\" rel=\"noopener\">Val\u00e9rie P\u00e9cresse<\/a>, pr\u00e9sidente d\u2019IDFM, en d\u00e9cembre. L\u2019inflation 2025 \u00e9tant pr\u00e9vue \u00e0 1,8\u2009%, l\u2019augmentation des tarifs est pass\u00e9e \u00e0 2,8\u2009%.<\/p>\n<p class=\" wall-content\">\u00ab\u2009Ce que Val\u00e9rie P\u00e9cresse donne d\u2019une main, elle le reprend de l\u2019autre\u2009\u00bb, d\u00e9non\u00e7ait \u00e0 l\u2019\u00e9poque l\u2019opposition r\u00e9gionale, pour qui la hausse des tarifs des pass Navigo et Imagine R allait surtout servir \u00e0 financer<a href=\"https:\/\/actu.fr\/societe\/tarif-unique-correspondance-offerte-ce-qui-va-changer-dans-les-transports-en-ile-de-france_61618789.html\" target=\"_blank\" rel=\"noopener\"> l\u2019instauration du ticket unique<\/a>. La Gauche communiste, \u00e9cologiste et citoyenne revient \u00e0 la charge aujourd\u2019hui.<\/p>\n<p>Une aide de la r\u00e9gion, mais\u2026<\/p>\n<p class=\" wall-content\">\u00ab\u2009Alors que le co\u00fbt de la rentr\u00e9e pour les m\u00e9nages a progress\u00e9 de 7,1\u2009% en 2025 selon la <a href=\"https:\/\/www.la-csf.org\/wp-content\/uploads\/2025\/08\/Cout-de-la-scolarite-2025-definitif-light.pdf\" target=\"_blank\" rel=\"noopener\">Conf\u00e9d\u00e9ration syndicale des Familles<\/a>, la droite r\u00e9gionale participe \u00e0 la d\u00e9gradation du pouvoir d\u2019achat des familles, accuse le groupe dans un communiqu\u00e9. Cette augmentation [de 9,90\u00a0euros] intervient alors que plusieurs d\u00e9partements dirig\u00e9s par la droite suppriment totalement ou partiellement leurs aides \u00e0 la mobilit\u00e9.\u2009\u00bb Ce fut le cas par exemple dans les Yvelines l\u2019an pass\u00e9 avec la <a href=\"https:\/\/actu.fr\/ile-de-france\/villennes-sur-seine_78672\/le-departement-des-yvelines-sacrifie-la-subvention-au-ramassage-scolaire-les-familles-grondent_61160658.html#:~:text=Aucune%20aide%20financi%C3%A8re%20pour%20le,25%20%E2%82%AC%20%C3%A0%20leur%20charge.\" target=\"_blank\" rel=\"noopener\">fin des subventions de la carte Scol\u2019R, <\/a>destin\u00e9e aux lyc\u00e9ens non boursiers. Le m\u00eame cas de figure s\u2019est pr\u00e9sent\u00e9 plus r\u00e9cemment dans le Val-d\u2019Oise.<\/p>\n<p class=\" wall-content\">En petite couronne, c\u2019est le conseil d\u00e9partemental du Val-de-Marne, avan\u00e7ant lui aussi un contexte budg\u00e9taire contraint, qui a sonn\u00e9 la<a href=\"https:\/\/actu.fr\/ile-de-france\/creteil_94028\/injuste-et-inacceptable-dans-le-val-de-marne-la-suppression-de-la-carte-amethyste-seme-la-discorde_62326730.html\" target=\"_blank\" rel=\"noopener\"> fin du forfait Am\u00e9thyste<\/a>. Mais il s\u2019agissait l\u00e0 d\u2019une aide aux habitants du d\u00e9partement \u00e2g\u00e9s de 60\u00a0ans et non imposables, aux personnes en situation de handicap, aux anciens combattants, veuves d\u2019anciens combattants et aux pupilles de la nation.<\/p>\n<p class=\" wall-content\">Pour compenser cette hausse des tarifs des abonnements Imagine R, la r\u00e9gion a mis en place en octobre\u00a02024 une <a href=\"https:\/\/actu.fr\/ile-de-france\/paris_75056\/remboursement-d-une-partie-du-pass-navigo-pour-les-lyceens-d-ile-de-france-comment-en-beneficier_61685986.html\" target=\"_blank\" rel=\"noopener\">aide de 100\u00a0euros<\/a>. \u00ab\u2009Sauf que \u00e7a ne compense pas les coupes des d\u00e9partements et les augmentations r\u00e9p\u00e9t\u00e9es d\u2019IDFM, oppose la gauche r\u00e9gionale. \u00c0 titre d\u2019exemple, 100\u2009% des lyc\u00e9ens du Val-de-Marne b\u00e9n\u00e9ficiaient du remboursement, par le d\u00e9partement, de 50\u2009% de leur carte Imagine R \u2013 soit 187,20 \u20ac pour l\u2019ann\u00e9e scolaire 2024-2025. Malgr\u00e9 l\u2019aide r\u00e9gionale de 100 euros, la perte de pouvoir d\u2019achat pour les familles reste de 87,20 euros par lyc\u00e9en.\u2009\u00bb<\/p>\n<p class=\" wall-content\">L\u2019opposition tr\u00e9pigne et augure, pour 2026, que \u00ab\u2009le seuil symbolique des 400 euros annuels pour les forfaits jeunes sera franchi\u2009\u00bb. Pas de quoi r\u00e9jouir Judith.\u00a0<\/p>\n<p class=\" wall-content\">Personnalisez votre actualit\u00e9 en ajoutant vos villes et m\u00e9dias en favori avec <a href=\"https:\/\/moncompte.actu.fr\" title=\"D\u00e9couvez Mon Actu\" rel=\"nofollow noopener\" data-trk=\"{&quot;cta&quot;:{&quot;action&quot;:&quot;https:\\\/\\\/moncompte.actu.fr&quot;,&quot;category&quot;:&quot;mon compte&quot;,&quot;from&quot;:&quot;article footer&quot;,&quot;name&quot;:&quot;Mon actu&quot;,&quot;type&quot;:&quot;cta&quot;}}\" target=\"_blank\">Mon Actu<\/a>.<\/p>\n","protected":false},"excerpt":{"rendered":"Par Julie Bossart Publi\u00e9 le 25 ao\u00fbt 2025 \u00e0 7h40 Retour \u00e0 la r\u00e9alit\u00e9. Tout juste rentr\u00e9s de&hellip;\n","protected":false},"author":2,"featured_media":342152,"comment_status":"","ping_status":"","sticky":false,"template":"","format":"standard","meta":{"footnotes":""},"categories":[1592],"tags":[1111,11,1777,674,1011,27,662,10883,12,626,2922,25,104,2803],"class_list":{"0":"post-342151","1":"post","2":"type-post","3":"status-publish","4":"format-standard","5":"has-post-thumbnail","7":"category-ile-de-france","8":"tag-actu","9":"tag-actualites","10":"tag-eu","11":"tag-europe","12":"tag-fr","13":"tag-france","14":"tag-ile-de-france","15":"tag-ile-de-france-mobilites","16":"tag-news","17":"tag-paris","18":"tag-pouvoir-dachat","19":"tag-republique-francaise","20":"tag-societe","21":"tag-transport"},"share_on_mastodon":{"url":"https:\/\/pubeurope.com\/@fr\/115087862931357524","error":""},"_links":{"self":[{"href":"https:\/\/www.europesays.com\/fr\/wp-json\/wp\/v2\/posts\/342151","targetHints":{"allow":["GET"]}}],"collection":[{"href":"https:\/\/www.europesays.com\/fr\/wp-json\/wp\/v2\/posts"}],"about":[{"href":"https:\/\/www.europesays.com\/fr\/wp-json\/wp\/v2\/types\/post"}],"author":[{"embeddable":true,"href":"https:\/\/www.europesays.com\/fr\/wp-json\/wp\/v2\/users\/2"}],"replies":[{"embeddable":true,"href":"https:\/\/www.europesays.com\/fr\/wp-json\/wp\/v2\/comments?post=342151"}],"version-history":[{"count":0,"href":"https:\/\/www.europesays.com\/fr\/wp-json\/wp\/v2\/posts\/342151\/revisions"}],"wp:featuredmedia":[{"embeddable":true,"href":"https:\/\/www.europesays.com\/fr\/wp-json\/wp\/v2\/media\/342152"}],"wp:attachment":[{"href":"https:\/\/www.europesays.com\/fr\/wp-json\/wp\/v2\/media?parent=342151"}],"wp:term":[{"taxonomy":"category","embeddable":true,"href":"https:\/\/www.europesays.com\/fr\/wp-json\/wp\/v2\/categories?post=342151"},{"taxonomy":"post_tag","embeddable":true,"href":"https:\/\/www.europesays.com\/fr\/wp-json\/wp\/v2\/tags?post=342151"}],"curies":[{"name":"wp","href":"https:\/\/api.w.org\/{rel}","templated":true}]}}