{"id":342161,"date":"2025-08-25T06:00:18","date_gmt":"2025-08-25T06:00:18","guid":{"rendered":"https:\/\/www.europesays.com\/fr\/342161\/"},"modified":"2025-08-25T06:00:18","modified_gmt":"2025-08-25T06:00:18","slug":"le-vice-president-americain-la-russie-a-fait-des-concessions-en-vue-dune-solution-avec-lukraine","status":"publish","type":"post","link":"https:\/\/www.europesays.com\/fr\/342161\/","title":{"rendered":"Le vice-pr\u00e9sident am\u00e9ricain : la Russie a fait des concessions en vue d&rsquo;une solution avec l&rsquo;Ukraine"},"content":{"rendered":"<p>                                                Le vice-pr\u00e9sident am\u00e9ricain : la Russie a fait des concessions en vue d&rsquo;une solution avec l&rsquo;Ukraine                    <\/p>\n<p>                        <img decoding=\"async\" src=\"https:\/\/www.europesays.com\/fr\/wp-content\/uploads\/2025\/08\/v-19-600x360.jpg\" alt=\"\"\/><\/p>\n<p>                        nouvelles<\/p>\n<p>                            <img decoding=\"async\" src=\"https:\/\/www.europesays.com\/fr\/wp-content\/uploads\/2025\/08\/1754177174_227_LogoExpress-96x96.png\" alt=\"\"\/><\/p>\n<p>                        Gazeta Express<br \/>\n                        25\/08\/2025 7:09<\/p>\n<p>Le vice-pr\u00e9sident am\u00e9ricain JD Vance a d\u00e9clar\u00e9 que la Russie avait fait des \u00ab concessions significatives \u00bb en vue d&rsquo;une solution n\u00e9goci\u00e9e \u00e0 sa guerre avec l&rsquo;Ukraine et \u00e9tait convaincu que des progr\u00e8s \u00e9taient r\u00e9alis\u00e9s malgr\u00e9 l&rsquo;absence de progr\u00e8s clairs vers la fin du conflit.<\/p>\n<p>S&rsquo;exprimant lors de l&rsquo;\u00e9mission \u00ab Meet the Press with Kristen Welker \u00bb sur NBC, Vance a d\u00e9clar\u00e9 que le pr\u00e9sident russe Vladimir Poutine avait fait plusieurs concessions, notamment que l&rsquo;Ukraine recevrait des garanties de s\u00e9curit\u00e9 qui la prot\u00e9geraient d&rsquo;une future agression russe.<\/p>\n<p>\u00ab Je pense que les Russes ont fait des concessions significatives au pr\u00e9sident Trump pour la premi\u00e8re fois en trois ans et demi de ce conflit \u00bb, a d\u00e9clar\u00e9 Vance dans des commentaires diffus\u00e9s dimanche.<\/p>\n<p>Ils ont accept\u00e9 de ne pas pouvoir installer un r\u00e9gime fantoche \u00e0 Kiev. C&rsquo;\u00e9tait, bien s\u00fbr, une exigence forte au d\u00e9part. Et surtout, ils ont accept\u00e9 une certaine garantie de s\u00e9curit\u00e9 pour l&rsquo;int\u00e9grit\u00e9 territoriale de l&rsquo;Ukraine.<\/p>\n<p>Le ministre russe des Affaires \u00e9trang\u00e8res Sergue\u00ef Lavrov a d\u00e9clar\u00e9 dans une interview diffus\u00e9e dimanche qu&rsquo;un groupe de nations, dont des membres du Conseil de s\u00e9curit\u00e9 des Nations Unies, devraient \u00eatre les garants de la s\u00e9curit\u00e9 de l&rsquo;Ukraine.<\/p>\n","protected":false},"excerpt":{"rendered":"Le vice-pr\u00e9sident am\u00e9ricain : la Russie a fait des concessions en vue d&rsquo;une solution avec l&rsquo;Ukraine nouvelles Gazeta&hellip;\n","protected":false},"author":2,"featured_media":342162,"comment_status":"","ping_status":"","sticky":false,"template":"","format":"standard","meta":{"footnotes":""},"categories":[1591],"tags":[11,1887,12,1885,1886,132],"class_list":{"0":"post-342161","1":"post","2":"type-post","3":"status-publish","4":"format-standard","5":"has-post-thumbnail","7":"category-russie","8":"tag-actualites","9":"tag-federation-de-russie","10":"tag-news","11":"tag-russia","12":"tag-russian-federation","13":"tag-russie"},"share_on_mastodon":{"url":"https:\/\/pubeurope.com\/@fr\/115087882661688801","error":""},"_links":{"self":[{"href":"https:\/\/www.europesays.com\/fr\/wp-json\/wp\/v2\/posts\/342161","targetHints":{"allow":["GET"]}}],"collection":[{"href":"https:\/\/www.europesays.com\/fr\/wp-json\/wp\/v2\/posts"}],"about":[{"href":"https:\/\/www.europesays.com\/fr\/wp-json\/wp\/v2\/types\/post"}],"author":[{"embeddable":true,"href":"https:\/\/www.europesays.com\/fr\/wp-json\/wp\/v2\/users\/2"}],"replies":[{"embeddable":true,"href":"https:\/\/www.europesays.com\/fr\/wp-json\/wp\/v2\/comments?post=342161"}],"version-history":[{"count":0,"href":"https:\/\/www.europesays.com\/fr\/wp-json\/wp\/v2\/posts\/342161\/revisions"}],"wp:featuredmedia":[{"embeddable":true,"href":"https:\/\/www.europesays.com\/fr\/wp-json\/wp\/v2\/media\/342162"}],"wp:attachment":[{"href":"https:\/\/www.europesays.com\/fr\/wp-json\/wp\/v2\/media?parent=342161"}],"wp:term":[{"taxonomy":"category","embeddable":true,"href":"https:\/\/www.europesays.com\/fr\/wp-json\/wp\/v2\/categories?post=342161"},{"taxonomy":"post_tag","embeddable":true,"href":"https:\/\/www.europesays.com\/fr\/wp-json\/wp\/v2\/tags?post=342161"}],"curies":[{"name":"wp","href":"https:\/\/api.w.org\/{rel}","templated":true}]}}