{"id":342163,"date":"2025-08-25T06:01:16","date_gmt":"2025-08-25T06:01:16","guid":{"rendered":"https:\/\/www.europesays.com\/fr\/342163\/"},"modified":"2025-08-25T06:01:16","modified_gmt":"2025-08-25T06:01:16","slug":"je-veux-faire-respecter-la-verite-ukraine-calomnie-sur-brigitte-les-mises-au-point-demmanuel-macron","status":"publish","type":"post","link":"https:\/\/www.europesays.com\/fr\/342163\/","title":{"rendered":"\u00ab\u00a0Je veux faire respecter la v\u00e9rit\u00e9 \u00bb : Ukraine, calomnie sur Brigitte&#8230; Les mises au point d&rsquo;Emmanuel Macron"},"content":{"rendered":"<p><strong>Emmanuel Macron. :\u00a0<\/strong>En effet, je pense que depuis son arriv\u00e9e au pouvoir, en janvier, nous avons fait changer le pr\u00e9sident Trump. Souvenez-vous du temps o\u00f9 il pensait r\u00e9gler le conflit en vingt-quatre heures. <a href=\"https:\/\/www.parismatch.com\/actu\/international\/dans-les-coulisses-de-laffrontement-trump-zelensky-comment-la-maison-blanche-a-decide-dexpulser-le-president-ukrainien-248111\" rel=\"nofollow noopener\" target=\"_blank\">Souvenez-vous de la sc\u00e8ne d\u2019humiliation du pr\u00e9sident Zelensky dans le bureau Ovale<\/a>. Nous nous sommes lev\u00e9s, en \u00e9tant unis, en tant qu\u2019Europ\u00e9ens, et il l\u2019a pris en compte. Il apporte aussi un atout fondamental face \u00e0 la Russie\u00a0: son impr\u00e9visibilit\u00e9.<\/p>\n<p><strong>En ce sens, peut-il \u00eatre craint davantage que ne l\u2019\u00e9tait Joe Biden\u00a0?<\/strong><\/p>\n<p>En tout cas, il est beaucoup plus impr\u00e9visible, et Poutine en est bien conscient. En bon ancien du KGB et fin psychologue, il cherche d\u2019ailleurs \u00e0 le flatter par toutes sortes de compliments. Mais Donald Trump a compris que la Russie n\u2019est pas aussi simple qu\u2019il le croyait. Le grand changement des derniers jours, c\u2019est qu\u2019il a pris acte qu\u2019il faut garantir la s\u00e9curit\u00e9 de l\u2019Ukraine.<\/p>\n<p><strong>La France s\u2019est-elle enferm\u00e9e dans une posture face \u00e0 la Russie, en \u00e9tant tr\u00e8s morale mais irr\u00e9aliste\u2009? Poutine revient dans le jeu, alors qu\u2019on le voyait comme un paria. Chirac, ou avant lui de Gaulle, avaient eu des politiques nuanc\u00e9es \u00e0 l\u2019\u00e9gard de la Russie. Chirac \u00e9tait m\u00eame proche de Poutine.<\/strong><\/p>\n<p>    La suite apr\u00e8s cette publicit\u00e9<\/p>\n<p>C\u2019\u00e9tait un autre Poutine.\u00a0<\/p>\n<p><strong>Il avait d\u00e9j\u00e0 \u00e9cras\u00e9 la Tch\u00e9tch\u00e9nie dans le sang&#8230;\u00a0<\/strong><\/p>\n<p>Mais il n\u2019avait pas encore bascul\u00e9 dans une politique de d\u00e9stabilisation syst\u00e9matique \u00e0 l\u2019\u00e9gard de l\u2019Europe. Angela Merkel me l\u2019avait confi\u00e9 aussi. Elle a vu le moment o\u00f9 il s\u2019est mis \u00e0 nous mentir sans cesse, au tournant de 2007-2008. Quant \u00e0 remonter \u00e0 de Gaulle, il faut relire les excellents livres d\u2019H\u00e9l\u00e8ne Carr\u00e8re d\u2019Encausse. Il voulait faire contrepoids aux \u00c9tats-Unis mais a toujours \u00e9t\u00e9 d\u2019une clart\u00e9 parfaite contre les pouvoirs communistes russes. Tout cela n\u2019emp\u00eache pas un infini respect pour la culture russe.<\/p>\n<blockquote class=\"citation\">\n<p>La diplomatie, ce n\u2019est pas la morale<\/p>\n<p>\u00a0<\/p>\n<\/blockquote>\n<p><strong><a href=\"https:\/\/www.parismatch.com\/actu\/international\/un-sommet-entre-zelensky-et-poutine-en-preparation-255748\" rel=\"nofollow noopener\" target=\"_blank\">Un prochain sommet pourrait se tenir avec les pr\u00e9sidents Trump, Zelensky et Poutine.<\/a> Vous plaidez pour que les Europ\u00e9ens y soient.Pourrez-vous serrer la main de Poutine apr\u00e8s ce qui s\u2019est pass\u00e9, apr\u00e8s les crimes de guerre\u2009?<\/strong><\/p>\n<p>Oui, parce que je suis pragmatique. La diplomatie, ce n\u2019est pas la morale. Par cons\u00e9quent, il faut parler avec les gens, m\u00eame quand on ne partage pas leurs valeurs. Je pourrai lui serrer la main et essayer d\u2019avoir les meilleurs accords possibles, mais il faut se donner les moyens aussi de se faire respecter.<\/p>\n<p>    <img decoding=\"async\" src=\"https:\/\/www.europesays.com\/fr\/wp-content\/uploads\/2025\/08\/sc_20250818_65d9801.jpg\" alt=\"Darius Rochebin et Emmanuel Macron \u00e0 Washington le 18 ao\u00fbt.\" loading=\"lazy\"\/><\/p>\n<p>\n      Darius Rochebin et Emmanuel Macron \u00e0 Washington le 18 ao\u00fbt.<\/p>\n<p>                                \u00a9 Yuri Gripas\/ABACAPRESS<\/p>\n<p><strong>De son c\u00f4t\u00e9, Trump matraque l\u2019Europe de droits de douane, aspire ses capitaux. Veut-il sciemment casser l\u2019Union Europ\u00e9enne\u2009?<\/strong><\/p>\n<p>Il a surtout la volont\u00e9 d\u2019enrichir les \u00c9tats-Unis, et on ne peut pas le lui reprocher. Il est vrai qu\u2019il d\u00e9teste l\u2019Europe comme entit\u00e9, mais il respecte des pays comme la France.<\/p>\n<p><strong>Pourquoi d\u00e9tester \u00e0 ce point l\u2019Europe\u2009?<\/strong><\/p>\n<p>Par id\u00e9ologie.<\/p>\n<p><strong>Il vous vanne parfois durement mais il ne se permet pas avec vous ce qu\u2019il ose avec d\u2019autres, comme avec le Premier ministre anglais Starmer, par exemple.\u00a0<\/strong><\/p>\n<p>Nous nous connaissons depuis longtemps. Je lui parle franchement. Il est arriv\u00e9 que le ton monte entre nous, mais contrairement \u00e0 d\u2019autres, je ne me moque jamais de lui. Je ne suis jamais familier. Je sais qu\u2019il poursuit des objectifs clairs, id\u00e9ologiques, et je ne le sous-estime jamais.<\/p>\n<p>    <img decoding=\"async\" src=\"https:\/\/www.europesays.com\/fr\/wp-content\/uploads\/2025\/08\/sc_20250818_66d9969.jpg\" alt=\"Emmanuel Macron r\u00e9pond aux questions de Darius Rochebin pour Paris Match\" loading=\"lazy\"\/><\/p>\n<p>\n      Emmanuel Macron r\u00e9pond aux questions de Darius Rochebin pour Paris Match<\/p>\n<p>                                \u00a9 Yuri Gripas\/ABACAPRESS<\/p>\n<p><strong>Le fait que vous ayez exerc\u00e9 un \u201cvrai m\u00e9tier\u201d avant la politique a\u2013t-il compt\u00e9 \u00e0 ses yeux\u2009?<\/strong><\/p>\n<p>Sans doute, le fait que j\u2019ai travaill\u00e9 dans la finance.<\/p>\n<p><strong>Il y a entre vos deux couples des moments de complicit\u00e9 \u00e9tonnants qui contrastent avec les tensions politiques.<\/strong><\/p>\n<p>Je l\u2019ai emmen\u00e9 voir les Invalides. <a href=\"https:\/\/www.parismatch.com\/Actu\/Politique\/Brigitte-et-Emmanuel-Macron-ont-accueilli-le-couple-Trump-aux-Invalides-1307429\" rel=\"nofollow noopener\" target=\"_blank\">Brigitte, Melania, lui et moi avons vu le tombeau de l\u2019Empereur. <\/a>Il ne faut jamais caricaturer Trump. Il sait appr\u00e9cier l\u2019histoire de France. Brigitte avait emmen\u00e9 Melania voir la Sainte Couronne. Elle a un r\u00f4le r\u00e9el aupr\u00e8s de lui, elle est une voix qui p\u00e8se, en particulier sur le plan humanitaire.<\/p>\n<p><strong>Les milieux nationalistes am\u00e9ricains vous sont hostiles. <a href=\"https:\/\/www.parismatch.com\/actu\/international\/emmanuel-et-brigitte-macron-attaquent-en-justice-une-influenceuse-americaine-pour-diffamation-254690\" rel=\"nofollow noopener\" target=\"_blank\">Vous avez d\u00e9cid\u00e9 de d\u00e9poser plainte contre Candace Owens<\/a>, l\u2019influenceuse qui propage la rumeur selon laquelle\u00a0 votre \u00e9pouse serait un homme. Cela rompt avec un usage r\u00e9pandu chez les chefs d\u2019\u00c9tat, celui de ne pas r\u00e9agir \u00e0 ce genre d\u2019attaques.<\/strong><\/p>\n<p>Oui, il y avait une tradition consistant \u00e0 dire\u00a0: il faut laisser couler. C\u2019est ce que nous avons fait au d\u00e9but. Au d\u00e9but, c\u2019\u00e9tait en France. On nous a recommand\u00e9 de ne pas d\u00e9poser plainte. Cela risquait de provoquer un \u201ceffet Streisand\u201d, qui attire encore plus l\u2019attention sur ces mensonges. Mais cela a pris une telle ampleur aux \u00c9tats-Unis que nous nous devions de r\u00e9agir. Il est question de faire respecter la v\u00e9rit\u00e9. On parle de l\u2019\u00e9tat civil de la Premi\u00e8re dame de France, d\u2019une \u00e9pouse, d\u2019une m\u00e8re de famille, d\u2019une grand-m\u00e8re. Ce n\u2019est pas la libert\u00e9 de parole que de vouloir emp\u00eacher de restaurer la v\u00e9rit\u00e9. Ceux qui vous parlent de cette pr\u00e9tendue libert\u00e9 de parole sont ceux qui interdisent des journalistes dans le bureau Ovale. Je n\u2019accepte pas cela.<\/p>\n<p><strong>Vous irez donc jusqu\u2019au bout dans ce combat pour obtenir condamnation\u2009?<\/strong><\/p>\n<p>Bien s\u00fbr\u00a0! Il s\u2019agit de d\u00e9fendre mon honneur\u00a0! Parce que c\u2019est n\u2019importe quoi. C\u2019est quelqu\u2019un qui savait tr\u00e8s bien qu\u2019elle d\u00e9tenait des informations fausses et le faisait dans le but de nuire, au service d\u2019une id\u00e9ologie et avec des connexions \u00e9tablies avec des dirigeants d\u2019extr\u00eame-droite.<\/p>\n<blockquote class=\"citation\">\n<p>Pourquoi cohabitation\u2009? Non. Fran\u00e7ois Bayrou, c\u2019est mon ami.<\/p>\n<p>\u00a0<\/p>\n<\/blockquote>\n<p><strong>Vous \u00eates omnipr\u00e9sent sur la sc\u00e8ne internationale mais votre situation est plus compliqu\u00e9e en politique int\u00e9rieure, avec cette demi-cohabitation un peu \u00e9trange. Un Premier ministre centriste, des ministres LR qui vous sont d\u00e9favorables\u2026<\/strong><\/p>\n<p>Pourquoi cohabitation\u2009? Non. Fran\u00e7ois Bayrou, c\u2019est mon ami. Il y a une coalition plus large, et voil\u00e0 tout.<\/p>\n<p><strong>Il y a aussi quelques membres de Renaissance qui vous sont moins fid\u00e8les, \u00e0 vingt mois de la fin du quinquennat\u2026<\/strong><\/p>\n<p>\u00c7a, c\u2019est ce que j\u2019appelle \u201cla vie des b\u00eates\u201d. [Il rit.]<\/p>\n<p><strong>Est-ce qu\u2019il vous arrive d\u2019\u00eatre tent\u00e9 par une nouvelle dissolution, pour tenter une clarification, retourner aux fondamentaux de la Ve\u00a0R\u00e9publique et \u00e0 une majorit\u00e9 vraie\u00a0?<\/strong><\/p>\n<p>Non. <a href=\"https:\/\/www.parismatch.com\/actu\/politique\/voeux-du-nouvel-emmanuel-macron-reconnait-que-la-dissolution-apporte-davantage-de-divisions-que-de-solutions-245305\" rel=\"nofollow noopener\" target=\"_blank\">La dissolution, je l\u2019ai faite, je m\u2019en suis expliqu\u00e9.<\/a> J\u2019ai \u00e9t\u00e9 huit ans aux responsabilit\u00e9s en continu, sans alternance, sans perte de majorit\u00e9 au Parlement. Cela n\u2019\u00e9tait jamais arriv\u00e9 depuis le g\u00e9n\u00e9ral de Gaulle et je ne me compare pas \u00e0 lui. C\u2019\u00e9tait une autre \u00e9poque. Il y avait l\u2019ORTF. On soumettait m\u00eame les programmes au pouvoir\u2009! Maintenant, en 2025, apr\u00e8s la dissolution, on a un Parlement qui refl\u00e8te les fractures du pays. C\u2019est aux responsables politiques de savoir travailler ensemble. Regardez ce qui se passe en Allemagne. C\u2019est ainsi que s\u2019organise la coalition du chancelier Merz.<\/p>\n<p><strong>Vous esp\u00e9rez donc que ce gouvernement Bayrou tienne jusqu\u2019\u00e0 la fin de votre mandat\u00a0?<\/strong><\/p>\n<p>Oui, je l\u2019esp\u00e8re. Je vous l\u2019ai dit, il est mon ami. Je le connais intimement. C\u2019est mon compagnon de route. Il a les capacit\u00e9s pour tenir ce gouvernement qui n\u2019est pas habituel. Et je pense que le plan qu\u2019il a propos\u00e9, que nous avons longuement pr\u00e9par\u00e9 ensemble, et qu\u2019il a travaill\u00e9 avec ses ministres, est un bon plan. Il est lucide et courageux.\u00a0<\/p>\n<p><strong>S\u2019il chute sur ce budget, la s\u00e9curit\u00e9 \u00e9conomique du pays sera-t-elle en danger\u00a0?<\/strong><\/p>\n<p><a href=\"https:\/\/www.parismatch.com\/actu\/politique\/budget-2026-40-milliards-deuros-ou-que-ca-saute-253707\" rel=\"nofollow noopener\" target=\"_blank\">Les responsables politiques doivent vraiment faire attention \u00e0 ce qu\u2019ils feront.<\/a> Dans le contexte international, le pays a vraiment besoin de stabilit\u00e9. Donc pas de coups politiques. Et du courage pour prendre les d\u00e9cisions fortes.<\/p>\n<p><strong>\u00c0 Washington, lundi, vous aviez la priorit\u00e9 protocolaire due au doyen des chefs d\u2019\u00c9tat pr\u00e9sents, alors que vous n\u2019avez que 47\u00a0ans\u2026<\/strong><\/p>\n<p>C\u2019est le cours des ann\u00e9es\u2026 Je suis pass\u00e9 au travers de tant de crises\u2009!<\/p>\n<p><strong>Est-ce que vous aurez forc\u00e9ment envie de revenir en 2032\u2009?\u00a0<\/strong><\/p>\n<p>J\u2019ai forc\u00e9ment envie de faire un maximum de choses d\u2019ici 2027. Et je dis \u00e0 ceux qui se voient d\u00e9j\u00e0 en mai\u00a02027\u2009: m\u00e9fiez-vous. Moi, j\u2019ai connu des gens \u00e0 l\u2019\u00e9t\u00e9 2015 qui se projetaient d\u00e9j\u00e0 \u00e0 l\u2019\u00e9t\u00e9 2017 et qui n\u2019\u00e9taient plus l\u00e0 en 2017.\u00a0<\/p>\n","protected":false},"excerpt":{"rendered":"Emmanuel Macron. :\u00a0En effet, je pense que depuis son arriv\u00e9e au pouvoir, en janvier, nous avons fait changer&hellip;\n","protected":false},"author":2,"featured_media":342164,"comment_status":"","ping_status":"","sticky":false,"template":"","format":"standard","meta":{"footnotes":""},"categories":[1590],"tags":[11,1777,674,12,220],"class_list":{"0":"post-342163","1":"post","2":"type-post","3":"status-publish","4":"format-standard","5":"has-post-thumbnail","7":"category-ukraine","8":"tag-actualites","9":"tag-eu","10":"tag-europe","11":"tag-news","12":"tag-ukraine"},"share_on_mastodon":{"url":"https:\/\/pubeurope.com\/@fr\/115087886514164551","error":""},"_links":{"self":[{"href":"https:\/\/www.europesays.com\/fr\/wp-json\/wp\/v2\/posts\/342163","targetHints":{"allow":["GET"]}}],"collection":[{"href":"https:\/\/www.europesays.com\/fr\/wp-json\/wp\/v2\/posts"}],"about":[{"href":"https:\/\/www.europesays.com\/fr\/wp-json\/wp\/v2\/types\/post"}],"author":[{"embeddable":true,"href":"https:\/\/www.europesays.com\/fr\/wp-json\/wp\/v2\/users\/2"}],"replies":[{"embeddable":true,"href":"https:\/\/www.europesays.com\/fr\/wp-json\/wp\/v2\/comments?post=342163"}],"version-history":[{"count":0,"href":"https:\/\/www.europesays.com\/fr\/wp-json\/wp\/v2\/posts\/342163\/revisions"}],"wp:featuredmedia":[{"embeddable":true,"href":"https:\/\/www.europesays.com\/fr\/wp-json\/wp\/v2\/media\/342164"}],"wp:attachment":[{"href":"https:\/\/www.europesays.com\/fr\/wp-json\/wp\/v2\/media?parent=342163"}],"wp:term":[{"taxonomy":"category","embeddable":true,"href":"https:\/\/www.europesays.com\/fr\/wp-json\/wp\/v2\/categories?post=342163"},{"taxonomy":"post_tag","embeddable":true,"href":"https:\/\/www.europesays.com\/fr\/wp-json\/wp\/v2\/tags?post=342163"}],"curies":[{"name":"wp","href":"https:\/\/api.w.org\/{rel}","templated":true}]}}