{"id":342167,"date":"2025-08-25T06:03:18","date_gmt":"2025-08-25T06:03:18","guid":{"rendered":"https:\/\/www.europesays.com\/fr\/342167\/"},"modified":"2025-08-25T06:03:18","modified_gmt":"2025-08-25T06:03:18","slug":"royaume-uni-tiktok-confie-sa-moderation-a-lia","status":"publish","type":"post","link":"https:\/\/www.europesays.com\/fr\/342167\/","title":{"rendered":"Royaume-Uni : TikTok confie sa mod\u00e9ration \u00e0 l\u2019IA"},"content":{"rendered":"<p>Dans le cadre de son plan mondial en faveur de l\u2019IA, le r\u00e9seau social TikTok va r\u00e9organiser son service de mod\u00e9ration de contenus au Royaume-Uni.<\/p>\n<p>Les mod\u00e9rateurs sont charg\u00e9s d\u2019emp\u00eacher la publication sur la plateforme de contenus v\u00e9hiculant les incitations \u00e0 la haine, la d\u00e9sinformation ou encore la pornographie.<\/p>\n<p>Avanc\u00e9es technologiques<\/p>\n<p>\u00ab Nous poursuivons une r\u00e9organisation entam\u00e9e l\u2019an dernier \u00bb sur les services de mod\u00e9ration, a expliqu\u00e9 un porte-parole de TikTok, avant d\u2019ajouter : \u00ab Celle-ci implique de concentrer nos op\u00e9rations sur un plus petit nombre de sites \u00e0 l\u2019\u00e9chelle mondiale (\u2026) tout en faisant \u00e9voluer cette fonction essentielle pour l\u2019entreprise gr\u00e2ce aux avanc\u00e9es technologiques \u00bb, dont l\u2019IA.<\/p>\n<p>Cette r\u00e9organisation mondiale s\u2019inscrit dans une tendance g\u00e9n\u00e9rale des r\u00e9seaux sociaux \u00e0 r\u00e9duire leur recours aux employ\u00e9s pour se tourner davantage vers l\u2019IA.<\/p>\n<p>TikTok pr\u00e9cise toutefois que certaines fonctions de mod\u00e9ration resteront au Royaume-Uni et que les mod\u00e9rateurs touch\u00e9s seront prioritaires sur les offres internes ou pourront \u00eatre r\u00e9affect\u00e9s vers d\u2019autres sites europ\u00e9ens ou des prestataires externes.<\/p>\n<p>Sonnette d\u2019alarme<\/p>\n<p>TikTok assure que gr\u00e2ce \u00e0 ses technologies de mod\u00e9ration, 85% des contenus retir\u00e9s pour violation de ses r\u00e8gles le sont automatiquement.<\/p>\n<p>Mais de son c\u00f4t\u00e9, John Chadfield, responsable national pour le secteur technologique au syndicat CWU, assure que \u00ab les employ\u00e9s de TikTok tirent depuis longtemps la sonnette d\u2019alarme sur les cons\u00e9quences \u00bb de ces IA mod\u00e9ratrices, \u00ab d\u00e9velopp\u00e9es \u00e0 la h\u00e2te et encore immatures \u00bb.<\/p>\n<p>\u00ab Cette d\u00e9cision mettra en danger des millions d\u2019utilisateurs britanniques \u00bb, a-t-il ajout\u00e9.<\/p>\n","protected":false},"excerpt":{"rendered":"Dans le cadre de son plan mondial en faveur de l\u2019IA, le r\u00e9seau social TikTok va r\u00e9organiser son&hellip;\n","protected":false},"author":2,"featured_media":342168,"comment_status":"","ping_status":"","sticky":false,"template":"","format":"standard","meta":{"footnotes":""},"categories":[1588],"tags":[11,1777,674,14,12,473,1853,1851,1850,1852],"class_list":{"0":"post-342167","1":"post","2":"type-post","3":"status-publish","4":"format-standard","5":"has-post-thumbnail","7":"category-royaume-uni","8":"tag-actualites","9":"tag-eu","10":"tag-europe","11":"tag-international","12":"tag-news","13":"tag-royaume-uni","14":"tag-royaume-uni-de-grande-bretagne-et-dirlande-du-nord","15":"tag-uk","16":"tag-united-kingdom","17":"tag-united-kingdom-of-great-britain-and-northern-ireland"},"share_on_mastodon":{"url":"https:\/\/pubeurope.com\/@fr\/115087894343032400","error":""},"_links":{"self":[{"href":"https:\/\/www.europesays.com\/fr\/wp-json\/wp\/v2\/posts\/342167","targetHints":{"allow":["GET"]}}],"collection":[{"href":"https:\/\/www.europesays.com\/fr\/wp-json\/wp\/v2\/posts"}],"about":[{"href":"https:\/\/www.europesays.com\/fr\/wp-json\/wp\/v2\/types\/post"}],"author":[{"embeddable":true,"href":"https:\/\/www.europesays.com\/fr\/wp-json\/wp\/v2\/users\/2"}],"replies":[{"embeddable":true,"href":"https:\/\/www.europesays.com\/fr\/wp-json\/wp\/v2\/comments?post=342167"}],"version-history":[{"count":0,"href":"https:\/\/www.europesays.com\/fr\/wp-json\/wp\/v2\/posts\/342167\/revisions"}],"wp:featuredmedia":[{"embeddable":true,"href":"https:\/\/www.europesays.com\/fr\/wp-json\/wp\/v2\/media\/342168"}],"wp:attachment":[{"href":"https:\/\/www.europesays.com\/fr\/wp-json\/wp\/v2\/media?parent=342167"}],"wp:term":[{"taxonomy":"category","embeddable":true,"href":"https:\/\/www.europesays.com\/fr\/wp-json\/wp\/v2\/categories?post=342167"},{"taxonomy":"post_tag","embeddable":true,"href":"https:\/\/www.europesays.com\/fr\/wp-json\/wp\/v2\/tags?post=342167"}],"curies":[{"name":"wp","href":"https:\/\/api.w.org\/{rel}","templated":true}]}}