{"id":342179,"date":"2025-08-25T06:10:19","date_gmt":"2025-08-25T06:10:19","guid":{"rendered":"https:\/\/www.europesays.com\/fr\/342179\/"},"modified":"2025-08-25T06:10:19","modified_gmt":"2025-08-25T06:10:19","slug":"lequipe-legion-xii-de-jon-rahm-simpose-dans-une-finale-aux-faux-airs-de-ryder-cup","status":"publish","type":"post","link":"https:\/\/www.europesays.com\/fr\/342179\/","title":{"rendered":"L&rsquo;\u00e9quipe Legion XII de Jon Rahm s&rsquo;impose dans une finale aux faux airs de Ryder Cup"},"content":{"rendered":"<p>\t\t\t\t\t\t<img width=\"770\" height=\"556\" src=\"https:\/\/www.europesays.com\/fr\/wp-content\/uploads\/2025\/08\/mi_08_24_25_msa_5895-770x556.jpg\" class=\"img-responsive wp-post-image\" alt=\"Photo by Mike Stobe\/LIV Golf\" decoding=\"async\" fetchpriority=\"high\"  \/>\t\t\t\t\t<\/p>\n<p>\t\t\t\t\t\t Partager cet article <\/p>\n<p class=\"screen-reader-text juiz_sps_maybe_hidden_text\">Partager la publication \u00ab\u00a0L\u2019\u00e9quipe Legion XII de Jon Rahm s\u2019impose dans une finale aux faux airs de Ryder Cup\u00a0\u00bb<\/p>\n<p><strong>Le LIV Golf Michigan 2025 a consacr\u00e9 Jon Rahm et Legion XIII dans une finale par \u00e9quipes marqu\u00e9e par une ambiance rappelant la Ryder Cup et des confrontations m\u00e9morables. D\u00e9j\u00e0 sacr\u00e9 individuellement, le Basque devrait recevoir l\u2019une des six invitations pour l\u2019\u00e9preuve lundi prochain.\u00a0<\/strong><\/p>\n<p><strong>\u00a0<\/strong><\/p>\n<p><strong>Jon Rahm<\/strong> et son \u00e9quipe <strong>Legion XIII<\/strong> ont remport\u00e9 le <strong>LIV Golf Michigan Team Championship<\/strong> au terme d\u2019un playoff haletant face aux <strong>Crushers GC<\/strong>, dans une finale par \u00e9quipes qui a pris des airs de <strong>Ryder Cup<\/strong> tant l\u2019intensit\u00e9 et la dramaturgie \u00e9taient palpables sur chaque green.<\/p>\n<p><a href=\"https:\/\/www.livgolf.com\/leaderboard\" target=\"_blank\" rel=\"noopener nofollow\">Retrouvez les r\u00e9sultats complets<\/a><\/p>\n<p>Au premier trou de barrage, le court par 4 du 18 du <strong>Cardinal at Saint John\u2019s<\/strong>, le capitaine du Crushers GC, <strong>Bryson DeChambeau<\/strong>, et <strong>Tyrrell Hatton<\/strong>, du Legion XIII, ont sign\u00e9 des birdies, tandis que son capitaine, Jon Rahm, et <strong>Paul Casey<\/strong>, du Crushers GC, ont enregistr\u00e9 des pars. Les joueurs sont retourn\u00e9s au 18e trou pour le 2e trou de playoff, Jon Rahm et Tyrrell Hatton signant des birdies tandis que Bryson DeChambeau et Paul Casey devaient se contenter de pars.<\/p>\n<p><strong>\u00a0<\/strong><\/p>\n<\/p>\n<p>\t\t\t\t\t<a id=\"180462\" href=\"https:\/\/www.makilas-golftour.com\/sejour\/makilas-agadir-2023-2-2\/\" target=\"_blank\" rel=\"sponsorised nofollow noopener\"><img decoding=\"async\" src=\"data:image\/svg+xml,%3Csvg%20xmlns=\" http:=\"\" class=\"img-responsive\" alt=\"\" data-lazy-src=\"https:\/\/www.europesays.com\/fr\/wp-content\/uploads\/2025\/07\/challengeorganisation-e01-rencontres-agadir-1170x275-1.jpeg\"\/><\/a><br \/>\nUn arri\u00e8re-go\u00fbt de Ryder Cup<\/p>\n<p>M\u00eame si la finale a \u00e9t\u00e9 disput\u00e9e en stroke play, le reste de la comp\u00e9tition l\u2019a \u00e9t\u00e9 en match play, la tension et les chants des spectateurs ajoutant une dimension de confrontation par \u00e9quipes rappelant les grands rendez-vous du golf mondial.<\/p>\n<p><a href=\"https:\/\/www.golfplanete.com\/actualites\/liv-golf-indianapolis-jon-rahm-encore-deuxieme-mais-sacre-individuellement\/\" rel=\"nofollow noopener\" target=\"_blank\">Couronn\u00e9 individuellement<\/a> pour la deuxi\u00e8me fois cons\u00e9cutive malgr\u00e9 l\u2019absence de victoire sur un seul tournoi cette saison, Jon Rahm, a conserv\u00e9 son sang-froid et son leadership. Notamment lors de sa joute avec <strong>Phil Mickelson<\/strong>, d\u00e9cisive dans la qualification de son \u00e9quipe pour la finale \u00e0 trois avec le Crushers GC et le <strong>Stinger GC<\/strong>.<\/p>\n<p>\u00ab J\u2019ai eu le sentiment d\u2019\u00eatre un outsider aujourd\u2019hui parce que tout le monde voulait que Phil gagne. C\u2019est une exp\u00e9rience assez \u00e9trange, mais c\u2019\u00e9tait plaisant de jouer le r\u00f4le du vilain, d\u2019une certaine mani\u00e8re, avait-il comment\u00e9 \u00e0 l\u2019issue de sa victoire \u00e9triqu\u00e9e. C\u2019est un tr\u00e8s bon ami. On ne veut jamais battre un ami. D\u2019une mani\u00e8re \u00e9trange, cela fait plaisir, car Phil et moi entretenons une rivalit\u00e9 amicale. C\u2019est un sentiment \u00e9trange, mais je suis fier de moi et de la fa\u00e7on dont je me suis battu aujourd\u2019hui. \u00bb<\/p>\n<p>\t\t\t\t\t<a id=\"181972\" href=\"https:\/\/www.azurgolftravel.com\/proamdepalsoct25\" target=\"_blank\" rel=\"sponsorised nofollow noopener\"><img decoding=\"async\" src=\"data:image\/svg+xml,%3Csvg%20xmlns=\" http:=\"\" class=\"img-responsive\" alt=\"\" data-lazy-src=\"https:\/\/www.europesays.com\/fr\/wp-content\/uploads\/2025\/08\/azurgolftravel-e01-proam-catalogne-1170x275-1.jpeg\"\/><\/a><\/p>\n<blockquote class=\"twitter-tweet\">\n<p dir=\"ltr\" lang=\"en\">.<a href=\"https:\/\/twitter.com\/JonRahmOfficial?ref_src=twsrc%5Etfw\" rel=\"nofollow noopener\" target=\"_blank\">@JonRahmOfficial<\/a> got the win today\u2026and the last word over Phil \ud83d\ude05<a href=\"https:\/\/twitter.com\/hashtag\/LIVGolfMichigan?src=hash&amp;ref_src=twsrc%5Etfw\" rel=\"nofollow noopener\" target=\"_blank\">#LIVGolfMichigan<\/a> <a href=\"https:\/\/twitter.com\/LegionXIIIgc?ref_src=twsrc%5Etfw\" rel=\"nofollow noopener\" target=\"_blank\">@LegionXIIIgc<\/a> <a href=\"https:\/\/t.co\/uxVfGavafb\" rel=\"nofollow\">pic.twitter.com\/uxVfGavafb<\/a><\/p>\n<p>\u2014 LIV Golf (@livgolf_league) <a href=\"https:\/\/twitter.com\/livgolf_league\/status\/1959365070170865941?ref_src=twsrc%5Etfw\" rel=\"nofollow noopener\" target=\"_blank\">August 23, 2025<\/a><\/p>\n<\/blockquote>\n<p><strong>\u00a0<\/strong><\/p>\n<p>Rendez-vous \u00e0 Bethpage Black pour Rahm, DeChambeau et Hatton<\/p>\n<p>Jon Rahm a continu\u00e9 de marquer des points parmi les joueurs du LIV susceptibles de recevoir une wild card pour la Ryder Cup, contrairement au recordman de points dans l\u2019\u00e9preuve, <strong>Sergio Garcia<\/strong>, et <strong>Brooks Koepka<\/strong>.<\/p>\n<p>Ce dernier, notamment, s\u2019est \u00e9tonn\u00e9 que Bryson DeChambeau aligne <strong>Anirban Lahiri<\/strong> face \u00e0 lui en demi-finales. \u00ab\u00a0Je ne sais pas de quoi il a eu peur\u00a0\u00bb, avait comment\u00e9 l\u2019Am\u00e9ricain.<\/p>\n<p>Bryson DeChambeau et Tyrrell Hatton, pour leur part, \u00e9taient d\u00e9j\u00e0 automatiquement qualifi\u00e9s.<\/p>\n<p>\t\t\t\t\t<a id=\"182585\" href=\"https:\/\/www.golfcapdagde.com\/\" target=\"_blank\" rel=\"sponsorised nofollow noopener\"><img decoding=\"async\" src=\"data:image\/svg+xml,%3Csvg%20xmlns=\" http:=\"\" class=\"img-responsive\" alt=\"\" data-lazy-src=\"https:\/\/www.europesays.com\/fr\/wp-content\/uploads\/2025\/06\/capdagdegolf-e01-experience-golf-1170x275-1.gif\"\/><\/a><br \/>\nLe leaderboard<\/p>\n<p><img loading=\"lazy\" decoding=\"async\" class=\"alignnone size-image-largeur-770 wp-image-183327\" src=\"data:image\/svg+xml,%3Csvg%20xmlns=\" http:=\"\" alt=\"\" width=\"770\" height=\"431\" data-lazy- data-lazy- data-lazy-src=\"https:\/\/www.europesays.com\/fr\/wp-content\/uploads\/2025\/08\/liv-golf-michigan-770x431.jpg\"\/><\/p>\n<p>\t\t\t\t<img loading=\"lazy\" decoding=\"async\" src=\"data:image\/svg+xml,%3Csvg%20xmlns=\" http:=\"\" attributionsrc=\"\" border=\"0\" height=\"1\" width=\"1\" alt=\"Advertisement\" data-lazy-src=\"https:\/\/www.europesays.com\/fr\/wp-content\/uploads\/2025\/07\/B33047934.424844132;dc_trk_aid=615928068;dc_trk_cid=236605808;ord=[timestamp];dc_lat=;dc_rdid=;tag_f.gif\"\/><\/p>\n<p>\t\t\t\t\t<a id=\"179415\" href=\"https:\/\/ad.doubleclick.net\/ddm\/trackclk\/N1153799.3770024GOLFPLANATE\/B33047934.424844132;dc_trk_aid=615928068;dc_trk_cid=236605808;dc_lat=;dc_rdid=;tag_for_child_directed_treatment=;tfua=;gdpr=${GDPR};gdpr_consent=${GDPR_CONSENT_755};ltd=;dc_tdv=1\" target=\"_blank\" rel=\"sponsorised nofollow noopener\"><img decoding=\"async\" src=\"data:image\/svg+xml,%3Csvg%20xmlns=\" http:=\"\" class=\"img-responsive\" alt=\"\" data-lazy-src=\"https:\/\/www.europesays.com\/fr\/wp-content\/uploads\/2025\/07\/callaway-e01-apex-v1-770x385-1.jpg\"\/><\/a><\/p>\n<p>Photo\u00a0: Mike Stobe\/LIV Golf<\/p>\n<p>\t\t\t<script async src=\"https:\/\/platform.twitter.com\/widgets.js\" charset=\"utf-8\"><\/script><\/p>\n","protected":false},"excerpt":{"rendered":"Partager cet article Partager la publication \u00ab\u00a0L\u2019\u00e9quipe Legion XII de Jon Rahm s\u2019impose dans une finale aux faux&hellip;\n","protected":false},"author":2,"featured_media":342180,"comment_status":"","ping_status":"","sticky":false,"template":"","format":"standard","meta":{"footnotes":""},"categories":[1418],"tags":[1011,27,1472,60],"class_list":{"0":"post-342179","1":"post","2":"type-post","3":"status-publish","4":"format-standard","5":"has-post-thumbnail","7":"category-golf","8":"tag-fr","9":"tag-france","10":"tag-golf","11":"tag-sports"},"share_on_mastodon":{"url":"https:\/\/pubeurope.com\/@fr\/115087921854421586","error":""},"_links":{"self":[{"href":"https:\/\/www.europesays.com\/fr\/wp-json\/wp\/v2\/posts\/342179","targetHints":{"allow":["GET"]}}],"collection":[{"href":"https:\/\/www.europesays.com\/fr\/wp-json\/wp\/v2\/posts"}],"about":[{"href":"https:\/\/www.europesays.com\/fr\/wp-json\/wp\/v2\/types\/post"}],"author":[{"embeddable":true,"href":"https:\/\/www.europesays.com\/fr\/wp-json\/wp\/v2\/users\/2"}],"replies":[{"embeddable":true,"href":"https:\/\/www.europesays.com\/fr\/wp-json\/wp\/v2\/comments?post=342179"}],"version-history":[{"count":0,"href":"https:\/\/www.europesays.com\/fr\/wp-json\/wp\/v2\/posts\/342179\/revisions"}],"wp:featuredmedia":[{"embeddable":true,"href":"https:\/\/www.europesays.com\/fr\/wp-json\/wp\/v2\/media\/342180"}],"wp:attachment":[{"href":"https:\/\/www.europesays.com\/fr\/wp-json\/wp\/v2\/media?parent=342179"}],"wp:term":[{"taxonomy":"category","embeddable":true,"href":"https:\/\/www.europesays.com\/fr\/wp-json\/wp\/v2\/categories?post=342179"},{"taxonomy":"post_tag","embeddable":true,"href":"https:\/\/www.europesays.com\/fr\/wp-json\/wp\/v2\/tags?post=342179"}],"curies":[{"name":"wp","href":"https:\/\/api.w.org\/{rel}","templated":true}]}}