{"id":342200,"date":"2025-08-25T06:25:11","date_gmt":"2025-08-25T06:25:11","guid":{"rendered":"https:\/\/www.europesays.com\/fr\/342200\/"},"modified":"2025-08-25T06:25:11","modified_gmt":"2025-08-25T06:25:11","slug":"anticor-organise-un-cine-debat-autour-du-documentaire-personne-ny-comprend-rien-sur-laffaire-sarkozy-kadhafi-le-jsl","status":"publish","type":"post","link":"https:\/\/www.europesays.com\/fr\/342200\/","title":{"rendered":"Anticor organise un cin\u00e9-d\u00e9bat autour du documentaire Personne n\u2019y comprend rien , sur l\u2019affaire Sarkozy-Kadhafi &#8211; Le JSL"},"content":{"rendered":"<ol>\n<li><a href=\"https:\/\/news.google.com\/rss\/articles\/CBMi6AFBVV95cUxON0N1Sk53dUNSQ2lkOVhqNWtMcHlfc2tWVk82RmVaa0ZxLUFpb0trV1VHOURVNVNUYkppNGN6SlpXY3puVC1LSUliYTVQR0pvN29jVzlNenJ0LVR6YVE1QlFyNTU0aGt3TTZOM1pwQ3hmVGFjYk1CMmVHeDhOaFIzbEQtd1dWRGo1RDFMSkVOX0o2RXExUHpLWEt2MGU0TVNqcVhNdWFmZjNidkI1S0VuY21MUjdLb29zUDNXNmFXUGtVRTIwUEF1Y1pVQVZrU2xQOHJndWRIWlljLWdYLTE0YkZDTURkWV9o?oc=5\" target=\"_blank\" rel=\"nofollow noopener\">Anticor organise un cin\u00e9-d\u00e9bat autour du documentaire Personne n\u2019y comprend rien , sur l\u2019affaire Sarkozy-Kadhafi<\/a>&nbsp;&nbsp;Le JSL<\/li>\n<li><a href=\"https:\/\/news.google.com\/rss\/articles\/CBMi2AFBVV95cUxNR3BQaFN5eWwtcGF1YlZkZUF1bFZRRmtJdU9vcTFvSFhpeVZTNExacVdKLUk2V2YtcGVKRTRqOHRqZGRqY2w1SGZkbk1fSTk2ekd1OHZnel9oQ2dJUHlkSExoVzlGY0tTSVRFamdRcVQzUDUtSkZ2UTBaSFBSSGR6TW1XRk40YkF0WUEybjI5dS04N1hPN0ZScThCRm1NeElNWW8xVFFYdkFTSHlqZFVLM05Yal9VX0p1ajVsRldCSTdlTi1JVjlxYmpCdEZ6OWI5aWdyamJpeWY?oc=5\" target=\"_blank\" rel=\"nofollow noopener\">M\u00e2con. Anticor fait une halte au cin\u00e9ma pour son tour de France et pr\u00e9sente ses nouveaux projets<\/a>&nbsp;&nbsp;Le JSL<\/li>\n<li><a href=\"https:\/\/news.google.com\/rss\/articles\/CBMi1wFBVV95cUxQemtnbDRPcS1EY2Z0WWFoUHdUUVZBdkZKazVLQ0h6djA0Mm14SnhMZVljMDk2cVVHT2szQTdYaFV5NjBESENQM2RpdlNoQU92aU0xTHR3TEI3VnhNdFdPc3NWbm82U0M5M25ieW0yNE8zeWZFTzBaZXRROV8yTHRvUnJXMmZYcVNPZURCNnF2T2J3Q2Y5ODZNb294Ykh3cDlDRXFKMDB5UzVXSWRZdzBnbTN1d3FtVkVkVGZsQm5rbEtHcGowclpWd3NIZTlYOUMwRXR6dUhYbw?oc=5\" target=\"_blank\" rel=\"nofollow noopener\">CIN\u00c9MA : \u00ab Personne n&rsquo;y comprend rien \u00bb, la saga Sarkozy-Kadhafi au Path\u00e9 M\u00e2con avec Anticor<\/a>&nbsp;&nbsp;M\u00e2con Infos<\/li>\n<li><a href=\"https:\/\/news.google.com\/rss\/articles\/CBMingFBVV95cUxOc3pJaU9DMzNoTDJ4dFh1UW1TekoyWlNIZUZpSXJHY0ZtdV9INlBKM2VibDFsRXpYcC1TWlJXSUdBZThrX3NfZ2NOdFpMM0tQOGpsUjNtdzNSbm9oY3JpRkRiVmNEOUdFTFI5MzY1VGltVU5WY2pSX1JlMWFsMlY2Vk44b184T0w4dGlaYTdodUlZdHpueUFNNzdNMzc1Zw?oc=5\" target=\"_blank\" rel=\"nofollow noopener\">En septembre, on en saura plus sur l\u2019affaire Sarkozy-Kadhafi. Relisez la BD !<\/a>&nbsp;&nbsp;ActuaBD<\/li>\n<li><a href=\"https:\/\/news.google.com\/rss\/articles\/CBMiqgFBVV95cUxPMGVuaUJlaVlRT0xlZkhQdi1GUVJ5SV9JTGZiZ2phc1FReUpxYWhUZHJLWlBzakpYMThma0NfUlJpd205OG16dGdVQU5xenJSU2IwaWlmSTRtUUJ5SlJmMVBPU0NBcWlmY3RqWGxWVEQ3V2FFNU9OOTdTR3dpSzBNR2VHZi1CbGstTUJNTUpldXVSUHowaW00eVVoODBNOWRzalZycnBrWVpGdw?oc=5\" target=\"_blank\" rel=\"nofollow noopener\">Personne n&rsquo;y comprend rien<\/a>&nbsp;&nbsp;Le T\u00e9l\u00e9gramme<\/li>\n<\/ol>\n","protected":false},"excerpt":{"rendered":"Anticor organise un cin\u00e9-d\u00e9bat autour du documentaire Personne n\u2019y comprend rien , sur l\u2019affaire Sarkozy-Kadhafi&nbsp;&nbsp;Le JSL M\u00e2con. Anticor&hellip;\n","protected":false},"author":2,"featured_media":342201,"comment_status":"","ping_status":"","sticky":false,"template":"","format":"standard","meta":{"footnotes":""},"categories":[1354],"tags":[58,3718,59,107,1346,1011,27,5980,5982,1360,316],"class_list":{"0":"post-342200","1":"post","2":"type-post","3":"status-publish","4":"format-standard","5":"has-post-thumbnail","7":"category-films","8":"tag-divertissement","9":"tag-edition-macon","10":"tag-entertainment","11":"tag-fil-info","12":"tag-films","13":"tag-fr","14":"tag-france","15":"tag-macon","16":"tag-macon-ville","17":"tag-movies","18":"tag-politique"},"share_on_mastodon":{"url":"https:\/\/pubeurope.com\/@fr\/115087980887435427","error":""},"_links":{"self":[{"href":"https:\/\/www.europesays.com\/fr\/wp-json\/wp\/v2\/posts\/342200","targetHints":{"allow":["GET"]}}],"collection":[{"href":"https:\/\/www.europesays.com\/fr\/wp-json\/wp\/v2\/posts"}],"about":[{"href":"https:\/\/www.europesays.com\/fr\/wp-json\/wp\/v2\/types\/post"}],"author":[{"embeddable":true,"href":"https:\/\/www.europesays.com\/fr\/wp-json\/wp\/v2\/users\/2"}],"replies":[{"embeddable":true,"href":"https:\/\/www.europesays.com\/fr\/wp-json\/wp\/v2\/comments?post=342200"}],"version-history":[{"count":0,"href":"https:\/\/www.europesays.com\/fr\/wp-json\/wp\/v2\/posts\/342200\/revisions"}],"wp:featuredmedia":[{"embeddable":true,"href":"https:\/\/www.europesays.com\/fr\/wp-json\/wp\/v2\/media\/342201"}],"wp:attachment":[{"href":"https:\/\/www.europesays.com\/fr\/wp-json\/wp\/v2\/media?parent=342200"}],"wp:term":[{"taxonomy":"category","embeddable":true,"href":"https:\/\/www.europesays.com\/fr\/wp-json\/wp\/v2\/categories?post=342200"},{"taxonomy":"post_tag","embeddable":true,"href":"https:\/\/www.europesays.com\/fr\/wp-json\/wp\/v2\/tags?post=342200"}],"curies":[{"name":"wp","href":"https:\/\/api.w.org\/{rel}","templated":true}]}}