{"id":342209,"date":"2025-08-25T06:30:17","date_gmt":"2025-08-25T06:30:17","guid":{"rendered":"https:\/\/www.europesays.com\/fr\/342209\/"},"modified":"2025-08-25T06:30:17","modified_gmt":"2025-08-25T06:30:17","slug":"direct-matinales-radio-la-rentree-de-france-inter-perturbee-par-la-greve-une-partie-des-programmes-interrompue-le-parisien","status":"publish","type":"post","link":"https:\/\/www.europesays.com\/fr\/342209\/","title":{"rendered":"DIRECT. Matinales radio : la rentr\u00e9e de France Inter perturb\u00e9e par la gr\u00e8ve, une partie des programmes interrompue &#8211; Le Parisien"},"content":{"rendered":"<ol>\n<li><a href=\"https:\/\/news.google.com\/rss\/articles\/CBMi_gFBVV95cUxQY1FEWlZ6SnVwNk5MOTFQZVd3RmczbmUtbzFfX0JZMUZBMThuWUswbDNrZlJvLXkwQ1V5TzZIR3dGTXViTDI5NWZNZkp5VGRpU3B4YU5vTHJXQ250Nno5WU9FNkw5bzZ4cDFlS3dTeW9GZ2tMU1piRktRV2t1MVVEaUl4NFVnd2R3TlY4UURlZFFhV0pWRVRhVnVfZ3JZandkRkpJLXNRckJnYm9xZXRNdjE4TGpJV2NiNEFVNHA4Z2M2Z0FIOUlYU0c2ZkRNcUk2TzFHOVdZSl9RNDdVUkRpUS1paWhUN3dOX2ptTVJMR0JMdXpza1luazc1MDI3QQ?oc=5\" target=\"_blank\" rel=\"nofollow noopener\">DIRECT. Matinales radio : la rentr\u00e9e de France Inter perturb\u00e9e par la gr\u00e8ve, une partie des programmes interrompue<\/a>&nbsp;&nbsp;Le Parisien<\/li>\n<li><a href=\"https:\/\/news.google.com\/rss\/articles\/CBMitAFBVV95cUxNUWZnSTdPaldyVlVmY1BUNU53ZGZPZTAwSlJzZDZMR2pnUDlXbDZwVzVvck82cHhPSzhsY3hubklkZVZscnFPV0Ixc0Znc3VYY2FEcGk1aV9JYWZUUTRoQUx2Ti1qeXZWTjZHVUZFZ2FxNjZPNXVhRTM5el9ZVUZidVk0RkEzeFNxOHhtczExRnZNQTViLUktdk8yZ1NTQUFmREwtLThwdHk0bm9namZUcTNjVnI?oc=5\" target=\"_blank\" rel=\"nofollow noopener\">Radio France en gr\u00e8ve illimit\u00e9e : les syndicats d\u00e9noncent l\u2019attitude de Sibyle Veil<\/a>&nbsp;&nbsp;L&rsquo;Humanit\u00e9<\/li>\n<li><a href=\"https:\/\/news.google.com\/rss\/articles\/CBMitAFBVV95cUxNUl93c3lyV0ZROGU3Sy1LQXdDcUU5TFcxaU82U05aZTMwaXRhMWZXa1pwMlhrdXVnazhvSDk0XzJYTmhyc0JRVWRYaEJOc3Uyd0RfWVMySUdNWXBJWXJtRHE2WmdhR0lfWUo3SmZyTlFKMU9uUG82R0NDeGkxc2dUZkFZNWJnZTFrQ2c4cTdIZEZRUXNOdDBhdldyQmM3MnVONERuVFpuaGJMSHY2NVBKTGJMRWI?oc=5\" target=\"_blank\" rel=\"nofollow noopener\">Programmes perturb\u00e9s en raison d&rsquo;un mouvement de gr\u00e8ve<\/a>&nbsp;&nbsp;francebleu.fr<\/li>\n<li><a href=\"https:\/\/news.google.com\/rss\/articles\/CBMiyAFBVV95cUxNckQ4RENhSXJUeklZX2xueXlNOXg1TXhQNndENzhtZG1adEFDOENfdFgzcnYwTENZSU4wNmxXaGdTdDVoVFVWLXllT1M3cjBkSGhGOXRQLVpaaDJCWHJZRjZpejZXLTJ0cldSdEN6TWQtNW9VVGRFMjd3VG5uNUgxVktFbHAySWVZYTVBRmQxcU40ZlQ0VjVCb1hWMmhkdTg2OVNzZGZCYmRfMUYzU2pZQm1FdHVDMXN4RFFlOEZIZXBuZGRCV20xSw?oc=5\" target=\"_blank\" rel=\"nofollow noopener\">France Inter : \u00e9coutez la diff\u00e9rence insupportable \u00e0 certains [L\u2019\u00e9ditorial de CL]<\/a>&nbsp;&nbsp;Charente Libre<\/li>\n<li><a href=\"https:\/\/news.google.com\/rss\/articles\/CBMizwFBVV95cUxNU2pqSnV4VnQwZ2tPdmpFd3pOUXpOSkkxWlE2VlNVQ1B6emh6MUNDWWp3X0R6WVdYSWwxOUY4TmRua0JTTkdUNGV2NGY0SmpEUi1wZU1Pd3pBSTlvb2dHdm10bmxIa0p0WklzZFJudHhOZnlPZGk2QUVRSWdYX0pzUVFWanNZYWZIdTdmQVZpWDRWU3JieEQwb3dIWU9qNjNMMDdYMGUtU2R3MGMzU1k0ZlhrSjhhUzlfeENzNTN0ZjYxS1Jzamx0ang5R2Z3TW8?oc=5\" target=\"_blank\" rel=\"nofollow noopener\">Pas d&rsquo;\u00e9mission en raison d&rsquo;un mouvement de gr\u00e8ve<\/a>&nbsp;&nbsp;Radio France<\/li>\n<\/ol>\n","protected":false},"excerpt":{"rendered":"DIRECT. Matinales radio : la rentr\u00e9e de France Inter perturb\u00e9e par la gr\u00e8ve, une partie des programmes interrompue&nbsp;&nbsp;Le&hellip;\n","protected":false},"author":2,"featured_media":1445,"comment_status":"","ping_status":"","sticky":false,"template":"","format":"standard","meta":{"footnotes":""},"categories":[6],"tags":[35,33,34,1011,27],"class_list":{"0":"post-342209","1":"post","2":"type-post","3":"status-publish","4":"format-standard","5":"has-post-thumbnail","7":"category-economie","8":"tag-business","9":"tag-economie","10":"tag-economy","11":"tag-fr","12":"tag-france"},"share_on_mastodon":{"url":"https:\/\/pubeurope.com\/@fr\/115088000503559362","error":""},"_links":{"self":[{"href":"https:\/\/www.europesays.com\/fr\/wp-json\/wp\/v2\/posts\/342209","targetHints":{"allow":["GET"]}}],"collection":[{"href":"https:\/\/www.europesays.com\/fr\/wp-json\/wp\/v2\/posts"}],"about":[{"href":"https:\/\/www.europesays.com\/fr\/wp-json\/wp\/v2\/types\/post"}],"author":[{"embeddable":true,"href":"https:\/\/www.europesays.com\/fr\/wp-json\/wp\/v2\/users\/2"}],"replies":[{"embeddable":true,"href":"https:\/\/www.europesays.com\/fr\/wp-json\/wp\/v2\/comments?post=342209"}],"version-history":[{"count":0,"href":"https:\/\/www.europesays.com\/fr\/wp-json\/wp\/v2\/posts\/342209\/revisions"}],"wp:featuredmedia":[{"embeddable":true,"href":"https:\/\/www.europesays.com\/fr\/wp-json\/wp\/v2\/media\/1445"}],"wp:attachment":[{"href":"https:\/\/www.europesays.com\/fr\/wp-json\/wp\/v2\/media?parent=342209"}],"wp:term":[{"taxonomy":"category","embeddable":true,"href":"https:\/\/www.europesays.com\/fr\/wp-json\/wp\/v2\/categories?post=342209"},{"taxonomy":"post_tag","embeddable":true,"href":"https:\/\/www.europesays.com\/fr\/wp-json\/wp\/v2\/tags?post=342209"}],"curies":[{"name":"wp","href":"https:\/\/api.w.org\/{rel}","templated":true}]}}