{"id":342210,"date":"2025-08-25T06:31:16","date_gmt":"2025-08-25T06:31:16","guid":{"rendered":"https:\/\/www.europesays.com\/fr\/342210\/"},"modified":"2025-08-25T06:31:16","modified_gmt":"2025-08-25T06:31:16","slug":"les-premiers-jours-en-france-de-daouda-diakhite-venu-de-mauritanie","status":"publish","type":"post","link":"https:\/\/www.europesays.com\/fr\/342210\/","title":{"rendered":"les premiers jours en France de Daouda Diakhite, venu de Mauritanie"},"content":{"rendered":"<p>                         <img loading=\"lazy\" decoding=\"async\" src=\"https:\/\/www.europesays.com\/fr\/wp-content\/uploads\/2025\/08\/12c6cc8_upload-1-zn0wtxuv4lzd-b000226-r1-07-8.jpeg\" alt=\"Daouda Diakhite est arriv\u00e9 \u00e0 la gare de Bercy, dans le 12\u1d49 arrondissement de Paris, le 22\u00a0d\u00e9cembre\u00a02020. \u00ab\u00a0Il y avait du monde partout, du mouvement, mais rien qui puisse vraiment m\u2019impressionner\u00a0\u00bb, explique-t-il en juillet 2025, alors qu\u2019il revient sur les lieux.\"   width=\"664\" height=\"443\"\/>    Daouda Diakhite est arriv\u00e9 \u00e0 la gare de Bercy, dans le 12\u1d49 arrondissement de Paris, le 22\u00a0d\u00e9cembre\u00a02020. \u00ab\u00a0Il y avait du monde partout, du mouvement, mais rien qui puisse vraiment m\u2019impressionner\u00a0\u00bb, explique-t-il en juillet 2025, alors qu\u2019il revient sur les lieux.  NJERI NJUGUNA POUR \u00ab\u00a0LE MONDE\u00a0\u00bb                 <\/p>\n<p class=\"article__paragraph  \">\u00ab\u00a0D\u00e8s son plus jeune \u00e2ge, mon grand-p\u00e8re a travaill\u00e9 sans rel\u00e2che dans les champs en Mauritanie, de 7\u00a0heures jusqu\u2019\u00e0 21\u00a0heures. Il vivait sous l\u2019autorit\u00e9 d\u2019un ma\u00eetre qui l\u2019a forc\u00e9 \u00e0\u00a0\u00e9pouser une femme, elle aussi enlev\u00e9e alors qu\u2019elle n\u2019\u00e9tait qu\u2019un b\u00e9b\u00e9, et \u00e0 faire des enfants qui deviendraient \u00e0 leur tour des esclaves\u2026 A 18\u00a0ans, mon p\u00e8re a r\u00e9ussi \u00e0 \u00e9chapper \u00e0 son sort en rejoignant l\u2019arm\u00e9e fran\u00e7aise pour y effectuer son service militaire. Pendant ses permissions, il\u00a0retournait \u00e0 Nouakchott. C\u2019est l\u00e0 qu\u2019il a rencontr\u00e9 ma m\u00e8re.<\/p>\n<p class=\"article__paragraph  \">Gr\u00e2ce \u00e0 lui, j\u2019ai pu aller \u00e0 l\u2019\u00e9cole \u00e0 l\u2019\u00e2ge de 11\u00a0ans, puis j\u2019ai suivi une formation de m\u00e9canicien. Mais une fois celle-ci termin\u00e9e, il m\u2019a \u00e9t\u00e9 impossible de trouver un travail r\u00e9mun\u00e9r\u00e9. En Mauritanie, lorsqu\u2019on est fils et petit-fils d\u2019esclaves, on est consid\u00e9r\u00e9 comme tel. Il n\u2019y a pas de loi, pas de justice. L\u2019esclavage a beau \u00eatre aboli, dans les faits, il est toujours pr\u00e9sent.<\/p>\n<p class=\"reading-mode-only \"><strong>Il vous reste 87.1% de cet article \u00e0 lire. La suite est r\u00e9serv\u00e9e aux abonn\u00e9s.<\/strong><\/p>\n","protected":false},"excerpt":{"rendered":"Daouda Diakhite est arriv\u00e9 \u00e0 la gare de Bercy, dans le 12\u1d49 arrondissement de Paris, le 22\u00a0d\u00e9cembre\u00a02020. \u00ab\u00a0Il&hellip;\n","protected":false},"author":2,"featured_media":342211,"comment_status":"","ping_status":"","sticky":false,"template":"","format":"standard","meta":{"footnotes":""},"categories":[5],"tags":[11,1011,27,14,12,28],"class_list":{"0":"post-342210","1":"post","2":"type-post","3":"status-publish","4":"format-standard","5":"has-post-thumbnail","7":"category-international","8":"tag-actualites","9":"tag-fr","10":"tag-france","11":"tag-international","12":"tag-news","13":"tag-world"},"share_on_mastodon":{"url":"https:\/\/pubeurope.com\/@fr\/115088004522905150","error":""},"_links":{"self":[{"href":"https:\/\/www.europesays.com\/fr\/wp-json\/wp\/v2\/posts\/342210","targetHints":{"allow":["GET"]}}],"collection":[{"href":"https:\/\/www.europesays.com\/fr\/wp-json\/wp\/v2\/posts"}],"about":[{"href":"https:\/\/www.europesays.com\/fr\/wp-json\/wp\/v2\/types\/post"}],"author":[{"embeddable":true,"href":"https:\/\/www.europesays.com\/fr\/wp-json\/wp\/v2\/users\/2"}],"replies":[{"embeddable":true,"href":"https:\/\/www.europesays.com\/fr\/wp-json\/wp\/v2\/comments?post=342210"}],"version-history":[{"count":0,"href":"https:\/\/www.europesays.com\/fr\/wp-json\/wp\/v2\/posts\/342210\/revisions"}],"wp:featuredmedia":[{"embeddable":true,"href":"https:\/\/www.europesays.com\/fr\/wp-json\/wp\/v2\/media\/342211"}],"wp:attachment":[{"href":"https:\/\/www.europesays.com\/fr\/wp-json\/wp\/v2\/media?parent=342210"}],"wp:term":[{"taxonomy":"category","embeddable":true,"href":"https:\/\/www.europesays.com\/fr\/wp-json\/wp\/v2\/categories?post=342210"},{"taxonomy":"post_tag","embeddable":true,"href":"https:\/\/www.europesays.com\/fr\/wp-json\/wp\/v2\/tags?post=342210"}],"curies":[{"name":"wp","href":"https:\/\/api.w.org\/{rel}","templated":true}]}}