{"id":342217,"date":"2025-08-25T06:39:19","date_gmt":"2025-08-25T06:39:19","guid":{"rendered":"https:\/\/www.europesays.com\/fr\/342217\/"},"modified":"2025-08-25T06:39:19","modified_gmt":"2025-08-25T06:39:19","slug":"balade-nature-au-fil-de-leau","status":"publish","type":"post","link":"https:\/\/www.europesays.com\/fr\/342217\/","title":{"rendered":"Balade nature au fil de l\u2019eau"},"content":{"rendered":"<p>Rivi\u00e8res et ruisseaux de la M\u00e9tropole regorgent de tr\u00e9sors en tout genre. Ces milieux r\u00e9gulent les crues, le climat \u00e0 l\u2019\u00e9chelle locale et jouent aussi un r\u00f4le de filtres pour les eaux souterraines. Venez profiter en famille des connaissances d\u2019un animateur du CPIE pour vous reconnecter \u00e0 la nature. Visite gratuite, le lieu du rendez-vous sera communiqu\u00e9 lors de l\u2019inscription.<\/p>\n<p class=\"note\">Vendredi 29\u00a0ao\u00fbt, \u00e0 9\u00a0h, \u00e0 Laneuveville-devant-Nancy. Inscriptions au 03\u00a083\u00a031\u00a063\u00a076 ou par mail \u00e0 inscriptions@cpie54.com<\/p>\n","protected":false},"excerpt":{"rendered":"Rivi\u00e8res et ruisseaux de la M\u00e9tropole regorgent de tr\u00e9sors en tout genre. Ces milieux r\u00e9gulent les crues, le&hellip;\n","protected":false},"author":2,"featured_media":342218,"comment_status":"","ping_status":"","sticky":false,"template":"","format":"standard","meta":{"footnotes":""},"categories":[9635],"tags":[1111,11,7782,1687,1704,1777,674,1011,27,775,18459,9649,1702,12,25],"class_list":{"0":"post-342217","1":"post","2":"type-post","3":"status-publish","4":"format-standard","5":"has-post-thumbnail","7":"category-nancy","8":"tag-actu","9":"tag-actualites","10":"tag-balades-et-randonnees","11":"tag-culture-loisirs","12":"tag-edition-nancy-et-agglomeration","13":"tag-eu","14":"tag-europe","15":"tag-fr","16":"tag-france","17":"tag-grand-est","18":"tag-laneuveville-devant-nancy","19":"tag-metropole-du-grand-nancy-54b2","20":"tag-nancy","21":"tag-news","22":"tag-republique-francaise"},"share_on_mastodon":{"url":"https:\/\/pubeurope.com\/@fr\/115088035909675212","error":""},"_links":{"self":[{"href":"https:\/\/www.europesays.com\/fr\/wp-json\/wp\/v2\/posts\/342217","targetHints":{"allow":["GET"]}}],"collection":[{"href":"https:\/\/www.europesays.com\/fr\/wp-json\/wp\/v2\/posts"}],"about":[{"href":"https:\/\/www.europesays.com\/fr\/wp-json\/wp\/v2\/types\/post"}],"author":[{"embeddable":true,"href":"https:\/\/www.europesays.com\/fr\/wp-json\/wp\/v2\/users\/2"}],"replies":[{"embeddable":true,"href":"https:\/\/www.europesays.com\/fr\/wp-json\/wp\/v2\/comments?post=342217"}],"version-history":[{"count":0,"href":"https:\/\/www.europesays.com\/fr\/wp-json\/wp\/v2\/posts\/342217\/revisions"}],"wp:featuredmedia":[{"embeddable":true,"href":"https:\/\/www.europesays.com\/fr\/wp-json\/wp\/v2\/media\/342218"}],"wp:attachment":[{"href":"https:\/\/www.europesays.com\/fr\/wp-json\/wp\/v2\/media?parent=342217"}],"wp:term":[{"taxonomy":"category","embeddable":true,"href":"https:\/\/www.europesays.com\/fr\/wp-json\/wp\/v2\/categories?post=342217"},{"taxonomy":"post_tag","embeddable":true,"href":"https:\/\/www.europesays.com\/fr\/wp-json\/wp\/v2\/tags?post=342217"}],"curies":[{"name":"wp","href":"https:\/\/api.w.org\/{rel}","templated":true}]}}