{"id":342223,"date":"2025-08-25T06:44:10","date_gmt":"2025-08-25T06:44:10","guid":{"rendered":"https:\/\/www.europesays.com\/fr\/342223\/"},"modified":"2025-08-25T06:44:10","modified_gmt":"2025-08-25T06:44:10","slug":"les-riverains-nadherent-toujours-pas-au-projet-de-nouveau-complexe-sportif-au-mesnil-esnard","status":"publish","type":"post","link":"https:\/\/www.europesays.com\/fr\/342223\/","title":{"rendered":"Les riverains n&rsquo;adh\u00e8rent toujours pas au projet de nouveau complexe sportif au Mesnil-Esnard"},"content":{"rendered":"<p>            Par<br \/>\n        <strong><br \/>\n            <a href=\"https:\/\/actu.fr\/auteur\/laredaction\" title=\"Consulter tous les articles de R\u00e9daction Normandie\" rel=\"nofollow noopener\" target=\"_blank\">R\u00e9daction Normandie<\/a><br \/>\n        <\/strong><\/p>\n<p>        Publi\u00e9 le<\/p>\n<p>            25 ao\u00fbt 2025 \u00e0 8h24        <\/p>\n<p>Lors du dernier Conseil Municipal du mois de mai dernier, les \u00e9lus du <a href=\"https:\/\/actu.fr\/normandie\/le-mesnil-esnard_76429\" rel=\"nofollow noopener\" target=\"_blank\">Mesnil-Esnard<\/a>, pr\u00e8s de Rouen, ont eu le droit \u00e0 une pr\u00e9sentation <strong>des futurs am\u00e9nagements pr\u00e9vus sur le stade Bilyk<\/strong>. Quelques jours plus tard, les premiers bulldozers \u00e9taient sur place. Et il faut dire que les semaines de beau temps ont permis au chantier de bien avancer. Non sans agacer les riverains.<\/p>\n<p>Des travaux qui agacent les riverains<\/p>\n<p class=\" wall-content\">En effet, la surface est aujourd\u2019hui m\u00e9connaissable. Seulement, \u00e0 quelques m\u00e8tres de l\u00e0, <strong>des Mesnillais ne sont pas contents<\/strong>. Notamment ceux de l\u2019impasse Thillais qui ont d\u00e9pos\u00e9 des recours gracieux \u00e0 la ville et devant le pr\u00e9fet. Recours tous rejet\u00e9s, la Pr\u00e9fecture rappelant que seule la responsabilit\u00e9 du maire est engag\u00e9e.<\/p>\n<p class=\" wall-content\">Les riverains ne sont donc pas satisfaits du chantier \u00ab qui g\u00e9n\u00e8re beaucoup de poussi\u00e8res et de bruit \u00bb, affirme l\u2019un d\u2019entre eux. Les longues journ\u00e9es des ouvriers, de 7h \u00e0 20h, selon cet habitant, posent aussi probl\u00e8me : \u00ab <strong>Ce n\u2019est pas normal, surtout pendant l\u2019\u00e9t\u00e9<\/strong> o\u00f9 nous pourrions profiter dans nos ext\u00e9rieurs \u00bb, se plaint-il. \u00ab En plus, des vibrations ont fait d\u00e9crocher un cadre chez un voisin et tomber des tuiles de mon toit. \u00bb<\/p>\n<p>D\u2019autres tensions \u00e0 venir<\/p>\n<p class=\" wall-content\">Selon le maire du Mesnil-Esnard, Jean-Marc Vennin, les travaux ne seront termin\u00e9s qu\u2019en octobre et d\u00e9but septembre pour les terrains de tennis, indique un autre habitant. Mais cela n\u2019apaisera pas les tensions puisque c\u2019est sur la future cohabitation avec les sportifs et les activit\u00e9s que les Mesnillais alertent. Une question qui reste <strong>\u00ab toujours sans r\u00e9ponse du maire \u00bb<\/strong>, d\u00e9plorent-ils.<\/p>\n<p class=\" wall-content\">Tous les riverains ont un plan du projet dans leurs t\u00e9l\u00e9phones, photographi\u00e9 lors des derni\u00e8res pr\u00e9sentations. Cela n\u2019enl\u00e8ve rien \u00e0 leurs pr\u00e9occupations.<\/p>\n<p class=\" wall-content\">Le terrain de foot en fait partie. Des buts trop proches, \u00ab \u00e0 7m50 de nos cl\u00f4tures \u00bb, font craindre le pire : \u00ab Le probl\u00e8me des ballons est une question de s\u00e9curit\u00e9 \u00bb, estime un voisin, qui dit en avoir r\u00e9cup\u00e9r\u00e9 une trentaine dans son garage au fil des ann\u00e9es. \u00ab Le maire m\u2019a m\u00eame r\u00e9pondu que les pares-ballon \u00e9taient ab\u00eem\u00e9s \u00e0 cause de ma v\u00e9g\u00e9tation. De qui se moque-t-on ? C\u2019est d\u2019une mauvaise foi ph\u00e9nom\u00e9nale \u00bb, s\u2019agace-t-il.<\/p>\n<p>Votre r\u00e9gion, votre actu !<\/p>\n<p>Recevez chaque jour les infos qui comptent pour vous.<\/p>\n<p>\t<a href=\"https:\/\/actu.fr\/newsletter\" class=\"ac-btn ac-btn--corner ac-btn--medium ac-btn--blue800\" rel=\"nofollow noopener\" target=\"_blank\">S&rsquo;incrire<\/a><\/p>\n<p class=\" wall-content\">Un autre riverain affirme m\u00eame que les cl\u00f4tures \u00ab <strong>ont \u00e9t\u00e9 saccag\u00e9es par les tirs des ballons<\/strong> et les joueurs qui passaient dessus pour les r\u00e9cup\u00e9rer \u00bb. Le projet pr\u00e9voit d\u2019ailleurs de les remplacer mais \u00ab ce n\u2019est plus vraiment le cas \u00bb, selon lui. Il va jusqu\u2019\u00e0 r\u00e9clamer \u00ab une \u00e9tude d\u2019impact \u00bb sur les ballons qui risquent de finir en dehors des terrains.<\/p>\n<p>Beaucoup d\u2019autres questions<\/p>\n<p class=\" wall-content\">Autres sujets d\u2019inqui\u00e9tude : le bassin de r\u00e9tention des eaux pluviales qui \u00ab sera un r\u00e9servoir \u00e0 moustiques \u00bb, et qui am\u00e8ne avec lui son lot d\u2019interrogations : \u00ab Qui va l\u2019entretenir et les g\u00e9rer ? N\u2019y a-t-il pas des risques d\u2019inondations des sous-sols des maisons ? Pourquoi la M\u00e9tropole Rouen Normandie a \u00e9mis des r\u00e9serves toujours pas lev\u00e9es ? \u00bb<\/p>\n<blockquote class=\"ac-article-quote wall-content\">\n<p>Cet am\u00e9nagement a \u00e9t\u00e9 engag\u00e9 sans aucune r\u00e9flexion avec les riverains. Combien de Mesnillais vont l\u2019utiliser par rapport \u00e0 ceux qui vont le payer ?<\/p>\n<p>Un riverain<\/p><\/blockquote>\n<p class=\" wall-content\">Idem concernant la s\u00e9curit\u00e9 et les \u00e9ventuelles incivilit\u00e9s : \u00ab <strong>Qui aura acc\u00e8s au parking ?<\/strong> Pourquoi les cam\u00e9ras de surveillance n\u2019apparaissent pas sur les plans ? \u00bb<\/p>\n<p class=\" wall-content\">Ces habitants demandent donc \u00e0 rencontrer le maire afin d\u2019avoir \u00ab une situation claire et pr\u00e9cise sur le chantier \u00bb. \u00ab Pour nous, il y a trop d\u2019\u00e9quipements par rapport \u00e0 la surface utile du terrain \u00bb, ajoutent-ils. \u00ab Cet am\u00e9nagement a \u00e9t\u00e9 engag\u00e9 sans aucune r\u00e9flexion avec les riverains. Combien de Mesnillais vont l\u2019utiliser par rapport \u00e0 ceux qui vont le payer ? \u00bb<\/p>\n<p class=\" wall-content\">De son c\u00f4t\u00e9, Jean-Marc Vennin, le maire, a d\u00e9clar\u00e9 r\u00e9fl\u00e9chir \u00e0 l\u2019organisation d\u2019une visite du chantier avant la fin de l\u2019\u00e9t\u00e9.<\/p>\n<p>Suivez l\u2019actualit\u00e9 de Rouen <a href=\"https:\/\/www.whatsapp.com\/channel\/0029VaKfnf99hXF2ddApFB1D\" rel=\"nofollow noopener\" target=\"_blank\">sur notre cha\u00eene WhatsApp<\/a> et <a href=\"https:\/\/www.tiktok.com\/@76actu.fr?lang=fr\" rel=\"nofollow noopener\" target=\"_blank\">sur notre compte TikTok<\/a><\/p>\n<p class=\" wall-content\">Personnalisez votre actualit\u00e9 en ajoutant vos villes et m\u00e9dias en favori avec <a href=\"https:\/\/moncompte.actu.fr\" title=\"D\u00e9couvez Mon Actu\" rel=\"nofollow noopener\" data-trk=\"{&quot;cta&quot;:{&quot;action&quot;:&quot;https:\\\/\\\/moncompte.actu.fr&quot;,&quot;category&quot;:&quot;mon compte&quot;,&quot;from&quot;:&quot;article footer&quot;,&quot;name&quot;:&quot;Mon actu&quot;,&quot;type&quot;:&quot;cta&quot;}}\" target=\"_blank\">Mon Actu<\/a>.<\/p>\n<p>                    <script async src=\"\/\/www.tiktok.com\/embed.js\"><\/script><\/p>\n","protected":false},"excerpt":{"rendered":"Par R\u00e9daction Normandie Publi\u00e9 le 25 ao\u00fbt 2025 \u00e0 8h24 Lors du dernier Conseil Municipal du mois de&hellip;\n","protected":false},"author":2,"featured_media":342224,"comment_status":"","ping_status":"","sticky":false,"template":"","format":"standard","meta":{"footnotes":""},"categories":[9587],"tags":[1111,11,1777,674,1011,27,12,5161,25,9590,104,1352],"class_list":{"0":"post-342223","1":"post","2":"type-post","3":"status-publish","4":"format-standard","5":"has-post-thumbnail","7":"category-rouen","8":"tag-actu","9":"tag-actualites","10":"tag-eu","11":"tag-europe","12":"tag-fr","13":"tag-france","14":"tag-news","15":"tag-normandie","16":"tag-republique-francaise","17":"tag-rouen","18":"tag-societe","19":"tag-urbanisme"},"share_on_mastodon":{"url":"https:\/\/pubeurope.com\/@fr\/115088055521468514","error":""},"_links":{"self":[{"href":"https:\/\/www.europesays.com\/fr\/wp-json\/wp\/v2\/posts\/342223","targetHints":{"allow":["GET"]}}],"collection":[{"href":"https:\/\/www.europesays.com\/fr\/wp-json\/wp\/v2\/posts"}],"about":[{"href":"https:\/\/www.europesays.com\/fr\/wp-json\/wp\/v2\/types\/post"}],"author":[{"embeddable":true,"href":"https:\/\/www.europesays.com\/fr\/wp-json\/wp\/v2\/users\/2"}],"replies":[{"embeddable":true,"href":"https:\/\/www.europesays.com\/fr\/wp-json\/wp\/v2\/comments?post=342223"}],"version-history":[{"count":0,"href":"https:\/\/www.europesays.com\/fr\/wp-json\/wp\/v2\/posts\/342223\/revisions"}],"wp:featuredmedia":[{"embeddable":true,"href":"https:\/\/www.europesays.com\/fr\/wp-json\/wp\/v2\/media\/342224"}],"wp:attachment":[{"href":"https:\/\/www.europesays.com\/fr\/wp-json\/wp\/v2\/media?parent=342223"}],"wp:term":[{"taxonomy":"category","embeddable":true,"href":"https:\/\/www.europesays.com\/fr\/wp-json\/wp\/v2\/categories?post=342223"},{"taxonomy":"post_tag","embeddable":true,"href":"https:\/\/www.europesays.com\/fr\/wp-json\/wp\/v2\/tags?post=342223"}],"curies":[{"name":"wp","href":"https:\/\/api.w.org\/{rel}","templated":true}]}}