{"id":342225,"date":"2025-08-25T06:48:12","date_gmt":"2025-08-25T06:48:12","guid":{"rendered":"https:\/\/www.europesays.com\/fr\/342225\/"},"modified":"2025-08-25T06:48:12","modified_gmt":"2025-08-25T06:48:12","slug":"u17-nationaux-le-gf38-demarre-sa-saison-par-un-match-nul","status":"publish","type":"post","link":"https:\/\/www.europesays.com\/fr\/342225\/","title":{"rendered":"U17 Nationaux. Le GF38 d\u00e9marre sa saison par un match nul"},"content":{"rendered":"<p style=\"font-size:20px\"><strong>Les U17 Nationaux du GF38 ont fait match nul 1-1 partout face \u00e0 Lyon Duch\u00e8re \u00e0 l\u2019occasion de la premi\u00e8re journ\u00e9e du championnat disput\u00e9e ce samedi 23 ao\u00fbt au Stade Vercors, \u00e0 Grenoble. <\/strong><\/p>\n<p>Surpris par un but des visiteurs peu avant le quart d\u2019heure de jeu, les Grenoblois sont revenus en fin de rencontre gr\u00e2ce \u00e0 une r\u00e9alisation de Missirine Kon\u00e9.<\/p>\n<p>Le week-end prochain le GF38 encha\u00eenera avec un deuxi\u00e8me match \u00e0 domicile, face \u00e0 Clermont Foot.<\/p>\n<p>Le 11 de d\u00e9part du GF38 : Aymeric Blain, Madihawa Ciss\u00e9, Riadh Ben Salah, Titouan Brochier, Nicolas Delvincourt, Benjamin Kabwe, Matteo Mailharrou, Juani Arias Villanueva, Khamis Sarradj, Soann Shabani Pont, Missirine Kon\u00e9. <\/p>\n<p>Cr\u00e9dit photo : GF38 <\/p>\n<p><img fetchpriority=\"high\" decoding=\"async\" width=\"1024\" height=\"683\" src=\"https:\/\/www.europesays.com\/fr\/wp-content\/uploads\/2025\/08\/U17-GF38-2025-2026-credit-GF38-1024x683.jpg\" alt=\"\" class=\"wp-image-51487\"  \/><\/p>\n","protected":false},"excerpt":{"rendered":"Les U17 Nationaux du GF38 ont fait match nul 1-1 partout face \u00e0 Lyon Duch\u00e8re \u00e0 l\u2019occasion de&hellip;\n","protected":false},"author":2,"featured_media":342226,"comment_status":"","ping_status":"","sticky":false,"template":"","format":"standard","meta":{"footnotes":""},"categories":[9566],"tags":[1111,11,2430,1777,674,1011,27,2731,12,25],"class_list":{"0":"post-342225","1":"post","2":"type-post","3":"status-publish","4":"format-standard","5":"has-post-thumbnail","7":"category-grenoble","8":"tag-actu","9":"tag-actualites","10":"tag-auvergne-rhone-alpes","11":"tag-eu","12":"tag-europe","13":"tag-fr","14":"tag-france","15":"tag-grenoble","16":"tag-news","17":"tag-republique-francaise"},"share_on_mastodon":{"url":"https:\/\/pubeurope.com\/@fr\/115088071633642049","error":""},"_links":{"self":[{"href":"https:\/\/www.europesays.com\/fr\/wp-json\/wp\/v2\/posts\/342225","targetHints":{"allow":["GET"]}}],"collection":[{"href":"https:\/\/www.europesays.com\/fr\/wp-json\/wp\/v2\/posts"}],"about":[{"href":"https:\/\/www.europesays.com\/fr\/wp-json\/wp\/v2\/types\/post"}],"author":[{"embeddable":true,"href":"https:\/\/www.europesays.com\/fr\/wp-json\/wp\/v2\/users\/2"}],"replies":[{"embeddable":true,"href":"https:\/\/www.europesays.com\/fr\/wp-json\/wp\/v2\/comments?post=342225"}],"version-history":[{"count":0,"href":"https:\/\/www.europesays.com\/fr\/wp-json\/wp\/v2\/posts\/342225\/revisions"}],"wp:featuredmedia":[{"embeddable":true,"href":"https:\/\/www.europesays.com\/fr\/wp-json\/wp\/v2\/media\/342226"}],"wp:attachment":[{"href":"https:\/\/www.europesays.com\/fr\/wp-json\/wp\/v2\/media?parent=342225"}],"wp:term":[{"taxonomy":"category","embeddable":true,"href":"https:\/\/www.europesays.com\/fr\/wp-json\/wp\/v2\/categories?post=342225"},{"taxonomy":"post_tag","embeddable":true,"href":"https:\/\/www.europesays.com\/fr\/wp-json\/wp\/v2\/tags?post=342225"}],"curies":[{"name":"wp","href":"https:\/\/api.w.org\/{rel}","templated":true}]}}