{"id":342234,"date":"2025-08-25T06:53:08","date_gmt":"2025-08-25T06:53:08","guid":{"rendered":"https:\/\/www.europesays.com\/fr\/342234\/"},"modified":"2025-08-25T06:53:08","modified_gmt":"2025-08-25T06:53:08","slug":"nice-grievement-blesse-au-couteau-il-demande-de-laide-a-des-policiers-en-intervention","status":"publish","type":"post","link":"https:\/\/www.europesays.com\/fr\/342234\/","title":{"rendered":"Nice. Gri\u00e8vement bless\u00e9 au couteau, il demande de l&rsquo;aide \u00e0 des policiers en intervention"},"content":{"rendered":"<p>            Par<br \/>\n        <strong><br \/>\n            <a href=\"https:\/\/actu.fr\/auteur\/fabien-binacchi\" title=\"Consulter tous les articles de Fabien Binacchi\" rel=\"nofollow noopener\" target=\"_blank\">Fabien Binacchi<\/a><br \/>\n        <\/strong><\/p>\n<p>        Publi\u00e9 le<\/p>\n<p>            25 ao\u00fbt 2025 \u00e0 8h29        <\/p>\n<p><strong>INFO ACTU NICE.<\/strong> Il perdait beaucoup de sang. Bless\u00e9 par arme blanche \u00e0 la gorge dans des circonstances qui restent \u00e0 d\u00e9finir, <strong>un jeune homme de 18\u00a0ans<\/strong> a \u00e9t\u00e9 pris en charge dans un \u00e9tat grave, ce dimanche 24\u00a0ao\u00fbt 2025 vers 23\u2009h dans l\u2019est de <a href=\"https:\/\/actu.fr\/nice\/\" rel=\"nofollow noopener\" target=\"_blank\">Nice<\/a>, apprend actu Nice aupr\u00e8s des <a href=\"https:\/\/actu.fr\/tag\/pompiers\" rel=\"nofollow noopener\" target=\"_blank\">pompiers.<\/a><\/p>\n<p class=\" wall-content\">Selon nos informations, la victime se serait <strong>pr\u00e9sent\u00e9e spontan\u00e9ment \u00e0 des policiers<\/strong> en intervention sur le boulevard de l\u2019Ariane, leur demandant de l\u2019aide.<\/p>\n<p>Plusieurs plaies<\/p>\n<p class=\" wall-content\">Le jeune adulte de 18\u00a0ans pr\u00e9sentait plusieurs blessures, une au niveau de la gorge et <strong>deux autres sur une joue et du c\u00f4t\u00e9 d\u2019une \u00e9paule.<\/strong><\/p>\n<p class=\" wall-content\">Ce sont les agents de police nationale qui lui ont <strong>prodigu\u00e9 les premiers soins,<\/strong> comprimant les plaies en attendant l\u2019arriv\u00e9e des pompiers.<\/p>\n<p>Des renforts pour \u00e9loigner les badauds<\/p>\n<p class=\" wall-content\">L\u2019\u00e9tat de la victime \u00ab\u2009a n\u00e9cessit\u00e9 une m\u00e9dicalisation de la part du Samu\u2009\u00bb sur place. L\u2019individu a finalement \u00e9t\u00e9 <strong>transport\u00e9 vers le Centre hospitalier Pasteur 2,<\/strong> pr\u00e9cise le Service d\u00e9partemental d\u2019incendie et de secours (Sdis) des Alpes-Maritimes.<\/p>\n<p class=\" wall-content\">Des renforts policiers sont venus disperser <strong>un attroupement<\/strong> pendant l\u2019intervention.<\/p>\n<p class=\" wall-content\">Une enqu\u00eate a \u00e9t\u00e9 ouverte notamment pour d\u00e9terminer l\u2019origine des blessures.<\/p>\n<p class=\" wall-content\">Personnalisez votre actualit\u00e9 en ajoutant vos villes et m\u00e9dias en favori avec <a href=\"https:\/\/moncompte.actu.fr\" title=\"D\u00e9couvez Mon Actu\" rel=\"nofollow noopener\" data-trk=\"{&quot;cta&quot;:{&quot;action&quot;:&quot;https:\\\/\\\/moncompte.actu.fr&quot;,&quot;category&quot;:&quot;mon compte&quot;,&quot;from&quot;:&quot;article footer&quot;,&quot;name&quot;:&quot;Mon actu&quot;,&quot;type&quot;:&quot;cta&quot;}}\" target=\"_blank\">Mon Actu<\/a>.<\/p>\n","protected":false},"excerpt":{"rendered":"Par Fabien Binacchi Publi\u00e9 le 25 ao\u00fbt 2025 \u00e0 8h29 INFO ACTU NICE. Il perdait beaucoup de sang.&hellip;\n","protected":false},"author":2,"featured_media":326949,"comment_status":"","ping_status":"","sticky":false,"template":"","format":"standard","meta":{"footnotes":""},"categories":[2819],"tags":[1111,11,1777,674,118,1011,27,12,2401,1072,1311,882,25],"class_list":{"0":"post-342234","1":"post","2":"type-post","3":"status-publish","4":"format-standard","5":"has-post-thumbnail","7":"category-nice","8":"tag-actu","9":"tag-actualites","10":"tag-eu","11":"tag-europe","12":"tag-faits-divers","13":"tag-fr","14":"tag-france","15":"tag-news","16":"tag-nice","17":"tag-police","18":"tag-pompiers","19":"tag-provence-alpes-cote-dazur","20":"tag-republique-francaise"},"share_on_mastodon":{"url":"https:\/\/pubeurope.com\/@fr\/115088090968263350","error":""},"_links":{"self":[{"href":"https:\/\/www.europesays.com\/fr\/wp-json\/wp\/v2\/posts\/342234","targetHints":{"allow":["GET"]}}],"collection":[{"href":"https:\/\/www.europesays.com\/fr\/wp-json\/wp\/v2\/posts"}],"about":[{"href":"https:\/\/www.europesays.com\/fr\/wp-json\/wp\/v2\/types\/post"}],"author":[{"embeddable":true,"href":"https:\/\/www.europesays.com\/fr\/wp-json\/wp\/v2\/users\/2"}],"replies":[{"embeddable":true,"href":"https:\/\/www.europesays.com\/fr\/wp-json\/wp\/v2\/comments?post=342234"}],"version-history":[{"count":0,"href":"https:\/\/www.europesays.com\/fr\/wp-json\/wp\/v2\/posts\/342234\/revisions"}],"wp:featuredmedia":[{"embeddable":true,"href":"https:\/\/www.europesays.com\/fr\/wp-json\/wp\/v2\/media\/326949"}],"wp:attachment":[{"href":"https:\/\/www.europesays.com\/fr\/wp-json\/wp\/v2\/media?parent=342234"}],"wp:term":[{"taxonomy":"category","embeddable":true,"href":"https:\/\/www.europesays.com\/fr\/wp-json\/wp\/v2\/categories?post=342234"},{"taxonomy":"post_tag","embeddable":true,"href":"https:\/\/www.europesays.com\/fr\/wp-json\/wp\/v2\/tags?post=342234"}],"curies":[{"name":"wp","href":"https:\/\/api.w.org\/{rel}","templated":true}]}}