{"id":342235,"date":"2025-08-25T06:54:11","date_gmt":"2025-08-25T06:54:11","guid":{"rendered":"https:\/\/www.europesays.com\/fr\/342235\/"},"modified":"2025-08-25T06:54:11","modified_gmt":"2025-08-25T06:54:11","slug":"le-point-de-nationale-nice-chambery-narbonne-tetes-daffiche-grand-format","status":"publish","type":"post","link":"https:\/\/www.europesays.com\/fr\/342235\/","title":{"rendered":"Le point de Nationale &#8211; Nice, Chamb\u00e9ry, Narbonne : t\u00eates d\u2019affiche grand format"},"content":{"rendered":"<p>\n                Outre les favoris \u2013 ou suppos\u00e9s tel, on notera aussi bien la tr\u00e8s convaincante premi\u00e8re immersion dans le grand bain du promu niortais que la performance de Suresnes du c\u00f4t\u00e9 de Rouen.\n            <\/p>\n<p>Le moins que l\u2019on puisse dire, c\u2019est que ceux dont on attend monts et merveilles ont frapp\u00e9 d\u2019entr\u00e9e. Les performances de Chamb\u00e9ry, de Narbonne et de Nice ne sauraient \u00eatre pass\u00e9es sous silence. Protagonistes de la demi-finale promotionnelle 2021 et de l\u2019\u00e9pilogue 2024, Audois et Azur\u00e9ens, mine de rien, s\u2019\u00e9taient d\u00e9j\u00e0 pris, dans un pass\u00e9 r\u00e9cent, les pieds dans le tapis \u00e0 l\u2019occasion de leurs d\u00e9placements, qui \u00e0 Massy, qui \u00e0 Tarbes. Bien qu\u2019appel\u00e9s \u00e0 \u00e9voluer en inf\u00e9riorit\u00e9 num\u00e9rique et bien que rejoints au score (17-0, puis 17-17), les Narbonnais ont su faire le dos rond et creuser un \u00e9cart suffisant.<\/p>\n<p>Nice de son c\u00f4t\u00e9 n\u2019a pas fait de d\u00e9tail, bonus offensif \u00e0 la cl\u00e9. Que les vaincus bigourdans se rassurent, ils ne seront pas les seuls \u00e0 souffrir mille morts face au rel\u00e9gu\u00e9 de l\u2019\u00e9chelon sup\u00e9rieur. Au sujet de Chamb\u00e9ry, on ne saurait parler de purgatoire puisque les Savoyards n\u2019ont pas encore go\u00fbt\u00e9 aux joies du Pro D2. Qu\u2019importe, ce premier rendez-vous a \u00e9t\u00e9 honor\u00e9 comme il se doit et une pr\u00e9sence ininterrompue aux avant-postes est un sc\u00e9nario tout de ce qu\u2019il y a de plus envisageable. Pas de faux pas \u00e0 domicile non plus pour Niort, Bourgoin-Jallieu et P\u00e9rigueux. Le promu deux-s\u00e9vrien s\u2019est m\u00eame offert le luxe de priver l\u2019un de ses \u00e9ventuels concurrents directs du bonus d\u00e9fensif. Autant dire par exemple que, dans l\u2019absolu, Albi, en ne conc\u00e9dant que sept longueurs d\u2019\u00e9cart \u00e0 son h\u00f4te berjallien, ne fait pas une si mauvaise op\u00e9ration que cela. En 2024-2025, les Nord-Is\u00e9rois avaient \u00e9t\u00e9 trop inconstants sur leurs terres pour esp\u00e9rer jouer un r\u00f4le un peu moins ingrat que celui de simple candidat au maintien.<\/p>\n<p>P\u00e9rigueux \u00e0 l\u2019exp\u00e9rience<\/p>\n<p>Leur entr\u00e9e en lice ne devra toutefois correspondre en aucun cas \u00e0 un simple coup d\u2019\u00e9p\u00e9e dans l\u2019eau. Entre P\u00e9rigourdins et Rennais, dont l\u2019opposition, dans le dernier carr\u00e9 de l\u2019\u00e9dition 2022 du championnat de\u2026 F\u00e9d\u00e9rale 1, est rest\u00e9e dans les annales, force est rest\u00e9e cette fois aux premiers nomm\u00e9s, il est vrai plus aguerris, ou, c\u2019est selon, plus exp\u00e9riment\u00e9s. Le revenant (plut\u00f4t que nouveau venu) breton s\u2019en remettra, qui a pris une partie de la mesure du chemin lui restant \u00e0 parcourir. Enfin, Suresnes n\u2019a pas attendu longtemps pour rendre aux Rouennais qui les avaient battus deux fois la saison pass\u00e9e la monnaie de la pi\u00e8ce. \u00c0 charge pour le demi-finaliste (tout de m\u00eame, ne l\u2019oublions pas !) normand du dernier \u00e9pisode de r\u00e9agir au plus vite.<\/p>\n","protected":false},"excerpt":{"rendered":"Outre les favoris \u2013 ou suppos\u00e9s tel, on notera aussi bien la tr\u00e8s convaincante premi\u00e8re immersion dans le&hellip;\n","protected":false},"author":2,"featured_media":342236,"comment_status":"","ping_status":"","sticky":false,"template":"","format":"standard","meta":{"footnotes":""},"categories":[2819],"tags":[1111,11,1777,674,1011,27,12,2401,882,25],"class_list":{"0":"post-342235","1":"post","2":"type-post","3":"status-publish","4":"format-standard","5":"has-post-thumbnail","7":"category-nice","8":"tag-actu","9":"tag-actualites","10":"tag-eu","11":"tag-europe","12":"tag-fr","13":"tag-france","14":"tag-news","15":"tag-nice","16":"tag-provence-alpes-cote-dazur","17":"tag-republique-francaise"},"share_on_mastodon":{"url":"https:\/\/pubeurope.com\/@fr\/115088094899063578","error":""},"_links":{"self":[{"href":"https:\/\/www.europesays.com\/fr\/wp-json\/wp\/v2\/posts\/342235","targetHints":{"allow":["GET"]}}],"collection":[{"href":"https:\/\/www.europesays.com\/fr\/wp-json\/wp\/v2\/posts"}],"about":[{"href":"https:\/\/www.europesays.com\/fr\/wp-json\/wp\/v2\/types\/post"}],"author":[{"embeddable":true,"href":"https:\/\/www.europesays.com\/fr\/wp-json\/wp\/v2\/users\/2"}],"replies":[{"embeddable":true,"href":"https:\/\/www.europesays.com\/fr\/wp-json\/wp\/v2\/comments?post=342235"}],"version-history":[{"count":0,"href":"https:\/\/www.europesays.com\/fr\/wp-json\/wp\/v2\/posts\/342235\/revisions"}],"wp:featuredmedia":[{"embeddable":true,"href":"https:\/\/www.europesays.com\/fr\/wp-json\/wp\/v2\/media\/342236"}],"wp:attachment":[{"href":"https:\/\/www.europesays.com\/fr\/wp-json\/wp\/v2\/media?parent=342235"}],"wp:term":[{"taxonomy":"category","embeddable":true,"href":"https:\/\/www.europesays.com\/fr\/wp-json\/wp\/v2\/categories?post=342235"},{"taxonomy":"post_tag","embeddable":true,"href":"https:\/\/www.europesays.com\/fr\/wp-json\/wp\/v2\/tags?post=342235"}],"curies":[{"name":"wp","href":"https:\/\/api.w.org\/{rel}","templated":true}]}}