{"id":342237,"date":"2025-08-25T06:55:30","date_gmt":"2025-08-25T06:55:30","guid":{"rendered":"https:\/\/www.europesays.com\/fr\/342237\/"},"modified":"2025-08-25T06:55:30","modified_gmt":"2025-08-25T06:55:30","slug":"basse-goulaine-la-capitale-du-country-le-temps-dun-week-end","status":"publish","type":"post","link":"https:\/\/www.europesays.com\/fr\/342237\/","title":{"rendered":"Basse-Goulaine. La capitale du country le temps d\u2019un week-end"},"content":{"rendered":"<p>Les passionn\u00e9s de country ne rateraient pour rien au monde ce rendez-vous du week-end du 29 au 31\u00a0ao\u00fbt au 121, rue de l\u2019Arche (secteur des Vall\u00e9es). Et cette cinqui\u00e8me \u00e9dition r\u00e9serve de belles surprises.<\/p>\n<p>Trois groupes de renomm\u00e9e internationale seront pr\u00e9sents\u00a0: Le vendredi 29\u00a0ao\u00fbt ce sera Backwest \u00e0 20\u00a0h, le samedi\u00a030 \u00e0 21\u00a0h concert des Texas side step. Le dimanche 31\u00a0ao\u00fbt le concert de cl\u00f4ture avec les Yanky West \u00e0 14\u00a0h. En plus des concerts des workshops sont organis\u00e9s le samedi et le dimanche avec David Lecaillon chor\u00e9graphe r\u00e9put\u00e9.<\/p>\n<p>Le programme d\u2019ouverture du parquet, des danses, des workshops et des chor\u00e9graphies est accessible sur le site de l\u2019association. \u00c9galement il y a une exposition de v\u00e9hicules am\u00e9ricains avec des bapt\u00eames de motos et une parade le dimanche matin dans la ville, des bijoux, articles d\u00e9co,\u00a0etc. Une restauration sur place. Le tarif est de 15 \u00e0 20\u00a0\u20ac ou 42\u00a0\u20ac le pass 3\u00a0jours sur r\u00e9servation.<\/p>\n<p>Le billet d\u2019entr\u00e9e peut \u00eatre achet\u00e9 en ligne par courrier ou sur place. Gratuit pour les enfants de moins de 16\u00a0ans. L\u2019association\u00a0: Lo\u00efc Pair\u00e9 pr\u00e9sident depuis 2007, 130\u00a0adh\u00e9rents.<\/p>\n<p>\u00a0<\/p>\n","protected":false},"excerpt":{"rendered":"Les passionn\u00e9s de country ne rateraient pour rien au monde ce rendez-vous du week-end du 29 au 31\u00a0ao\u00fbt&hellip;\n","protected":false},"author":2,"featured_media":342238,"comment_status":"","ping_status":"","sticky":false,"template":"","format":"standard","meta":{"footnotes":""},"categories":[2818],"tags":[1111,11,3266,5808,45760,1777,674,1011,27,766,12,2636,25,3272,5426,4064],"class_list":{"0":"post-342237","1":"post","2":"type-post","3":"status-publish","4":"format-standard","5":"has-post-thumbnail","7":"category-nantes","8":"tag-actu","9":"tag-actualites","10":"tag-basse-goulaine","11":"tag-capitale","12":"tag-country","13":"tag-eu","14":"tag-europe","15":"tag-fr","16":"tag-france","17":"tag-nantes","18":"tag-news","19":"tag-pays-de-la-loire","20":"tag-republique-francaise","21":"tag-saint-nazaire","22":"tag-temps","23":"tag-week-end"},"share_on_mastodon":{"url":"https:\/\/pubeurope.com\/@fr\/115088098879476799","error":""},"_links":{"self":[{"href":"https:\/\/www.europesays.com\/fr\/wp-json\/wp\/v2\/posts\/342237","targetHints":{"allow":["GET"]}}],"collection":[{"href":"https:\/\/www.europesays.com\/fr\/wp-json\/wp\/v2\/posts"}],"about":[{"href":"https:\/\/www.europesays.com\/fr\/wp-json\/wp\/v2\/types\/post"}],"author":[{"embeddable":true,"href":"https:\/\/www.europesays.com\/fr\/wp-json\/wp\/v2\/users\/2"}],"replies":[{"embeddable":true,"href":"https:\/\/www.europesays.com\/fr\/wp-json\/wp\/v2\/comments?post=342237"}],"version-history":[{"count":0,"href":"https:\/\/www.europesays.com\/fr\/wp-json\/wp\/v2\/posts\/342237\/revisions"}],"wp:featuredmedia":[{"embeddable":true,"href":"https:\/\/www.europesays.com\/fr\/wp-json\/wp\/v2\/media\/342238"}],"wp:attachment":[{"href":"https:\/\/www.europesays.com\/fr\/wp-json\/wp\/v2\/media?parent=342237"}],"wp:term":[{"taxonomy":"category","embeddable":true,"href":"https:\/\/www.europesays.com\/fr\/wp-json\/wp\/v2\/categories?post=342237"},{"taxonomy":"post_tag","embeddable":true,"href":"https:\/\/www.europesays.com\/fr\/wp-json\/wp\/v2\/tags?post=342237"}],"curies":[{"name":"wp","href":"https:\/\/api.w.org\/{rel}","templated":true}]}}