{"id":342239,"date":"2025-08-25T06:56:24","date_gmt":"2025-08-25T06:56:24","guid":{"rendered":"https:\/\/www.europesays.com\/fr\/342239\/"},"modified":"2025-08-25T06:56:24","modified_gmt":"2025-08-25T06:56:24","slug":"cette-entreprise-ouvre-un-site-entre-nantes-et-saint-nazaire-et-propose-des-emplois","status":"publish","type":"post","link":"https:\/\/www.europesays.com\/fr\/342239\/","title":{"rendered":"Cette entreprise ouvre un site entre Nantes et Saint-Nazaire et propose des emplois"},"content":{"rendered":"<p>            Par<br \/>\n        <strong><br \/>\n            <a href=\"https:\/\/actu.fr\/auteur\/journaliste-ehpg\" title=\"Consulter tous les articles de R\u00e9daction Gu\u00e9rande\" rel=\"nofollow noopener\" target=\"_blank\">R\u00e9daction Gu\u00e9rande<\/a><br \/>\n        <\/strong><\/p>\n<p>        Publi\u00e9 le<\/p>\n<p>            25 ao\u00fbt 2025 \u00e0 7h26        <\/p>\n<p>Le groupe Brangeon ouvre un nouveau site \u00e0 <a href=\"https:\/\/actu.fr\/pays-de-la-loire\/prinquiau_44137\" rel=\"nofollow noopener\" target=\"_blank\">Prinquiau<\/a> (Loire-Atlantique) sur la zone des Basses Landes. Il sera d\u00e9di\u00e9 \u00e0 ses activit\u00e9s de transport et de logistique. Aussi, pour compl\u00e9ter l\u2019\u00e9quipe, l\u2019entreprise recrute des conducteurs routiers et des caristes. Un job dating va avoir lieu tr\u00e8s prochainement sur place .<\/p>\n<p class=\" wall-content\">Brangeon est une entreprise familiale et ind\u00e9pendante sp\u00e9cialis\u00e9e dans le transport. Son activit\u00e9 historique depuis 1919, s\u2019est diversifi\u00e9e en logistique, en collecte, en valorisation et recyclage.<\/p>\n<p>Deux tourn\u00e9es par jour sans d\u00e9coucher<\/p>\n<p class=\" wall-content\">Le site de Prinquiau, sera base de d\u00e9part d\u2019une dizaine de conducteurs routiers dont les activit\u00e9s seront compl\u00e9t\u00e9es par quatre op\u00e9rateurs caristes et un service d\u2019exploitation.<\/p>\n<p class=\" wall-content\">Les \u00e9quipes sont en cours de construction et plusieurs postes sont ouverts au recrutement.<\/p>\n<p class=\" wall-content\">Les conducteurs routiers assureront des collectes dans un rayon de proximit\u00e9 avec deux tourn\u00e9es par jour en sachant qu\u2019ils rentreront le midi et le soir au d\u00e9p\u00f4t sans d\u00e9coucher.<\/p>\n<p>Job dating mardi 9 septembre<\/p>\n<p class=\" wall-content\">Sur place en horaire de journ\u00e9e, \u00e0 l\u2019entrep\u00f4t, les caristes effectueront le d\u00e9chargement des camions, le contr\u00f4le des marchandises et le stockage des flux avant de les exp\u00e9dier vers une prochaine destination.<\/p>\n<blockquote class=\"ac-article-quote wall-content\">\n<p>\u00ab\u00a0Nous construisons une \u00e9quipe de femmes et d\u2019hommes de terrain, motiv\u00e9s et pr\u00eats \u00e0 \u0153uvrer pour une prestation fiable, efficace et de qualit\u00e9.\u00a0\u00bb<\/p>\n<p>Am\u00e9lie Lefort, charg\u00e9e de mission RH<\/p><\/blockquote>\n<p class=\" wall-content\">\u00ab\u00a0L\u2019\u00e9quipe d\u2019une quinzaine de personnes b\u00e9n\u00e9ficiera de nos m\u00e9thodes et de notre savoir-faire reconnu.\u00a0\u00bb<\/p>\n<p>Votre r\u00e9gion, votre actu !<\/p>\n<p>Recevez chaque jour les infos qui comptent pour vous.<\/p>\n<p>\t<a href=\"https:\/\/actu.fr\/newsletter\" class=\"ac-btn ac-btn--corner ac-btn--medium ac-btn--blue800\" rel=\"nofollow noopener\" target=\"_blank\">S&rsquo;incrire<\/a><\/p>\n<p class=\" wall-content\">Le job dating du mardi 9 septembre 2025 est un rendez-vous d\u00e9di\u00e9 aux m\u00e9tiers de conducteurs poids lourd (PL) et\/ou semi-poids lourd (SPL), et cariste.<\/p>\n<p>    <img   decoding=\"async\" loading=\"lazy\" class=\"size-large\" src=\"https:\/\/www.europesays.com\/fr\/wp-content\/uploads\/2025\/08\/036abce288a861a6abce288a80e6abv-960x640.jpg\" alt=\"Le Groupe Brangeon d\u00e9di\u00e9 au transport et \u00e0 la logistique qui s\u2019installe sur la zone des Basses Landes veut recruter des conducteurs routiers et des op\u00e9rateurs caristes\u00a0\" width=\"960\" height=\"640\"\/><br \/>\n    L\u2019entreprise Brangeon existe depuis 2019 \u00a9Groupe Brangeon<\/p>\n<p class=\" wall-content\">Le rendez-vous est fix\u00e9 \u00e0 9 h au 65, route de Saint-Nazaire au lieu-dit les Basses Landes \u00e0 Prinquiau. Pour participer, l\u2019inscription est obligatoire soit au 02 41 72 11 56 ou <a href=\"https:\/\/recrutement.brangeon.fr\/\" rel=\"nofollow noopener\" target=\"_blank\">recrutement.brangeon.fr<\/a> \u00e0 la rubrique actualit\u00e9s.<\/p>\n<p class=\" wall-content\">Au programme, visite et pr\u00e9sentation collective de l\u2019activit\u00e9, du m\u00e9tier de conducteur routier PL ou\/et SPL et de cariste puis entretien individuel avec un recruteur Brangeon et le futur manager.<\/p>\n<p class=\" wall-content\">Personnalisez votre actualit\u00e9 en ajoutant vos villes et m\u00e9dias en favori avec <a href=\"https:\/\/moncompte.actu.fr\" title=\"D\u00e9couvez Mon Actu\" rel=\"nofollow noopener\" data-trk=\"{&quot;cta&quot;:{&quot;action&quot;:&quot;https:\\\/\\\/moncompte.actu.fr&quot;,&quot;category&quot;:&quot;mon compte&quot;,&quot;from&quot;:&quot;article footer&quot;,&quot;name&quot;:&quot;Mon actu&quot;,&quot;type&quot;:&quot;cta&quot;}}\" target=\"_blank\">Mon Actu<\/a>.<\/p>\n","protected":false},"excerpt":{"rendered":"Par R\u00e9daction Gu\u00e9rande Publi\u00e9 le 25 ao\u00fbt 2025 \u00e0 7h26 Le groupe Brangeon ouvre un nouveau site \u00e0&hellip;\n","protected":false},"author":2,"featured_media":342240,"comment_status":"","ping_status":"","sticky":false,"template":"","format":"standard","meta":{"footnotes":""},"categories":[2818],"tags":[1111,11,33,341,1777,674,1011,27,766,12,2636,25,2803],"class_list":{"0":"post-342239","1":"post","2":"type-post","3":"status-publish","4":"format-standard","5":"has-post-thumbnail","7":"category-nantes","8":"tag-actu","9":"tag-actualites","10":"tag-economie","11":"tag-emploi","12":"tag-eu","13":"tag-europe","14":"tag-fr","15":"tag-france","16":"tag-nantes","17":"tag-news","18":"tag-pays-de-la-loire","19":"tag-republique-francaise","20":"tag-transport"},"share_on_mastodon":{"url":"https:\/\/pubeurope.com\/@fr\/115088103120871787","error":""},"_links":{"self":[{"href":"https:\/\/www.europesays.com\/fr\/wp-json\/wp\/v2\/posts\/342239","targetHints":{"allow":["GET"]}}],"collection":[{"href":"https:\/\/www.europesays.com\/fr\/wp-json\/wp\/v2\/posts"}],"about":[{"href":"https:\/\/www.europesays.com\/fr\/wp-json\/wp\/v2\/types\/post"}],"author":[{"embeddable":true,"href":"https:\/\/www.europesays.com\/fr\/wp-json\/wp\/v2\/users\/2"}],"replies":[{"embeddable":true,"href":"https:\/\/www.europesays.com\/fr\/wp-json\/wp\/v2\/comments?post=342239"}],"version-history":[{"count":0,"href":"https:\/\/www.europesays.com\/fr\/wp-json\/wp\/v2\/posts\/342239\/revisions"}],"wp:featuredmedia":[{"embeddable":true,"href":"https:\/\/www.europesays.com\/fr\/wp-json\/wp\/v2\/media\/342240"}],"wp:attachment":[{"href":"https:\/\/www.europesays.com\/fr\/wp-json\/wp\/v2\/media?parent=342239"}],"wp:term":[{"taxonomy":"category","embeddable":true,"href":"https:\/\/www.europesays.com\/fr\/wp-json\/wp\/v2\/categories?post=342239"},{"taxonomy":"post_tag","embeddable":true,"href":"https:\/\/www.europesays.com\/fr\/wp-json\/wp\/v2\/tags?post=342239"}],"curies":[{"name":"wp","href":"https:\/\/api.w.org\/{rel}","templated":true}]}}