{"id":34224,"date":"2025-04-18T14:06:10","date_gmt":"2025-04-18T14:06:10","guid":{"rendered":"https:\/\/www.europesays.com\/fr\/34224\/"},"modified":"2025-04-18T14:06:10","modified_gmt":"2025-04-18T14:06:10","slug":"les-habitants-ont-ete-evacues-il-y-a-presque-deux-ans-pourquoi-rien-ne-bouge-dans-cet-immeuble-de-nice","status":"publish","type":"post","link":"https:\/\/www.europesays.com\/fr\/34224\/","title":{"rendered":"Les habitants ont \u00e9t\u00e9 \u00e9vacu\u00e9s il y a presque deux ans: pourquoi rien ne bouge dans cet immeuble de Nice?"},"content":{"rendered":"<p>Les barri\u00e8res n\u2019ont pas boug\u00e9. La fa\u00e7ade semble s\u2019\u00eatre ternie. Le temps est suspendu devant le 20, boulevard de Riquier, depuis le 1er juin 2023.<\/p>\n<p>Le jour o\u00f9 les habitants des huit appartements ont d\u00fb quitter les lieux \u00e0 la h\u00e2te, emportant le n\u00e9cessaire, les papiers.<\/p>\n<p>Quelle est la situation, presque deux ans plus tard? \u00ab\u00a0Rien n\u2019a chang\u00e9\u00a0\u00bb, ass\u00e8ne, amer, Hassan Messad, l\u2019un des copropri\u00e9taires. Il lui a paru, un temps, que l\u2019issue se rapprochait mais les proc\u00e9dures sont tr\u00e8s longues.<\/p>\n<p>Les concern\u00e9s accusent la Sagec (1), qui a construit l\u2019immeuble mitoyen et dont le chantier a fragilis\u00e9 le leur. Mais les responsabilit\u00e9s ne sont pas encore \u00e9tablies.<\/p>\n<p>\u00ab\u00a0Nous avons eu une r\u00e9union avec l\u2019expert mandat\u00e9 par le tribunal, fin janvier. Il nous a expliqu\u00e9 qu\u2019il rendait ses conclusions \u00e0 la fin de cette ann\u00e9e. Nous nous attendions \u00e0 les recevoir plus t\u00f4t mais le dossier est tr\u00e8s complexe. Alors nous patientons, raconte avec philosophie Hassan Messad. Des sondages et des relev\u00e9s ont \u00e9t\u00e9 effectu\u00e9s mais l\u2019expert souhaite prendre d\u2019autres mesures pour \u00eatre s\u00fbr de son rapport.\u00a0\u00bb<\/p>\n<p><strong>R\u00e9paration ou d\u00e9molition &#8211; reconstruction<\/strong><\/p>\n<p>\u00ab\u00a0Dans le premier cas, l\u2019expert doit \u00eatre certain que plus rien ne bouge. On le comprend: il ne veut prendre aucun risque car ce n\u2019est pas la premi\u00e8re fois que \u00e7a arrive\u00a0\u00bb, explique le Ni\u00e7ois.<\/p>\n<p>En effet, pareille m\u00e9saventure \u00e9tait arriv\u00e9e il y a trente ans, avec les m\u00eames protagonistes, lorsqu\u2019avait \u00e9t\u00e9 \u00e9rig\u00e9 un immeuble \u00e0 droite de celui \u00e9vacu\u00e9. \u00c0 l\u2019\u00e9poque, la proc\u00e9dure avait dur\u00e9 une quinzaine d\u2019ann\u00e9es.<\/p>\n<p>\u00ab\u00a0Nous esp\u00e9rons que ce soit plus rapide, cette fois\u00a0\u00bb, souffle le voisin.<\/p>\n<p>Et si la r\u00e9paration est impossible ou trop on\u00e9reuse, \u00ab\u00a0alors l\u2019immeuble sera reconstruit. L\u2019enjeu financier est \u00e9norme, c\u2019est pour cela que l\u2019expert prend tant de pr\u00e9caution. Il est tout de m\u00eame \u00e0 l\u2019\u00e9coute, il nous a dit qu\u2019il avait conscience que des familles \u00e9taient en difficult\u00e9. En revanche, pendant ce temps-l\u00e0, les assurances sont bien silencieuses, d\u00e9plore Hassan Messad. Elles tra\u00eenent des pieds. Globalement, dans ce dossier, nous, les propri\u00e9taires, avons l\u2019impression qu\u2019on essaie de nous \u00e9puiser pour accepter des compromis au rabais. Certains se retrouvent dans une situation inextricable parce que nous ne pouvons pas vendre, les \u00e9ch\u00e9ances de cr\u00e9dits continuent \u00e0 tomber et il y a toujours des charges et taxes \u00e0 payer.\u00a0\u00bb<\/p>\n<p>Lorsque l\u2019expert rendra ses conclusions, la proc\u00e9dure se poursuivra devant le juge qui devra, le cas \u00e9ch\u00e9ant, fixer l\u2019indemnisation. Cela se compte en ann\u00e9es plus qu\u2019en mois.<\/p>\n<p>Autant dire que le 20, boulevard de Riquier, ne va pas bouger \u00e0 br\u00e8ve \u00e9ch\u00e9ance. \u00ab\u00a0Or un immeuble inoccup\u00e9 se d\u00e9grade.\u00a0\u00bb Car il est toujours interdit \u00e0 quiconque d\u2019y p\u00e9n\u00e9trer. Les lieux sont plac\u00e9s sous surveillance.<\/p>\n<p>1. Sollicit\u00e9e, la soci\u00e9t\u00e9 a refus\u00e9 de s\u2019exprimer.<\/p>\n","protected":false},"excerpt":{"rendered":"Les barri\u00e8res n\u2019ont pas boug\u00e9. La fa\u00e7ade semble s\u2019\u00eatre ternie. Le temps est suspendu devant le 20, boulevard&hellip;\n","protected":false},"author":2,"featured_media":34225,"comment_status":"","ping_status":"","sticky":false,"template":"","format":"standard","meta":{"footnotes":""},"categories":[2819],"tags":[1111,11,1777,674,1011,27,12,2401,882,25,1352,3366],"class_list":{"0":"post-34224","1":"post","2":"type-post","3":"status-publish","4":"format-standard","5":"has-post-thumbnail","7":"category-nice","8":"tag-actu","9":"tag-actualites","10":"tag-eu","11":"tag-europe","12":"tag-fr","13":"tag-france","14":"tag-news","15":"tag-nice","16":"tag-provence-alpes-cote-dazur","17":"tag-republique-francaise","18":"tag-urbanisme","19":"tag-vie-locale"},"share_on_mastodon":{"url":"https:\/\/pubeurope.com\/@fr\/114359355572381253","error":""},"_links":{"self":[{"href":"https:\/\/www.europesays.com\/fr\/wp-json\/wp\/v2\/posts\/34224","targetHints":{"allow":["GET"]}}],"collection":[{"href":"https:\/\/www.europesays.com\/fr\/wp-json\/wp\/v2\/posts"}],"about":[{"href":"https:\/\/www.europesays.com\/fr\/wp-json\/wp\/v2\/types\/post"}],"author":[{"embeddable":true,"href":"https:\/\/www.europesays.com\/fr\/wp-json\/wp\/v2\/users\/2"}],"replies":[{"embeddable":true,"href":"https:\/\/www.europesays.com\/fr\/wp-json\/wp\/v2\/comments?post=34224"}],"version-history":[{"count":0,"href":"https:\/\/www.europesays.com\/fr\/wp-json\/wp\/v2\/posts\/34224\/revisions"}],"wp:featuredmedia":[{"embeddable":true,"href":"https:\/\/www.europesays.com\/fr\/wp-json\/wp\/v2\/media\/34225"}],"wp:attachment":[{"href":"https:\/\/www.europesays.com\/fr\/wp-json\/wp\/v2\/media?parent=34224"}],"wp:term":[{"taxonomy":"category","embeddable":true,"href":"https:\/\/www.europesays.com\/fr\/wp-json\/wp\/v2\/categories?post=34224"},{"taxonomy":"post_tag","embeddable":true,"href":"https:\/\/www.europesays.com\/fr\/wp-json\/wp\/v2\/tags?post=34224"}],"curies":[{"name":"wp","href":"https:\/\/api.w.org\/{rel}","templated":true}]}}