{"id":342253,"date":"2025-08-25T07:04:12","date_gmt":"2025-08-25T07:04:12","guid":{"rendered":"https:\/\/www.europesays.com\/fr\/342253\/"},"modified":"2025-08-25T07:04:12","modified_gmt":"2025-08-25T07:04:12","slug":"un-violent-incendie-ravage-une-menuiserie-de-500-m2-dans-le-quartier-des-crottes","status":"publish","type":"post","link":"https:\/\/www.europesays.com\/fr\/342253\/","title":{"rendered":"Un violent incendie ravage une menuiserie de 500\u00a0m2 dans le quartier des Crottes"},"content":{"rendered":"<p>La ville de <a href=\"https:\/\/www.20minutes.fr\/marseille\/\" target=\"_blank\" class=\"c-link c-link--is-underlined\" rel=\"noopener\">Marseille<\/a> a \u00e9t\u00e9 frapp\u00e9e dimanche en fin de journ\u00e9e par un important incendie. Selon des informations de <a href=\"https:\/\/france3-regions.franceinfo.fr\/provence-alpes-cote-d-azur\/bouches-du-rhone\/marseille\/on-voit-une-epaisse-fumee-noire-vers-le-port-un-garage-automobile-en-flammes-dans-la-ville-les-habitants-s-inquietent-3205928.html\" rel=\"nofollow noopener\" target=\"_blank\" class=\"c-link c-link--is-underlined\">France 3<\/a>, mais aussi de <a href=\"https:\/\/www.laprovence.com\/article\/faits-divers-justice\/1837655284865614\/un-incendie-en-cours-dans-le-quartier-des-crottes-a-marseille\" rel=\"nofollow noopener\" target=\"_blank\" class=\"c-link c-link--is-underlined\">La Provence<\/a>, le feu s\u2019est d\u00e9clar\u00e9 dans le 15e\u00a0arrondissement de la cit\u00e9 phoc\u00e9enne, plus pr\u00e9cis\u00e9ment dans le quartier des Crottes.<\/p>\n<p>A 16 heures, les marins pompiers ont \u00e9t\u00e9 appel\u00e9s pour un d\u00e9part de feu. Une menuiserie \u00e9tait alors en proie aux flammes. Le b\u00e2timent faisant 500\u00a0m2 sur deux \u00e9tages, les secours ont d\u00fb venir en nombre avec 20 camions pour contenir au plus vite l\u2019<a href=\"https:\/\/www.20minutes.fr\/dossier\/incendie\" target=\"_blank\" class=\"c-link c-link--is-underlined\" rel=\"noopener\">incendie<\/a>.<\/p>\n<p>Des explosions de bouteilles de gaz<\/p>\n<p>Au total, pr\u00e8s de 60 pompiers ont combattu les flammes et surtout g\u00e9rer l\u2019explosion de nombreuses bouteilles de gaz entrepos\u00e9es dans le b\u00e2timent. Selon La Provence \u00ab\u00a0le sinistre a \u00e9galement provoqu\u00e9 des feux dans deux appartements situ\u00e9s sur le boulevard Magallon adjacent\u00a0\u00bb.<\/p>\n<\/p>\n<p>Si le feu est ma\u00eetris\u00e9 depuis 19h30, il n&rsquo;est pas \u00e9teint, selon les marins pompiers. Et les d\u00e9g\u00e2ts sont cons\u00e9quents. Les deux appartements sont en effet compl\u00e8tement d\u00e9truits et un pan de mur de la menuiserie menace toujours de s\u2019effondrer.<\/p>\n<p><a href=\"https:\/\/www.20minutes.fr\/marseille\/\" target=\"_blank\" class=\"c-link c-btn c-btn--primary\" rel=\"noopener\">Nos articles sur Marseille<\/a><\/p>\n<p>Dans le quartier impr\u00e9gn\u00e9 par de la fum\u00e9e noire, sept b\u00e2timents ont \u00e9t\u00e9 \u00e9vacu\u00e9s. La police est donc sur place pour s\u00e9curiser le site, alors que des centaines d\u2019habitants attendent de pouvoir revenir dans leurs logements. Aucun bless\u00e9 n\u2019est par contre \u00e0 d\u00e9plorer. Une enqu\u00eate est en outre en cours pour d\u00e9terminer l\u2019origine de l\u2019incendie.<\/p>\n","protected":false},"excerpt":{"rendered":"La ville de Marseille a \u00e9t\u00e9 frapp\u00e9e dimanche en fin de journ\u00e9e par un important incendie. Selon des&hellip;\n","protected":false},"author":2,"featured_media":342254,"comment_status":"","ping_status":"","sticky":false,"template":"","format":"standard","meta":{"footnotes":""},"categories":[2814],"tags":[1111,47,11,885,1777,674,118,7505,1312,1011,27,1310,884,12,883,1311,882,25,133],"class_list":{"0":"post-342253","1":"post","2":"type-post","3":"status-publish","4":"format-standard","5":"has-post-thumbnail","7":"category-marseille","8":"tag-actu","9":"tag-actualite","10":"tag-actualites","11":"tag-bouches-du-rhone","12":"tag-eu","13":"tag-europe","14":"tag-faits-divers","15":"tag-faits-divers-marseille","16":"tag-feu","17":"tag-fr","18":"tag-france","19":"tag-incendie","20":"tag-marseille","21":"tag-news","22":"tag-paca","23":"tag-pompiers","24":"tag-provence-alpes-cote-dazur","25":"tag-republique-francaise","26":"tag-video"},"share_on_mastodon":{"url":"https:\/\/pubeurope.com\/@fr\/115088134345223513","error":""},"_links":{"self":[{"href":"https:\/\/www.europesays.com\/fr\/wp-json\/wp\/v2\/posts\/342253","targetHints":{"allow":["GET"]}}],"collection":[{"href":"https:\/\/www.europesays.com\/fr\/wp-json\/wp\/v2\/posts"}],"about":[{"href":"https:\/\/www.europesays.com\/fr\/wp-json\/wp\/v2\/types\/post"}],"author":[{"embeddable":true,"href":"https:\/\/www.europesays.com\/fr\/wp-json\/wp\/v2\/users\/2"}],"replies":[{"embeddable":true,"href":"https:\/\/www.europesays.com\/fr\/wp-json\/wp\/v2\/comments?post=342253"}],"version-history":[{"count":0,"href":"https:\/\/www.europesays.com\/fr\/wp-json\/wp\/v2\/posts\/342253\/revisions"}],"wp:featuredmedia":[{"embeddable":true,"href":"https:\/\/www.europesays.com\/fr\/wp-json\/wp\/v2\/media\/342254"}],"wp:attachment":[{"href":"https:\/\/www.europesays.com\/fr\/wp-json\/wp\/v2\/media?parent=342253"}],"wp:term":[{"taxonomy":"category","embeddable":true,"href":"https:\/\/www.europesays.com\/fr\/wp-json\/wp\/v2\/categories?post=342253"},{"taxonomy":"post_tag","embeddable":true,"href":"https:\/\/www.europesays.com\/fr\/wp-json\/wp\/v2\/tags?post=342253"}],"curies":[{"name":"wp","href":"https:\/\/api.w.org\/{rel}","templated":true}]}}