{"id":342257,"date":"2025-08-25T07:06:11","date_gmt":"2025-08-25T07:06:11","guid":{"rendered":"https:\/\/www.europesays.com\/fr\/342257\/"},"modified":"2025-08-25T07:06:11","modified_gmt":"2025-08-25T07:06:11","slug":"le-rennais-lorange-bleue-arrive-a-lyon","status":"publish","type":"post","link":"https:\/\/www.europesays.com\/fr\/342257\/","title":{"rendered":"Le rennais L&rsquo;Orange Bleue arrive \u00e0 Lyon"},"content":{"rendered":"<p melodystyle=\"texte\">Le r\u00e9seau de salles de fitness L\u2019Orange Bleue, dont la soci\u00e9t\u00e9 m\u00e8re OB R\u00e9seaux est bas\u00e9e \u00e0 Rennes, poursuit son d\u00e9veloppement avec l\u2019ouverture programm\u00e9e dans les prochains mois d\u2019une nouvelle salle de sport \u00e0 Lyon. Dirig\u00e9e par Maksime Nikolaev, cette salle sera situ\u00e9e rue du Professeur Nicolas, \u00e0 proximit\u00e9 de l\u2019Intermarch\u00e9 Super et du stade Michel Saez. D\u00e9j\u00e0 pr\u00e9sente dans les Monts Lyonnais \u00e0 Souzy, l\u2019enseigne compl\u00e8te ainsi sa pr\u00e9sence dans le Rh\u00f4ne avec une seconde implantation, la premi\u00e8re dans la Capitale des Gaules. \u00c0 ce jour, L\u2019Orange Bleue (1 200 salari\u00e9s) compte plus de 400 salles en France et en Espagne pour un chiffre d\u2019affaires r\u00e9alis\u00e9 de 160 millions d\u2019euros en 2024. Le r\u00e9seau de salles de sport est \u00e9galement propri\u00e9taire d\u2019une marque d\u00e9pos\u00e9e de cours collectifs exclusifs pour tous baptis\u00e9e YAKO\u00a9<strong>. <\/strong><a href=\"https:\/\/www.lejournaldesentreprises.com\/article\/lorange-bleue-lance-la-construction-de-son-nouveau-siege-social-rennes-2115945\" target=\"_blank\" data-entity-type=\"node\" data-entity-substitution=\"canonical\" data-entity-uuid=\"5c99698b-ca9c-46a6-9dd2-0ca8ad8b45b6\" data-entity-id=\"2115945\" data-entity-bundle=\"article\" data-internal-href=\"http:\/\/www.lejournaldesentreprises.com\/node\/2115945\" rel=\"nofollow noopener\">Le groupe rennais a par ailleurs r\u00e9cemment annonc\u00e9 un investissement de 15 millions d\u2019euros dans son nouveau si\u00e8ge social<\/a>.<\/p>\n","protected":false},"excerpt":{"rendered":"Le r\u00e9seau de salles de fitness L\u2019Orange Bleue, dont la soci\u00e9t\u00e9 m\u00e8re OB R\u00e9seaux est bas\u00e9e \u00e0 Rennes,&hellip;\n","protected":false},"author":2,"featured_media":342258,"comment_status":"","ping_status":"","sticky":false,"template":"","format":"standard","meta":{"footnotes":""},"categories":[1889],"tags":[1111,11,2430,1777,674,1011,27,2428,12,25],"class_list":{"0":"post-342257","1":"post","2":"type-post","3":"status-publish","4":"format-standard","5":"has-post-thumbnail","7":"category-lyon","8":"tag-actu","9":"tag-actualites","10":"tag-auvergne-rhone-alpes","11":"tag-eu","12":"tag-europe","13":"tag-fr","14":"tag-france","15":"tag-lyon","16":"tag-news","17":"tag-republique-francaise"},"share_on_mastodon":{"url":"https:\/\/pubeurope.com\/@fr\/115088142016841740","error":""},"_links":{"self":[{"href":"https:\/\/www.europesays.com\/fr\/wp-json\/wp\/v2\/posts\/342257","targetHints":{"allow":["GET"]}}],"collection":[{"href":"https:\/\/www.europesays.com\/fr\/wp-json\/wp\/v2\/posts"}],"about":[{"href":"https:\/\/www.europesays.com\/fr\/wp-json\/wp\/v2\/types\/post"}],"author":[{"embeddable":true,"href":"https:\/\/www.europesays.com\/fr\/wp-json\/wp\/v2\/users\/2"}],"replies":[{"embeddable":true,"href":"https:\/\/www.europesays.com\/fr\/wp-json\/wp\/v2\/comments?post=342257"}],"version-history":[{"count":0,"href":"https:\/\/www.europesays.com\/fr\/wp-json\/wp\/v2\/posts\/342257\/revisions"}],"wp:featuredmedia":[{"embeddable":true,"href":"https:\/\/www.europesays.com\/fr\/wp-json\/wp\/v2\/media\/342258"}],"wp:attachment":[{"href":"https:\/\/www.europesays.com\/fr\/wp-json\/wp\/v2\/media?parent=342257"}],"wp:term":[{"taxonomy":"category","embeddable":true,"href":"https:\/\/www.europesays.com\/fr\/wp-json\/wp\/v2\/categories?post=342257"},{"taxonomy":"post_tag","embeddable":true,"href":"https:\/\/www.europesays.com\/fr\/wp-json\/wp\/v2\/tags?post=342257"}],"curies":[{"name":"wp","href":"https:\/\/api.w.org\/{rel}","templated":true}]}}