{"id":342259,"date":"2025-08-25T07:08:15","date_gmt":"2025-08-25T07:08:15","guid":{"rendered":"https:\/\/www.europesays.com\/fr\/342259\/"},"modified":"2025-08-25T07:08:15","modified_gmt":"2025-08-25T07:08:15","slug":"idfm-une-nouvelle-ligne-de-bus-sur-les-bords-de-la-marne-declaree-dutilite-publique","status":"publish","type":"post","link":"https:\/\/www.europesays.com\/fr\/342259\/","title":{"rendered":"IDFM. Une nouvelle ligne de bus sur les bords de la Marne d\u00e9clar\u00e9e d&rsquo;utilit\u00e9 publique"},"content":{"rendered":"<p>            Par<br \/>\n        <strong><br \/>\n            <a href=\"https:\/\/actu.fr\/auteur\/redaction-paris\" title=\"Consulter tous les articles de R\u00e9daction Paris\" rel=\"nofollow noopener\" target=\"_blank\">R\u00e9daction Paris<\/a><br \/>\n        <\/strong><\/p>\n<p>        Publi\u00e9 le<\/p>\n<p>            25 ao\u00fbt 2025 \u00e0 6h44        <\/p>\n<p>Cr\u00e9er une <a href=\"https:\/\/actu.fr\/societe\/idfm-le-projet-de-creation-d-une-ligne-de-bus-entre-val-de-fontenay-et-chelles-trace-sa-route_62557194.html\" rel=\"nofollow noopener\" target=\"_blank\">nouvelle ligne de bus<\/a> pour relier Val de Fontenay (Fontenay-sous-Bois) \u00e0 Chelles (Seine-et-Marne). Le projet du bus des Bords de Marne poursuit son chemin avec, ce 4 ao\u00fbt 2025, sa <a href=\"https:\/\/www.val-de-marne.gouv.fr\/Publications\/Enquetes-publiques-et-concertations-prealables\/Declaration-d-utilite-publique-du-projet-de-transport-en-commun-Bus-Bords-de-Marne\" rel=\"nofollow noopener\" target=\"_blank\">d\u00e9claration d\u2019utilit\u00e9 publique<\/a> sign\u00e9e par les pr\u00e9fectures du <a href=\"https:\/\/actu.fr\/ile-de-france\/creteil_94028\/prison-de-noiseau-couvre-feu-a-orly-les-chantiers-du-nouveau-prefet-du-val-de-marne-etienne-stoskopf_61879970.html\" rel=\"nofollow noopener\" target=\"_blank\">Val-de-Marne<\/a>, de la <a href=\"https:\/\/actu.fr\/ile-de-france\/bobigny_93008\/education-securite-et-services-publics-les-priorites-du-nouveau-prefet-de-seine-saint-denis_61916380.html\" rel=\"nofollow noopener\" target=\"_blank\">Seine-Saint-Denis<\/a> et de la <a href=\"https:\/\/actu.fr\/societe\/qui-est-le-nouveau-prefet-de-seine-et-marne_60050455.html\" rel=\"nofollow noopener\" target=\"_blank\">Seine-et-Marne<\/a>.<\/p>\n<p>Du Val-de-Marne en Seine-et-Marne en\u2026 une demi-heure\u00a0<\/p>\n<p class=\" wall-content\">\u00c9videmment tr\u00e8s attendue, la future ligne promet de <strong>relier en 30 minutes<\/strong> la ville de Val-de-Marne \u00e0 celle de Seine-et-Marne, en passant par 7 communes et 3 d\u00e9partements (Seine-Saint-Denis, Val-de-Marne et Seine-et-Marne), et sans d\u00e9tour par Paris.<\/p>\n<p class=\" wall-content\">Au total, la ligne doit <strong>s\u2019\u00e9tendre sur 8,5 kilom\u00e8tres<\/strong> (dont 85 % en site propre et 15 % en site mixte) et compter 17 stations, r\u00e9parties sur les trois d\u00e9partements de petite couronne, et ainsi reprendre une partie de l\u2019actuelle 113.\u00a0<\/p>\n<p>    <img   decoding=\"async\" loading=\"lazy\" src=\"https:\/\/www.europesays.com\/fr\/wp-content\/uploads\/2025\/08\/bus-bords-marne-960x640.jpg\" alt=\"Trac\u00e9 de la future ligne de bus bords de Marne.\" width=\"960\" height=\"640\"\/><br \/>\n    Trac\u00e9 de la future ligne de bus bords de Marne. (\u00a9\u00cele-de-France mobilit\u00e9s)<\/p>\n<p class=\" wall-content\">Le projet comprend \u00e9galement une <strong>piste cyclable bidirectionnelle<\/strong> continue de Val de Fontenay \u00e0 Chelles-Gournay et une r\u00e9organisation du r\u00e9seau de bus local.\u00a0<\/p>\n<p class=\" wall-content\">Pour rappel, elle ne rentrera pas en service avant 2030, si le calendrier est respect\u00e9. Et quelques <strong>33 000 voyageurs par jour<\/strong> sont attendus sur cette nouvelle ligne.<\/p>\n<p class=\" wall-content\">Le co\u00fbt de l\u2019infrastructure est estim\u00e9 \u00e0 <strong>237 millions d\u2019euros hors taxe<\/strong>, dont 29,6 millions pour la construction du centre-bus, tandis que celui du mat\u00e9riel roulant\u00a0 \u2013 financ\u00e9 enti\u00e8rement par \u00cele-de-France Mobilit\u00e9s \u2013 est estim\u00e9 \u00e0 37 millions d\u2019euros hors taxe.<\/p>\n<p class=\" wall-content\">Personnalisez votre actualit\u00e9 en ajoutant vos villes et m\u00e9dias en favori avec <a href=\"https:\/\/moncompte.actu.fr\" title=\"D\u00e9couvez Mon Actu\" rel=\"nofollow noopener\" data-trk=\"{&quot;cta&quot;:{&quot;action&quot;:&quot;https:\\\/\\\/moncompte.actu.fr&quot;,&quot;category&quot;:&quot;mon compte&quot;,&quot;from&quot;:&quot;article footer&quot;,&quot;name&quot;:&quot;Mon actu&quot;,&quot;type&quot;:&quot;cta&quot;}}\" target=\"_blank\">Mon Actu<\/a>.<\/p>\n","protected":false},"excerpt":{"rendered":"Par R\u00e9daction Paris Publi\u00e9 le 25 ao\u00fbt 2025 \u00e0 6h44 Cr\u00e9er une nouvelle ligne de bus pour relier&hellip;\n","protected":false},"author":2,"featured_media":342260,"comment_status":"","ping_status":"","sticky":false,"template":"","format":"standard","meta":{"footnotes":""},"categories":[1592],"tags":[1111,11,1777,674,1011,27,662,10883,12,626,25,104,2803],"class_list":{"0":"post-342259","1":"post","2":"type-post","3":"status-publish","4":"format-standard","5":"has-post-thumbnail","7":"category-ile-de-france","8":"tag-actu","9":"tag-actualites","10":"tag-eu","11":"tag-europe","12":"tag-fr","13":"tag-france","14":"tag-ile-de-france","15":"tag-ile-de-france-mobilites","16":"tag-news","17":"tag-paris","18":"tag-republique-francaise","19":"tag-societe","20":"tag-transport"},"share_on_mastodon":{"url":"https:\/\/pubeurope.com\/@fr\/115088150052217314","error":""},"_links":{"self":[{"href":"https:\/\/www.europesays.com\/fr\/wp-json\/wp\/v2\/posts\/342259","targetHints":{"allow":["GET"]}}],"collection":[{"href":"https:\/\/www.europesays.com\/fr\/wp-json\/wp\/v2\/posts"}],"about":[{"href":"https:\/\/www.europesays.com\/fr\/wp-json\/wp\/v2\/types\/post"}],"author":[{"embeddable":true,"href":"https:\/\/www.europesays.com\/fr\/wp-json\/wp\/v2\/users\/2"}],"replies":[{"embeddable":true,"href":"https:\/\/www.europesays.com\/fr\/wp-json\/wp\/v2\/comments?post=342259"}],"version-history":[{"count":0,"href":"https:\/\/www.europesays.com\/fr\/wp-json\/wp\/v2\/posts\/342259\/revisions"}],"wp:featuredmedia":[{"embeddable":true,"href":"https:\/\/www.europesays.com\/fr\/wp-json\/wp\/v2\/media\/342260"}],"wp:attachment":[{"href":"https:\/\/www.europesays.com\/fr\/wp-json\/wp\/v2\/media?parent=342259"}],"wp:term":[{"taxonomy":"category","embeddable":true,"href":"https:\/\/www.europesays.com\/fr\/wp-json\/wp\/v2\/categories?post=342259"},{"taxonomy":"post_tag","embeddable":true,"href":"https:\/\/www.europesays.com\/fr\/wp-json\/wp\/v2\/tags?post=342259"}],"curies":[{"name":"wp","href":"https:\/\/api.w.org\/{rel}","templated":true}]}}