{"id":34226,"date":"2025-04-18T14:07:20","date_gmt":"2025-04-18T14:07:20","guid":{"rendered":"https:\/\/www.europesays.com\/fr\/34226\/"},"modified":"2025-04-18T14:07:20","modified_gmt":"2025-04-18T14:07:20","slug":"courses-cyclistes-de-paques-cest-la-centieme-edition-dans-cette-commune-du-sud-loire","status":"publish","type":"post","link":"https:\/\/www.europesays.com\/fr\/34226\/","title":{"rendered":"Courses cyclistes de P\u00e2ques\u00a0: c\u2019est la centi\u00e8me\u00a0\u00e9dition dans cette commune du sud Loire !"},"content":{"rendered":"<p>La section locale de <a href=\"https:\/\/saint-nazaire.maville.com\/pays-de-la-loire\/loire-atlantique\/saint-pere-en-retz\/\" rel=\"nofollow noopener\" target=\"_blank\">Saint-P\u00e8re-en-Retz<\/a> de l\u2019Union cycliste Nantes Atlantique (UCNA) a \u00e9t\u00e9 fond\u00e9e en 1974 par Stanislas Lemoigne, Mano Avril et Maurice Landry. Auparavant, c\u2019\u00e9tait l\u2019UCNA, avec le comit\u00e9 des f\u00eates de la commune, qui organisait cette course.<\/p>\n<p>\u00a0Pour cette occasion particuli\u00e8re, nous avons r\u00e9uni un grand nombre de photos d\u2019\u00e9poque, de coupures de journaux, des maillots et divers documents retra\u00e7ant l\u2019histoire des courses \u00e0 Saint-P\u00e8re. Ils seront expos\u00e9s le dimanche et le lundi au grand dojo de Saint-P\u00e8re-en-Retz\u00a0, explique Jean-Paul Renaudineau, le pr\u00e9sident de la section locale de l\u2019UCNA. Cette exposition sera \u00e9galement visible, par la suite et jusqu\u2019\u00e0 la fin du mois \u00e0 la m\u00e9diath\u00e8que.<\/p>\n<p>Un circuit de 30\u00a0km<\/p>\n<p>Les d\u00e9parts des quatre courses, eux, auront lieu ce lundi 21\u00a0avril, rue du Grand-Fay, \u00e0 9\u00a0h\u00a030 pour les Access 3 et 4, \u00e0 13\u00a0h pour les U15, \u00e0 14\u00a0h\u00a030 pour les U17 et \u00e0 16\u00a0h\u00a030 pour les Access 1 et 2.<\/p>\n<p>\u00a0Le circuit fait 30\u00a0km et, suivant les cat\u00e9gories, il y aura entre 9 et 20\u00a0tours \u00e0 faire pour les 250\u00a0coureurs qui seront pr\u00e9sents. Cette comp\u00e9tition sera tr\u00e8s disput\u00e9e, sur un parcours urbain assez difficile. Il y aura du spectacle et chaque gagnant de course montera en cat\u00e9gorie sup\u00e9rieure\u00a0, annonce Jean-Pierre Renaudineau.<\/p>\n<p>Une exposition du centenaire des courses cyclistes au Dojo, dimanche 20\u00a0avril, de 8\u00a0h \u00e0 14\u00a0h, et lundi 21\u00a0avril, toute la journ\u00e9e. Renseignements\u00a0: t\u00e9l.\u00a006\u00a076\u00a039\u00a064\u00a098.<\/p>\n<p>\u00a0<\/p>\n","protected":false},"excerpt":{"rendered":"La section locale de Saint-P\u00e8re-en-Retz de l\u2019Union cycliste Nantes Atlantique (UCNA) a \u00e9t\u00e9 fond\u00e9e en 1974 par Stanislas&hellip;\n","protected":false},"author":2,"featured_media":34227,"comment_status":"","ping_status":"","sticky":false,"template":"","format":"standard","meta":{"footnotes":""},"categories":[2818],"tags":[1111,11,7052,2622,10628,4660,1777,674,1011,27,3367,766,12,4769,2636,25,7053],"class_list":{"0":"post-34226","1":"post","2":"type-post","3":"status-publish","4":"format-standard","5":"has-post-thumbnail","7":"category-nantes","8":"tag-actu","9":"tag-actualites","10":"tag-commune","11":"tag-courses","12":"tag-cyclistes","13":"tag-edition","14":"tag-eu","15":"tag-europe","16":"tag-fr","17":"tag-france","18":"tag-loire","19":"tag-nantes","20":"tag-news","21":"tag-paques","22":"tag-pays-de-la-loire","23":"tag-republique-francaise","24":"tag-sud"},"share_on_mastodon":{"url":"https:\/\/pubeurope.com\/@fr\/114359359499516071","error":""},"_links":{"self":[{"href":"https:\/\/www.europesays.com\/fr\/wp-json\/wp\/v2\/posts\/34226","targetHints":{"allow":["GET"]}}],"collection":[{"href":"https:\/\/www.europesays.com\/fr\/wp-json\/wp\/v2\/posts"}],"about":[{"href":"https:\/\/www.europesays.com\/fr\/wp-json\/wp\/v2\/types\/post"}],"author":[{"embeddable":true,"href":"https:\/\/www.europesays.com\/fr\/wp-json\/wp\/v2\/users\/2"}],"replies":[{"embeddable":true,"href":"https:\/\/www.europesays.com\/fr\/wp-json\/wp\/v2\/comments?post=34226"}],"version-history":[{"count":0,"href":"https:\/\/www.europesays.com\/fr\/wp-json\/wp\/v2\/posts\/34226\/revisions"}],"wp:featuredmedia":[{"embeddable":true,"href":"https:\/\/www.europesays.com\/fr\/wp-json\/wp\/v2\/media\/34227"}],"wp:attachment":[{"href":"https:\/\/www.europesays.com\/fr\/wp-json\/wp\/v2\/media?parent=34226"}],"wp:term":[{"taxonomy":"category","embeddable":true,"href":"https:\/\/www.europesays.com\/fr\/wp-json\/wp\/v2\/categories?post=34226"},{"taxonomy":"post_tag","embeddable":true,"href":"https:\/\/www.europesays.com\/fr\/wp-json\/wp\/v2\/tags?post=34226"}],"curies":[{"name":"wp","href":"https:\/\/api.w.org\/{rel}","templated":true}]}}