{"id":342261,"date":"2025-08-25T07:09:10","date_gmt":"2025-08-25T07:09:10","guid":{"rendered":"https:\/\/www.europesays.com\/fr\/342261\/"},"modified":"2025-08-25T07:09:10","modified_gmt":"2025-08-25T07:09:10","slug":"il-ny-a-pas-grand-chose-a-attendre-du-premier-ministre-denonce-leurodeputee-lfi-manon-aubry","status":"publish","type":"post","link":"https:\/\/www.europesays.com\/fr\/342261\/","title":{"rendered":"\u00ab\u00a0Il n&rsquo;y a pas grand-chose \u00e0 attendre du Premier ministre\u00a0\u00bb, d\u00e9nonce l&rsquo;eurod\u00e9put\u00e9e LFI Manon Aubry"},"content":{"rendered":"<p>Le Premier ministre fait sa rentr\u00e9e. <a href=\"https:\/\/www.franceinfo.fr\/politique\/gouvernement-de-francois-bayrou\/budget-2026-mobilisation-du-10-septembre-francois-bayrou-tiendra-une-conference-de-presse-lundi-a-16-heures-annonce-matignon_7450588.html\" rel=\"nofollow noopener\" target=\"_blank\">Fran\u00e7ois Bayrou donne une conf\u00e9rence de presse<\/a>, lundi 25\u00a0ao\u00fbt, afin d&rsquo;expliquer son projet de budget \u00e0 44\u00a0milliards d&rsquo;euros d&rsquo;\u00e9conomies, sur fond d&rsquo;appels \u00e0 bloquer le pays le 10\u00a0septembre. Le chef du gouvernement s&rsquo;exprime \u00e0 partir de 16\u00a0heures, quatre jours apr\u00e8s avoir \u00e9t\u00e9 re\u00e7u par Emmanuel Macron \u00e0 Br\u00e9gan\u00e7on (Var). \u00ab\u00a0Il n&rsquo;y a pas grand-chose \u00e0 attendre du Premier ministre\u00a0\u00bb, a d\u00e9clar\u00e9 lundi matin l&rsquo;eurod\u00e9put\u00e9e Manon Aubry, invit\u00e9e de franceinfo. \u00ab\u00a0La liste des efforts demand\u00e9s est tr\u00e8s longue\u00a0\u00bb, d\u00e9nonce l&rsquo;\u00e9lue de La France insoumise, qui voit dans le plan budg\u00e9taire de Fran\u00e7ois Bayrou la \u00ab\u00a0pire saign\u00e9e sociale que la France ait connue ces derni\u00e8res dizaines d&rsquo;ann\u00e9es\u00a0\u00bb. Suivez notre direct.\u00a0<\/p>\n<p class=\"c-body__bullet\"> <strong>Un exercice de persuasion.<\/strong> Sur le pont \u00e0 Matignon cet \u00e9t\u00e9, Fran\u00e7ois Bayrou va tenter de convaincre l&rsquo;opinion du bien-fond\u00e9 de son plan budg\u00e9taire annonc\u00e9 le 15\u00a0juillet. C&rsquo;est d\u00e9j\u00e0 ce qu&rsquo;il a essay\u00e9 de faire en lan\u00e7ant une cha\u00eene YouTube, <a href=\"https:\/\/www.franceinfo.fr\/politique\/francois-bayrou\/c-etait-programme-pour-echouer-entre-faibles-audiences-et-format-tres-classique-francois-bayrou-peine-a-percer-sur-youtube_7447081.html\" rel=\"nofollow noopener\" target=\"_blank\">qui a pein\u00e9 \u00e0 attirer l&rsquo;attention du grand public<\/a>. \u00ab\u00a0Seule l&rsquo;adh\u00e9sion des Fran\u00e7ais peut changer les choses\u00a0\u00bb, a estim\u00e9 le chef du gouvernement samedi dans <a href=\"https:\/\/www.leparisien.fr\/politique\/seule-ladhesion-des-francais-peut-changer-les-choses-bayrou-se-confie-avant-une-rentree-au-bord-du-vide-23-08-2025-LQ3T3GJU4JD3LH47XEGY2SV62A.php\" rel=\"nofollow noopener\" target=\"_blank\">Le Parisien<\/a>.<\/p>\n<p class=\"c-body__bullet\"> <strong>Pr\u00e8s de 44\u00a0milliards d&rsquo;\u00e9conomies.\u00a0<\/strong>Si le montant de 43,8\u00a0milliards d&rsquo;euros est \u00ab\u00a0intangible\u00a0\u00bb, \u00ab\u00a0les mesures peuvent toutes \u00eatre discut\u00e9es\u00a0\u00bb, a confi\u00e9 le Premier ministre. Le 15\u00a0juillet, il avait par exemple \u00e9voqu\u00e9 une \u00ab\u00a0contribution des plus fortun\u00e9s\u00a0\u00bb, \u00e0 d\u00e9finir avec les parlementaires. Ce projet comprend aussi, notamment, une \u00ab\u00a0ann\u00e9e blanche\u00a0\u00bb fiscale et la suppression de deux jours f\u00e9ri\u00e9s.<\/p>\n<p class=\"c-body__bullet\"> <strong>Le budget 2026 soutenu par Emmanuel Macron. <\/strong>Fran\u00e7ois Bayrou a \u00e9t\u00e9 re\u00e7u jeudi soir \u00e0 Br\u00e9gan\u00e7on par le chef de l&rsquo;Etat, qui lui a apport\u00e9 un franc soutien cette semaine dans <a href=\"https:\/\/www.parismatch.com\/actu\/politique\/cest-mon-ami-emmanuel-macron-soutient-francois-bayrou-255763\" rel=\"nofollow noopener\" target=\"_blank\">Paris Match<\/a>, disant \u00ab\u00a0esp\u00e9rer\u00a0\u00bb qu&rsquo;il puisse rester \u00e0 Matignon jusqu&rsquo;en 2027. \u00ab\u00a0Je pense que le plan qu\u2019il a propos\u00e9, que nous avons longuement pr\u00e9par\u00e9 ensemble, et qu\u2019il a travaill\u00e9 avec ses ministres, est un bon plan\u00a0\u00bb, a insist\u00e9 Emmanuel Macron.<\/p>\n<p class=\"c-body__bullet\"><strong> Sous la menace d&rsquo;une motion de censure\u2026<\/strong>\u00a0\u00ab\u00a0J&rsquo;ai la quasi-certitude que la motion de censure sera vot\u00e9e\u00a0\u00bb, a d\u00e9clar\u00e9 samedi sur TF1 Jean-Luc M\u00e9lenchon depuis l&rsquo;universit\u00e9 d&rsquo;\u00e9t\u00e9 de LFI \u00e0 Ch\u00e2teauneuf-sur-Is\u00e8re (Dr\u00f4me). \u00ab\u00a0Le gouvernement doit reculer faute de quoi il sera censur\u00e9\u00a0\u00bb, a rench\u00e9ri le Premier secr\u00e9taire du PS, Olivier Faure. Quant au RN, il va pr\u00e9senter \u00ab\u00a0un contre-budget\u00a0\u00bb et si Fran\u00e7ois Bayrou \u00ab\u00a0ne nous entend pas, nous n&rsquo;aurons pas peur d&rsquo;appuyer sur le bouton de la censure\u00a0\u00bb, a pr\u00e9venu samedi la d\u00e9put\u00e9e de Gironde Edwige Diaz sur BFMTV.<\/p>\n<p class=\"c-body__bullet\"> <strong>&#8230; et de mobilisations citoyennes ou syndicales.<\/strong> Plusieurs initiatives ont \u00e9t\u00e9 lanc\u00e9es tant par des citoyens que les syndicats. Parmi elles, figure \u00ab\u00a0Bloquons tout\u00a0\u00bb qui appelle \u00e0 un vaste mouvement le 10\u00a0septembre. Mais aussi le secteur de l&rsquo;\u00e9nergie qui appelle \u00e0 la gr\u00e8ve le 2\u00a0septembre\u00a0; les taxis, le 5\u00a0; les cheminots, le 10\u00a0; ou les pharmaciens, le 18.<\/p>\n","protected":false},"excerpt":{"rendered":"Le Premier ministre fait sa rentr\u00e9e. Fran\u00e7ois Bayrou donne une conf\u00e9rence de presse, lundi 25\u00a0ao\u00fbt, afin d&rsquo;expliquer son&hellip;\n","protected":false},"author":2,"featured_media":342262,"comment_status":"","ping_status":"","sticky":false,"template":"","format":"standard","meta":{"footnotes":""},"categories":[1888],"tags":[1111,1928,11,1927,1777,674,1011,27,12,1926,626,1925,25],"class_list":{"0":"post-342261","1":"post","2":"type-post","3":"status-publish","4":"format-standard","5":"has-post-thumbnail","7":"category-paris","8":"tag-actu","9":"tag-actu-paris","10":"tag-actualites","11":"tag-actualites-paris","12":"tag-eu","13":"tag-europe","14":"tag-fr","15":"tag-france","16":"tag-news","17":"tag-news-paris","18":"tag-paris","19":"tag-paris-news","20":"tag-republique-francaise"},"share_on_mastodon":{"url":"https:\/\/pubeurope.com\/@fr\/115088154017992042","error":""},"_links":{"self":[{"href":"https:\/\/www.europesays.com\/fr\/wp-json\/wp\/v2\/posts\/342261","targetHints":{"allow":["GET"]}}],"collection":[{"href":"https:\/\/www.europesays.com\/fr\/wp-json\/wp\/v2\/posts"}],"about":[{"href":"https:\/\/www.europesays.com\/fr\/wp-json\/wp\/v2\/types\/post"}],"author":[{"embeddable":true,"href":"https:\/\/www.europesays.com\/fr\/wp-json\/wp\/v2\/users\/2"}],"replies":[{"embeddable":true,"href":"https:\/\/www.europesays.com\/fr\/wp-json\/wp\/v2\/comments?post=342261"}],"version-history":[{"count":0,"href":"https:\/\/www.europesays.com\/fr\/wp-json\/wp\/v2\/posts\/342261\/revisions"}],"wp:featuredmedia":[{"embeddable":true,"href":"https:\/\/www.europesays.com\/fr\/wp-json\/wp\/v2\/media\/342262"}],"wp:attachment":[{"href":"https:\/\/www.europesays.com\/fr\/wp-json\/wp\/v2\/media?parent=342261"}],"wp:term":[{"taxonomy":"category","embeddable":true,"href":"https:\/\/www.europesays.com\/fr\/wp-json\/wp\/v2\/categories?post=342261"},{"taxonomy":"post_tag","embeddable":true,"href":"https:\/\/www.europesays.com\/fr\/wp-json\/wp\/v2\/tags?post=342261"}],"curies":[{"name":"wp","href":"https:\/\/api.w.org\/{rel}","templated":true}]}}