{"id":342267,"date":"2025-08-25T07:12:13","date_gmt":"2025-08-25T07:12:13","guid":{"rendered":"https:\/\/www.europesays.com\/fr\/342267\/"},"modified":"2025-08-25T07:12:13","modified_gmt":"2025-08-25T07:12:13","slug":"radio-intensite-rambouillet-78","status":"publish","type":"post","link":"https:\/\/www.europesays.com\/fr\/342267\/","title":{"rendered":"RADIO INTENSITE | RAMBOUILLET (78)"},"content":{"rendered":"\n<p lang=\"fr-FR\" align=\"JUSTIFY\">Mardi 14 octobre \u00e0 14h30 \u00e0 La Lanterne \u00e0 Rambouillet (Yvelines) : Histoire de Paris, de Philippe Auguste \u00e0 Haussmann. Par Paul Stauder.<\/p>\n<p lang=\"fr-FR\" align=\"JUSTIFY\">Mardi 14 octobre\u00a0: Les Cap\u00e9tiens font de Paris leur capitale (de Philippe Auguste \u00e0 Philippe le Bel).<\/p>\n<p lang=\"fr-FR\" align=\"JUSTIFY\">Mardi 4 novembre\u00a0: Le Paris des Valois (XIV-XVe si\u00e8cle).<\/p>\n<p lang=\"fr-FR\" align=\"JUSTIFY\">Mardi 9 d\u00e9cembre\u00a0: Paris au d\u00e9but de l&rsquo;\u00e9poque moderne (XVIe si\u00e8cle et premi\u00e8re moiti\u00e9 du XVIIe).<\/p>\n<p lang=\"fr-FR\" align=\"JUSTIFY\">Mardi 13 janvier\u00a0: Le Paris de Louis XIV.<\/p>\n<p lang=\"fr-FR\" align=\"JUSTIFY\">Mardi 3 f\u00e9vrier\u00a0: Le Paris des Lumi\u00e8res.<\/p>\n<p lang=\"fr-FR\" align=\"JUSTIFY\">Mardi 7 avril\u00a0: L&rsquo;invention de l&rsquo;urbanit\u00e9 dans la premi\u00e8re moiti\u00e9 du XIXe si\u00e8cle\u00a0: galeries couvertes et rues \u00e0 portiques parisiennes.<\/p>\n<p lang=\"fr-FR\" align=\"JUSTIFY\">Mardi 19 mai\u00a0: La grande mutation de Paris dans la seconde moiti\u00e9 du XIXe si\u00e8cle.<\/p>\n<p lang=\"fr-FR\" align=\"JUSTIFY\">Conf\u00e9rences de l&rsquo;Universit\u00e9 Inter-\u00e2ge.<\/p>\n<p lang=\"fr-FR\" align=\"JUSTIFY\">Billets en vente \u00e0 l\u2019Office du tourisme et \u00e0 La Lanterne<\/p>\n<p lang=\"fr-FR\" align=\"JUSTIFY\">1 conf\u00e9rence : 10 \u20ac \/ Pass 5 conf\u00e9rences : 40 \u20ac.<\/p>\n","protected":false},"excerpt":{"rendered":"Mardi 14 octobre \u00e0 14h30 \u00e0 La Lanterne \u00e0 Rambouillet (Yvelines) : Histoire de Paris, de Philippe Auguste&hellip;\n","protected":false},"author":2,"featured_media":342268,"comment_status":"","ping_status":"","sticky":false,"template":"","format":"standard","meta":{"footnotes":""},"categories":[1888],"tags":[11,4763,20887,20886,4396,10036,340,5738,6961,4150,650,1697,20888,1777,1939,674,3696,1349,20889,19290,8181,1011,27,20883,5590,6653,330,1351,10265,20890,635,2742,12,626,4838,6426,1825,20891,20885,11725,17385,25,20892,20893,20894,20895,20896,14356,3552,16335,20884,853,517,20897,602,20898,20899],"class_list":{"0":"post-342267","1":"post","2":"type-post","3":"status-publish","4":"format-standard","5":"has-post-thumbnail","7":"category-paris","8":"tag-actualites","9":"tag-agenda","10":"tag-agenda-complet","11":"tag-agenda-eure-et-loir","12":"tag-atelier","13":"tag-ateliers","14":"tag-bourse","15":"tag-bourses","16":"tag-brocante","17":"tag-ceremonie","18":"tag-cinema","19":"tag-concert","20":"tag-dons-du-sang","21":"tag-eu","22":"tag-eure-et-loir","23":"tag-europe","24":"tag-evenements","25":"tag-expositions","26":"tag-fetes-foraines","27":"tag-feux-dartifices","28":"tag-foires","29":"tag-fr","30":"tag-france","31":"tag-idees-sorties","32":"tag-intensite","33":"tag-jeune-public","34":"tag-jeux","35":"tag-litterature","36":"tag-loto","37":"tag-lotos","38":"tag-marches","39":"tag-nature","40":"tag-news","41":"tag-paris","42":"tag-peche","43":"tag-petanque","44":"tag-radio","45":"tag-randonnees","46":"tag-region-centre-val-de-loir","47":"tag-religions","48":"tag-repas","49":"tag-republique-francaise","50":"tag-reunions","51":"tag-saison-halloween","52":"tag-saison-noel","53":"tag-saison-telethon","54":"tag-saisons-culturelles","55":"tag-salons","56":"tag-seniors","57":"tag-soirees","58":"tag-sortir-en-eure-et-loir","59":"tag-spectacles","60":"tag-sport","61":"tag-thes-dansants","62":"tag-tourisme","63":"tag-ventes-aux-encheres","64":"tag-visites"},"share_on_mastodon":{"url":"","error":"Validation failed: Text character limit of 500 exceeded"},"_links":{"self":[{"href":"https:\/\/www.europesays.com\/fr\/wp-json\/wp\/v2\/posts\/342267","targetHints":{"allow":["GET"]}}],"collection":[{"href":"https:\/\/www.europesays.com\/fr\/wp-json\/wp\/v2\/posts"}],"about":[{"href":"https:\/\/www.europesays.com\/fr\/wp-json\/wp\/v2\/types\/post"}],"author":[{"embeddable":true,"href":"https:\/\/www.europesays.com\/fr\/wp-json\/wp\/v2\/users\/2"}],"replies":[{"embeddable":true,"href":"https:\/\/www.europesays.com\/fr\/wp-json\/wp\/v2\/comments?post=342267"}],"version-history":[{"count":0,"href":"https:\/\/www.europesays.com\/fr\/wp-json\/wp\/v2\/posts\/342267\/revisions"}],"wp:featuredmedia":[{"embeddable":true,"href":"https:\/\/www.europesays.com\/fr\/wp-json\/wp\/v2\/media\/342268"}],"wp:attachment":[{"href":"https:\/\/www.europesays.com\/fr\/wp-json\/wp\/v2\/media?parent=342267"}],"wp:term":[{"taxonomy":"category","embeddable":true,"href":"https:\/\/www.europesays.com\/fr\/wp-json\/wp\/v2\/categories?post=342267"},{"taxonomy":"post_tag","embeddable":true,"href":"https:\/\/www.europesays.com\/fr\/wp-json\/wp\/v2\/tags?post=342267"}],"curies":[{"name":"wp","href":"https:\/\/api.w.org\/{rel}","templated":true}]}}