{"id":342275,"date":"2025-08-25T07:16:16","date_gmt":"2025-08-25T07:16:16","guid":{"rendered":"https:\/\/www.europesays.com\/fr\/342275\/"},"modified":"2025-08-25T07:16:16","modified_gmt":"2025-08-25T07:16:16","slug":"au-royaume-uni-lextreme-droite-mobilise-grace-a-la-crise-de-lasile-je-ne-veux-plus-payer-pour-eux-le-monde-fr","status":"publish","type":"post","link":"https:\/\/www.europesays.com\/fr\/342275\/","title":{"rendered":"Au Royaume-Uni, l&#039;extr\u00eame droite mobilise gr\u00e2ce \u00e0 la crise de l&#039;asile : \u00ab Je ne veux plus payer pour eux \u00bb &#8211; Le Monde.fr"},"content":{"rendered":"<ol>\n<li><a href=\"https:\/\/news.google.com\/rss\/articles\/CBMigwJBVV95cUxNc3NQQ1dqa2d1UzJROU16RXhtNjF1RlNYd1lldjRobG5adjh4YnJWQmltRU4yODBScktndGlsOEZjUERNZDc1VWpwT1dxQjJEeWtIeDRKRjlnZUlwS2pXUHFuYTAwbjhVUW1SVjhlQS1XWVJUdjd2VXlRRHdwR0xqenZsUGVnczBQanFMdGxEZHZMazRVbjFocTQ1X2xNNjM5ZXVmMkZ5MWhkMklUejNTXzNMSm45Ri1oTVpKZjNVRlZoMUFLdGY4T0JCU3owTWF1aGs2cFN0VDhpV2t6SFZhYldIaGlNRWNwVFRLMVBYM29jQXpjLWNiTU9WMS1xSVZtNGpZ?oc=5\" target=\"_blank\" rel=\"nofollow noopener\">Au Royaume-Uni, l&rsquo;extr\u00eame droite mobilise gr\u00e2ce \u00e0 la crise de l&rsquo;asile : \u00ab Je ne veux plus payer pour eux \u00bb<\/a>&nbsp;&nbsp;Le Monde.fr<\/li>\n<li><a href=\"https:\/\/news.google.com\/rss\/articles\/CBMiuAFBVV95cUxQZ01fc0lyTU96cGVKLWEwV2xWNU9RcHU0S2lBbHgyWWFxQmNDVWthelM1QXlneldiNDdxZ0tUbGNrN3RlWVNvWjVaU3JiaTR3ekRIT3g2eG9kQmszekV6bUxjN0taNUpJUGVIU1JmUGpDVzZSVEpIMGNqZWpONkY5TU5BX3pjUGdNNDF0VG11WURRSVVVcVpST1YydC0zaW9RZEdmMnRKajN1Nmo3RWFqQTlQRl9fSmNn0gG-AUFVX3lxTE12dzNLMVo0bHBja2V0X0FaY3I2bXNmZlhlS3BKNV9DWGM0MmxMVU1yOE4zcFNtUHM3b1NFX1dTSktvVEFiSWluRURCYWxLc2VOdDBXcWVRU0xiclVKb0NYUHpza1NtLXA4akFBbzd1bDNFMzNUY0NIajlBaWVnUFBtTkxheTIwZVlkZzZHQ1FnWXZUREdOSjI3OUhOTUpsclg5RjFUMkFyQkpfZWYyUkZkdU9VSGRyZldod0ZXcnc?oc=5\" target=\"_blank\" rel=\"nofollow noopener\">Royaume-Uni : Londres promet d&rsquo;acc\u00e9l\u00e9rer les recours des demandeurs d&rsquo;asile<\/a>&nbsp;&nbsp;CNews<\/li>\n<li><a href=\"https:\/\/news.google.com\/rss\/articles\/CBMi6AFBVV95cUxOeEJHdFdLQ0dWb0xmMXhvd1RKaFhnX043X2xkRjRwMThfOWpNaFJXN0s0cEYzNFc0aGZKNnBDTG9URHhzNFkzTkdrWW9rZVJ3SXhBVWtoc2VDcUwtV0JLYnlTZjNJV2QtejktQm9ELVc3ZU1Mb3lkdmkyV01NNkZBZWYzeFAxcWU2aEpEbHZGVE40Z2ozS3ItUWlnYkdUbnV1WVRkUG9sX2F2SDBqRTl6RWNFREhEd3hWQzA0MzQtSzFpVEhpTUNzbjBxMTNOVDlscURJOWpsMjlvTk9zZ3Q3R3NCM185RWFQ?oc=5\" target=\"_blank\" rel=\"nofollow noopener\">En Angleterre, les migrants en bouc \u00e9missaire des souffrances sociales<\/a>&nbsp;&nbsp;Lib\u00e9ration<\/li>\n<li><a href=\"https:\/\/news.google.com\/rss\/articles\/CBMi2AFBVV95cUxOWHRDVHd3WTZFTGllcEZYSVlWelNxU2ZMamlDb3o0a25URjFXdTdHT1ZvcGdNeHdLVWMyVG56dW5hWEZSMTVNV0VlWjJ5ZkdOYWFRNTBPQzRSc3REYjRQUk1INjJRRnhQSC1oOUNGLVU0ajRnZjVfU3o2cUF0aXR2bk1iQkFXN2piYnR5UmctQnYtUkdNUXdaSnVRLVpNVXl1ZzdnRXZpeHNhTXJSZmNuUXM0dDREdjdrZldzVlBaLXJKamF0OUlpc3JUQ2s2ZEJMam10ZS1zdWM?oc=5\" target=\"_blank\" rel=\"nofollow noopener\">Le Royaume-Uni secou\u00e9 par des manifestations anti-immigration<\/a>&nbsp;&nbsp;Ouest-France<\/li>\n<li><a href=\"https:\/\/news.google.com\/rss\/articles\/CBMi0AFBVV95cUxOUGl0MUdDOGZpbzN3Z2dvQU5qTjhBRXJyWXJQVXpKS2VzaXdBSHlxMGVLSHpyYU8zSzdodkU0ak9QZ0tnc0dWUzJtN3cxR1JRWm1lV0tKMWI2MDZmMFhOeDFvMFkxN1JOX25YcDM0NDl4cXFwdFpHN2tzU2lfa0hoek44YmZiSGxXdTdDb2hGN3hVMXB6aWRZR2JUUERCWjVVcmItaGtlLWRRcTd2alJSSEhQSGlSQTV5SHRmVW45dkZuTk1PZE1nN1hDdGdzdkV4?oc=5\" target=\"_blank\" rel=\"nofollow noopener\">Migrants log\u00e9s en h\u00f4tel : manifestations et contre-manifestations \u00e0 travers le Royaume-Uni<\/a>&nbsp;&nbsp;Euronews.com<\/li>\n<\/ol>\n","protected":false},"excerpt":{"rendered":"Au Royaume-Uni, l&rsquo;extr\u00eame droite mobilise gr\u00e2ce \u00e0 la crise de l&rsquo;asile : \u00ab Je ne veux plus payer&hellip;\n","protected":false},"author":2,"featured_media":342276,"comment_status":"","ping_status":"","sticky":false,"template":"","format":"standard","meta":{"footnotes":""},"categories":[1588],"tags":[11,1777,674,12,473,1853,1851,1850,1852],"class_list":{"0":"post-342275","1":"post","2":"type-post","3":"status-publish","4":"format-standard","5":"has-post-thumbnail","7":"category-royaume-uni","8":"tag-actualites","9":"tag-eu","10":"tag-europe","11":"tag-news","12":"tag-royaume-uni","13":"tag-royaume-uni-de-grande-bretagne-et-dirlande-du-nord","14":"tag-uk","15":"tag-united-kingdom","16":"tag-united-kingdom-of-great-britain-and-northern-ireland"},"share_on_mastodon":{"url":"https:\/\/pubeurope.com\/@fr\/115088181428650801","error":""},"_links":{"self":[{"href":"https:\/\/www.europesays.com\/fr\/wp-json\/wp\/v2\/posts\/342275","targetHints":{"allow":["GET"]}}],"collection":[{"href":"https:\/\/www.europesays.com\/fr\/wp-json\/wp\/v2\/posts"}],"about":[{"href":"https:\/\/www.europesays.com\/fr\/wp-json\/wp\/v2\/types\/post"}],"author":[{"embeddable":true,"href":"https:\/\/www.europesays.com\/fr\/wp-json\/wp\/v2\/users\/2"}],"replies":[{"embeddable":true,"href":"https:\/\/www.europesays.com\/fr\/wp-json\/wp\/v2\/comments?post=342275"}],"version-history":[{"count":0,"href":"https:\/\/www.europesays.com\/fr\/wp-json\/wp\/v2\/posts\/342275\/revisions"}],"wp:featuredmedia":[{"embeddable":true,"href":"https:\/\/www.europesays.com\/fr\/wp-json\/wp\/v2\/media\/342276"}],"wp:attachment":[{"href":"https:\/\/www.europesays.com\/fr\/wp-json\/wp\/v2\/media?parent=342275"}],"wp:term":[{"taxonomy":"category","embeddable":true,"href":"https:\/\/www.europesays.com\/fr\/wp-json\/wp\/v2\/categories?post=342275"},{"taxonomy":"post_tag","embeddable":true,"href":"https:\/\/www.europesays.com\/fr\/wp-json\/wp\/v2\/tags?post=342275"}],"curies":[{"name":"wp","href":"https:\/\/api.w.org\/{rel}","templated":true}]}}