{"id":342281,"date":"2025-08-25T07:19:10","date_gmt":"2025-08-25T07:19:10","guid":{"rendered":"https:\/\/www.europesays.com\/fr\/342281\/"},"modified":"2025-08-25T07:19:10","modified_gmt":"2025-08-25T07:19:10","slug":"lancement-du-leqembi-de-bioarctic-dans-lunion-europeenne-aujourdhui","status":"publish","type":"post","link":"https:\/\/www.europesays.com\/fr\/342281\/","title":{"rendered":"Lancement du Leqembi de Bioarctic dans l&rsquo;Union europ\u00e9enne aujourd&rsquo;hui"},"content":{"rendered":"<p>\nLe partenaire du groupe de recherche Bioarctic, Eisai, a annonc\u00e9 ce lundi le lancement du Leqembi dans l&rsquo;Union europ\u00e9enne, d\u00e9butant en Autriche. Selon un communiqu\u00e9 de presse, une commercialisation en Allemagne suivra \u00e0 partir du 1er septembre.\n<\/p>\n<p>Le Leqembi a re\u00e7u en avril dernier l&rsquo;approbation de la Commission europ\u00e9enne, devenant ainsi le premier traitement ciblant une cause sous-jacente de la maladie d&rsquo;Alzheimer.\n<\/p>\n<p>Eisai est responsable du d\u00e9veloppement clinique, des demandes d&rsquo;autorisation de mise sur le march\u00e9 et de la commercialisation mondiale du Leqembi pour le traitement de la maladie d&rsquo;Alzheimer. Bioarctic d\u00e9tient, avec Eisai, le droit de promouvoir Leqembi dans les pays nordiques et les deux soci\u00e9t\u00e9s pr\u00e9parent actuellement une commercialisation conjointe dans cette r\u00e9gion.<\/p>\n","protected":false},"excerpt":{"rendered":"Le partenaire du groupe de recherche Bioarctic, Eisai, a annonc\u00e9 ce lundi le lancement du Leqembi dans l&rsquo;Union&hellip;\n","protected":false},"author":2,"featured_media":48534,"comment_status":"","ping_status":"","sticky":false,"template":"","format":"standard","meta":{"footnotes":""},"categories":[1586],"tags":[11,340,1777,674,1779,1011,27,12,25,1778,364],"class_list":{"0":"post-342281","1":"post","2":"type-post","3":"status-publish","4":"format-standard","5":"has-post-thumbnail","7":"category-europe","8":"tag-actualites","9":"tag-bourse","10":"tag-eu","11":"tag-europe","12":"tag-european-union","13":"tag-fr","14":"tag-france","15":"tag-news","16":"tag-republique-francaise","17":"tag-ue","18":"tag-union-europeenne"},"share_on_mastodon":{"url":"https:\/\/pubeurope.com\/@fr\/115088193286205967","error":""},"_links":{"self":[{"href":"https:\/\/www.europesays.com\/fr\/wp-json\/wp\/v2\/posts\/342281","targetHints":{"allow":["GET"]}}],"collection":[{"href":"https:\/\/www.europesays.com\/fr\/wp-json\/wp\/v2\/posts"}],"about":[{"href":"https:\/\/www.europesays.com\/fr\/wp-json\/wp\/v2\/types\/post"}],"author":[{"embeddable":true,"href":"https:\/\/www.europesays.com\/fr\/wp-json\/wp\/v2\/users\/2"}],"replies":[{"embeddable":true,"href":"https:\/\/www.europesays.com\/fr\/wp-json\/wp\/v2\/comments?post=342281"}],"version-history":[{"count":0,"href":"https:\/\/www.europesays.com\/fr\/wp-json\/wp\/v2\/posts\/342281\/revisions"}],"wp:featuredmedia":[{"embeddable":true,"href":"https:\/\/www.europesays.com\/fr\/wp-json\/wp\/v2\/media\/48534"}],"wp:attachment":[{"href":"https:\/\/www.europesays.com\/fr\/wp-json\/wp\/v2\/media?parent=342281"}],"wp:term":[{"taxonomy":"category","embeddable":true,"href":"https:\/\/www.europesays.com\/fr\/wp-json\/wp\/v2\/categories?post=342281"},{"taxonomy":"post_tag","embeddable":true,"href":"https:\/\/www.europesays.com\/fr\/wp-json\/wp\/v2\/tags?post=342281"}],"curies":[{"name":"wp","href":"https:\/\/api.w.org\/{rel}","templated":true}]}}