{"id":342287,"date":"2025-08-25T07:23:17","date_gmt":"2025-08-25T07:23:17","guid":{"rendered":"https:\/\/www.europesays.com\/fr\/342287\/"},"modified":"2025-08-25T07:23:17","modified_gmt":"2025-08-25T07:23:17","slug":"fedex-cup-cherchez-lerreur","status":"publish","type":"post","link":"https:\/\/www.europesays.com\/fr\/342287\/","title":{"rendered":"FedEx Cup : cherchez l&rsquo;erreur"},"content":{"rendered":"<p>\t\t\t\t\t\t<img width=\"770\" height=\"556\" src=\"https:\/\/www.europesays.com\/fr\/wp-content\/uploads\/2025\/08\/afp__20250520__2215486491__v3__midres__2025pgachampionshiproundtwo-770x556.jpg\" class=\"img-responsive wp-post-image\" alt=\"Photo by Warren Little \/ GETTY IMAGES NORTH AMERICA \/ Getty Images via AFP\" decoding=\"async\" fetchpriority=\"high\"  \/>\t\t\t\t\t<\/p>\n<p>\t\t\t\t\t\t Partager cet article <\/p>\n<p class=\"screen-reader-text juiz_sps_maybe_hidden_text\">Partager la publication \u00ab\u00a0FedEx Cup : cherchez l\u2019erreur\u00a0\u00bb<\/p>\n<p><strong>Le nouveau format du Tour Championship, qui se voulait plus \u00e9quitable, a montr\u00e9 que le d\u00e9nouement de la FedEx Cup reste imparfait, sacrant notamment Tommy Fleetwood l\u00e0 o\u00f9 Scottie Scheffler aurait triomph\u00e9 jadis.<\/strong><\/p>\n<p>\t\t\t\t\t<a id=\"181434\" href=\"https:\/\/www.omegaeuropeanmasters.com\/fr\/tickets\/tickets\" target=\"_blank\" rel=\"sponsorised nofollow noopener\"><img decoding=\"async\" src=\"data:image\/svg+xml,%3Csvg%20xmlns=\" http:=\"\" class=\"img-responsive\" alt=\"\" data-lazy-src=\"https:\/\/www.europesays.com\/fr\/wp-content\/uploads\/2025\/08\/omegamasters-e02-billetterie-om25-1170x275-1.jpg\"\/><\/a><\/p>\n<p>Le <strong>Tour Championship <\/strong>2025 a une fois de plus suscit\u00e9 la controverse autour de son format, <a href=\"https:\/\/www.golfplanete.com\/actualites\/le-pga-tour-adopte-un-nouveau-format-sans-handicap-pour-le-tour-championship\/\" rel=\"nofollow noopener\" target=\"_blank\">pourtant r\u00e9form\u00e9 cette ann\u00e9e<\/a>, alors que beaucoup s\u2019interrogent sur la l\u00e9gitimit\u00e9 du syst\u00e8me qui d\u00e9termine le vainqueur de la <strong>FedEx Cup<\/strong>.<\/p>\n<p>Vainqueur de la FedEx Cup \u00e0 trois reprises,<strong> Rory McIlroy<\/strong> a termin\u00e9 23e place, soit son plus mauvais classement final depuis 2017\u00a0! Une d\u00e9ception d\u2019autant plus marquante pour un joueur qui a remport\u00e9 trois victoires, un Signature Event, le <strong>Players Championship<\/strong>, et le <strong>Masters<\/strong> !<\/p>\n<blockquote><p>\nChacun des 30 joueurs a une chance de remporter la FedEx Cup cette ann\u00e9e, ce qui est \u00e9videmment tr\u00e8s diff\u00e9rent des ann\u00e9es pr\u00e9c\u00e9dentes.<\/p>\n<p>Rory McIlroy<\/p>\n<\/blockquote>\n<p>Le Nord-Irlandais n\u2019a cess\u00e9 de plaider pour un retour \u00e0 une comp\u00e9tition \u00e9quitable. \u00ab\u202f Chacun des 30 joueurs a une chance de remporter la FedEx Cup cette ann\u00e9e, ce qui est \u00e9videmment tr\u00e8s diff\u00e9rent des ann\u00e9es pr\u00e9c\u00e9dentes, a-t-il confi\u00e9 cette semaine.\u202fJe pensais que le joueur le plus performant durant la saison devait conserver un avantage, mais la majorit\u00e9 n\u2019aimait tout simplement pas les coups d\u2019avance au d\u00e9part.\u202f\u00bb<\/p>\n<p>Le joueur de 35 ans, qui a si\u00e9g\u00e9 au Player Advisory Council (conseil consultatif des joueurs) du PGA Tour, a r\u00e9v\u00e9l\u00e9 cette semaine que le passage au Match Play avait \u00e9galement \u00e9t\u00e9 discut\u00e9, mais finalement rejet\u00e9. \u00ab Je pense que les joueurs ont du mal \u00e0 accepter le fait que nous jouions en Stroke Play toute l\u2019ann\u00e9e, mais que le plus gros tournoi se joue en Match Play. \u00bb<\/p>\n<blockquote><p>\nJe suis beaucoup plus satisfait de ce format.<\/p>\n<p>Scottie Scheffler<\/p>\n<\/blockquote>\n<p>Le nouveau format a sacr\u00e9 <strong>Tommy Fleetwood<\/strong> pour sa premi\u00e8re victoire sur le PGA Tour et une FedEx Cup historique. Pourtant, selon l\u2019ancien syst\u00e8me avec les fameux coups d\u2019avance, c\u2019est <strong>Scottie Scheffler<\/strong> qui aurait \u00e9t\u00e9 couronn\u00e9 \u2013 avec la bonification de d\u00e9part, il serait parti avec 5 coups d\u2019avance sur l\u2019Anglais (10 sur la plupart des autres joueurs) et l\u2019aurait devanc\u00e9 d\u2019un coup.<\/p>\n<p>Le num\u00e9ro un mondial s\u2019\u00e9tait d\u00e9j\u00e0 montr\u00e9 sceptique, mais il a salu\u00e9 l\u2019\u00e9quit\u00e9 retrouv\u00e9e cette saison\u202f: \u00ab Je n\u2019\u00e9tais pas fan de ce format (Ndlr : l\u2019ancien), a expliqu\u00e9 celui qui a remport\u00e9 cinq titres dont deux Majeurs avant le d\u00e9but du tournoi. Je ne pensais pas que c\u2019\u00e9tait une bonne fa\u00e7on de terminer l\u2019ann\u00e9e, pour diverses raisons. Je suis beaucoup plus satisfait de ce format (Ndlr : le nouveau). Je pense qu\u2019il est extr\u00eamement important de terminer notre saison avec un bon tournoi de golf sur un tr\u00e8s bon parcours. \u00bb<\/p>\n<p>\t\t\t\t\t<a id=\"177181\" href=\"http:\/\/charleskent-golf.com\/andalucia-majors\/\" target=\"_blank\" rel=\"sponsorised nofollow noopener\"><img decoding=\"async\" src=\"data:image\/svg+xml,%3Csvg%20xmlns=\" http:=\"\" class=\"img-responsive\" alt=\"\" data-lazy-src=\"https:\/\/www.europesays.com\/fr\/wp-content\/uploads\/2025\/06\/charleskent-e03-andalucia-majors-1170x275-1.gif\"\/><\/a><\/p>\n<blockquote class=\"instagram-media\" style=\"background: #FFF; border: 0; border-radius: 3px; box-shadow: 0 0 1px 0 rgba(0,0,0,0.5),0 1px 10px 0 rgba(0,0,0,0.15); margin: 1px; max-width: 540px; min-width: 326px; padding: 0; width: calc(100% - 2px);\" data-instgrm-captioned=\"\" data-instgrm-permalink=\"https:\/\/www.instagram.com\/reel\/DNjLfhWNgxT\/?utm_source=ig_embed&amp;utm_campaign=loading\" data-instgrm-version=\"14\">\n<\/blockquote>\n<p>\t\t\t\t\t<a id=\"183294\" href=\"https:\/\/golfplus.fr\/kit-1-2-serie-graphite-p4785.html\" target=\"_blank\" rel=\"sponsorised nofollow noopener\"><img decoding=\"async\" src=\"data:image\/svg+xml,%3Csvg%20xmlns=\" http:=\"\" class=\"img-responsive\" alt=\"\" data-lazy-src=\"https:\/\/www.europesays.com\/fr\/wp-content\/uploads\/2025\/08\/golfplus-e22-kits-greens-1170x275-1.jpg\"\/><\/a><br \/>\nUn titre qui change de mains, mais faut-il r\u00e9viser la formule\u202f?<\/p>\n<p>La clart\u00e9, la lisibilit\u00e9 pour le public et l\u2019\u00e9quit\u00e9 sportive s\u2019opposent \u00e0 la volont\u00e9 du PGA Tour et de ses sponsors. Avec un palmar\u00e8s chamboul\u00e9 d\u00e8s la premi\u00e8re \u00e9dition de sa nouvelle version, le d\u00e9bat sur la justice du Tour Championship reste loin d\u2019\u00eatre clos. Il ne refl\u00e8te tout simplement pas le niveau d\u2019un joueur sur la saison.<\/p>\n<p>Mais peut-\u00eatre suffirait-il de modifier la pond\u00e9ration des r\u00e9sultats dans certains tournois dont le Tour Championship pour couronner le meilleur joueur de la saison\u00a0?<\/p>\n<p>\t\t\t\t\t<a id=\"179394\" href=\"https:\/\/eu.ping.com\/fr-fr\/clubs\/irons\/i240\" target=\"_blank\" rel=\"sponsorised nofollow noopener\"><img decoding=\"async\" src=\"data:image\/svg+xml,%3Csvg%20xmlns=\" http:=\"\" class=\"img-responsive\" alt=\"\" data-lazy-src=\"https:\/\/www.europesays.com\/fr\/wp-content\/uploads\/2025\/07\/ping-e06-fers-i240-1170x275-1.jpg\"\/><\/a><\/p>\n<p>Photo : Warren Little \/ Getty Images via AFP<\/p>\n<p>\t\t\t<script async src=\"\/\/www.instagram.com\/embed.js\"><\/script><\/p>\n","protected":false},"excerpt":{"rendered":"Partager cet article Partager la publication \u00ab\u00a0FedEx Cup : cherchez l\u2019erreur\u00a0\u00bb Le nouveau format du Tour Championship, qui&hellip;\n","protected":false},"author":2,"featured_media":342288,"comment_status":"","ping_status":"","sticky":false,"template":"","format":"standard","meta":{"footnotes":""},"categories":[1418],"tags":[1011,27,1472,60],"class_list":{"0":"post-342287","1":"post","2":"type-post","3":"status-publish","4":"format-standard","5":"has-post-thumbnail","7":"category-golf","8":"tag-fr","9":"tag-france","10":"tag-golf","11":"tag-sports"},"share_on_mastodon":{"url":"https:\/\/pubeurope.com\/@fr\/115088208859465773","error":""},"_links":{"self":[{"href":"https:\/\/www.europesays.com\/fr\/wp-json\/wp\/v2\/posts\/342287","targetHints":{"allow":["GET"]}}],"collection":[{"href":"https:\/\/www.europesays.com\/fr\/wp-json\/wp\/v2\/posts"}],"about":[{"href":"https:\/\/www.europesays.com\/fr\/wp-json\/wp\/v2\/types\/post"}],"author":[{"embeddable":true,"href":"https:\/\/www.europesays.com\/fr\/wp-json\/wp\/v2\/users\/2"}],"replies":[{"embeddable":true,"href":"https:\/\/www.europesays.com\/fr\/wp-json\/wp\/v2\/comments?post=342287"}],"version-history":[{"count":0,"href":"https:\/\/www.europesays.com\/fr\/wp-json\/wp\/v2\/posts\/342287\/revisions"}],"wp:featuredmedia":[{"embeddable":true,"href":"https:\/\/www.europesays.com\/fr\/wp-json\/wp\/v2\/media\/342288"}],"wp:attachment":[{"href":"https:\/\/www.europesays.com\/fr\/wp-json\/wp\/v2\/media?parent=342287"}],"wp:term":[{"taxonomy":"category","embeddable":true,"href":"https:\/\/www.europesays.com\/fr\/wp-json\/wp\/v2\/categories?post=342287"},{"taxonomy":"post_tag","embeddable":true,"href":"https:\/\/www.europesays.com\/fr\/wp-json\/wp\/v2\/tags?post=342287"}],"curies":[{"name":"wp","href":"https:\/\/api.w.org\/{rel}","templated":true}]}}