{"id":342293,"date":"2025-08-25T07:28:14","date_gmt":"2025-08-25T07:28:14","guid":{"rendered":"https:\/\/www.europesays.com\/fr\/342293\/"},"modified":"2025-08-25T07:28:14","modified_gmt":"2025-08-25T07:28:14","slug":"le-programme-complet-du-vendredi","status":"publish","type":"post","link":"https:\/\/www.europesays.com\/fr\/342293\/","title":{"rendered":"le programme complet du vendredi"},"content":{"rendered":"<p>\t\t\t<strong class=\"post-excerpt\"><\/p>\n<p itemprop=\"description\">Retrouvez le programme complet de la journ\u00e9e de vendredi du Grand Prix d&rsquo;Autriche MotoGP 2025, disput\u00e9 sur le circuit du Red Bull Ring, avec les horaires et cha\u00eenes TV pour les t\u00e9l\u00e9spectateurs en France.<\/p>\n<p><\/strong>\t\t <\/p>\n<p class=\"p1\">Apr\u00e8s la tr\u00eave, le <a href=\"https:\/\/www.sportauto.fr\/actu\/motogp-quattendre-de-la-seconde-moitie-de-saison-436491.html#item=1\" target=\"_blank\" rel=\"noopener\"><strong>MotoGP<\/strong><\/a>\u00a0entame la <strong>deuxi\u00e8me partie de sa campagne 2025<\/strong>\u00a0avec le Grand Prix d&rsquo;Autriche, <strong>13\u00e8me  manche du <a href=\"https:\/\/www.sportauto.fr\/mondial-de-paris\/motogp-calendrier-mondial-2026-dates-circuits-435975.html#item=1\" target=\"_blank\" rel=\"noopener\">calendrier<\/a>\u00a0<\/strong>sur le<strong> Red Bull Ring.<\/strong><\/p>\n<p>   \t\t\t GP d&rsquo;Autriche MotoGP 2025 : le programme complet du vendredi <\/p>\n<p>Retrouvez ci-dessous le <strong>programme du vendredi <\/strong>en vue du<strong>\u00a0Grand Prix d&rsquo;Autriche <a href=\"https:\/\/www.sportauto.fr\/motogp\/motogp-essence-carburant-non-fossile-2027-436401.html#item=1\" target=\"_blank\" rel=\"noopener\">MotoGP<\/a> 2025<\/strong>. Toutes les s\u00e9ances du week-end seront diffus\u00e9es sur les cha\u00eenes du groupe <strong>Canal+,<\/strong>\u00a0de m\u00eame que le<strong> Sprint MotoGP<\/strong>, les courses du dimanche en<strong> Moto2<\/strong> et<strong> Moto3<\/strong>, ainsi que\u00a0le <strong>Grand Prix de MotoGP. <\/strong>Cette 13\u00e8me manche de la saison sera \u00e9galement retransmise sur <strong>RTBF Auvio\u00a0<\/strong>pour les t\u00e9l\u00e9spectateurs en <strong>Belgique.<\/strong><\/p>\n<p> Vendredi 15 ao\u00fbt 2025 <\/p>\n<ul>\n<li>08h30 &#8211; 08h45 : Essais Libres 1 MotoE<\/li>\n<li>09h00 &#8211; 09h35 : Essais Libres 1 Moto3<\/li>\n<li>09h50 &#8211; 10h30 : Essais Libres 1 Moto2<\/li>\n<li><strong>10h45 \u2013 11h30 : Essais Libres 1 MotoGP<\/strong><\/li>\n<li>12h35 &#8211; 12h50 :\u00a0Essais Libres 2 MotoE<\/li>\n<li>13h15 &#8211; 13h50 : Essais Moto3<\/li>\n<li>14h05 &#8211; 14h45 : Essais Moto2<\/li>\n<li><strong>15h00 \u2013 16h00 : Essais MotoGP<\/strong><\/li>\n<li>17h10 &#8211; 17h20 :\u00a0Qualifications 1 MotoE<\/li>\n<li>17h20 &#8211; 17h30 : Qualifications 2 MotoE<\/li>\n<\/ul>\n<p>&gt;&gt; Le <a href=\"https:\/\/www.sportauto.fr\/motogp\/motogp-grand-prix-autriche-red-bull-ring-2025-programme-horaires-tv-france-436764.html#item=1\" target=\"_blank\" rel=\"noopener\">programme complet du week-end est \u00e0 retrouver ici<\/a><\/p>\n","protected":false},"excerpt":{"rendered":"Retrouvez le programme complet de la journ\u00e9e de vendredi du Grand Prix d&rsquo;Autriche MotoGP 2025, disput\u00e9 sur le&hellip;\n","protected":false},"author":2,"featured_media":342294,"comment_status":"","ping_status":"","sticky":false,"template":"","format":"standard","meta":{"footnotes":""},"categories":[1413],"tags":[1011,27,1638,1457,1456,60],"class_list":{"0":"post-342293","1":"post","2":"type-post","3":"status-publish","4":"format-standard","5":"has-post-thumbnail","7":"category-moto","8":"tag-fr","9":"tag-france","10":"tag-has_diapo","11":"tag-moto","12":"tag-motocycle","13":"tag-sports"},"share_on_mastodon":{"url":"https:\/\/pubeurope.com\/@fr\/115088228544610783","error":""},"_links":{"self":[{"href":"https:\/\/www.europesays.com\/fr\/wp-json\/wp\/v2\/posts\/342293","targetHints":{"allow":["GET"]}}],"collection":[{"href":"https:\/\/www.europesays.com\/fr\/wp-json\/wp\/v2\/posts"}],"about":[{"href":"https:\/\/www.europesays.com\/fr\/wp-json\/wp\/v2\/types\/post"}],"author":[{"embeddable":true,"href":"https:\/\/www.europesays.com\/fr\/wp-json\/wp\/v2\/users\/2"}],"replies":[{"embeddable":true,"href":"https:\/\/www.europesays.com\/fr\/wp-json\/wp\/v2\/comments?post=342293"}],"version-history":[{"count":0,"href":"https:\/\/www.europesays.com\/fr\/wp-json\/wp\/v2\/posts\/342293\/revisions"}],"wp:featuredmedia":[{"embeddable":true,"href":"https:\/\/www.europesays.com\/fr\/wp-json\/wp\/v2\/media\/342294"}],"wp:attachment":[{"href":"https:\/\/www.europesays.com\/fr\/wp-json\/wp\/v2\/media?parent=342293"}],"wp:term":[{"taxonomy":"category","embeddable":true,"href":"https:\/\/www.europesays.com\/fr\/wp-json\/wp\/v2\/categories?post=342293"},{"taxonomy":"post_tag","embeddable":true,"href":"https:\/\/www.europesays.com\/fr\/wp-json\/wp\/v2\/tags?post=342293"}],"curies":[{"name":"wp","href":"https:\/\/api.w.org\/{rel}","templated":true}]}}