{"id":342295,"date":"2025-08-25T07:29:10","date_gmt":"2025-08-25T07:29:10","guid":{"rendered":"https:\/\/www.europesays.com\/fr\/342295\/"},"modified":"2025-08-25T07:29:10","modified_gmt":"2025-08-25T07:29:10","slug":"175-km-h-au-lieu-de-70-km-h-un-record-de-vitesse-sur-lagglomeration-messine","status":"publish","type":"post","link":"https:\/\/www.europesays.com\/fr\/342295\/","title":{"rendered":"175 km\/h au lieu de 70 km\/h : \u00ab\u00a0Un record de vitesse sur l\u2019agglom\u00e9ration messine\u00a0\u00bb"},"content":{"rendered":"<p>Samedi 23 ao\u00fbt, au volant d\u2019une Seat Leon, un homme de 47 ans r\u00e9sidant \u00e0 Woippy a pris la voie Val\u00e9ry Giscard d\u2019Estaing pour un circuit de Formule 1. R\u00e9sultat, il a \u00e9t\u00e9 contr\u00f4l\u00e9 \u00e0 plus de 100 km\/h au-dessus de la vitesse autoris\u00e9e\u2026<\/p>\n<p class=\"text\">Il ne faudrait pas que cela donne de mauvaises id\u00e9es, mais avouons que c\u2019est quand m\u00eame une belle performance ! Elle est l\u2019\u0153uvre d\u2019un automobiliste \u00e2g\u00e9 de 47 ans et r\u00e9sidant \u00e0 Woippy. Samedi 23 ao\u00fbt, les agents de l\u2019Unit\u00e9 routi\u00e8re proc\u00e8dent \u00e0 des contr\u00f4les de vitesse sur la voie Val\u00e9ry Giscard d\u2019Estaing \u00e0 Metz. Une zone o\u00f9 certains conducteurs ont la f\u00e2cheuse tendance \u00e0 garder le pied sur l\u2019acc\u00e9l\u00e9rateur.<\/p>\n<p class=\"text\">En milieu de soir\u00e9e, en direction du carrefour du Pont Rouge, \u00e0 hauteur du Garage Renault, l\u2019agent de la police municipale voit surgir \u00e0 travers son \u0153illeton, dans la zone de d\u00e9c\u00e9l\u00e9ration limit\u00e9e \u00e0 70 km\/h, une Seat Leon \u00e0\u2026 175 km\/h !<\/p>\n<p class=\"text\">R\u00e9sultat, r\u00e9tention imm\u00e9diate du permis de conduire de 6 mois en attendant de compara\u00eetre devant le tribunal de police de Metz. Le chauffard est reparti confortablement assis dans le si\u00e8ge passager, laissant le volant \u00e0 son ami. De m\u00e9moire de policier municipal, il se dit que \u00abc\u2019est un record de vitesse sur la circonscription messine\u00bb.<\/p>\n<p class=\"text\">Charles Michel<br \/>(Le R\u00e9publicain Lorrain)<\/p>\n","protected":false},"excerpt":{"rendered":"Samedi 23 ao\u00fbt, au volant d\u2019une Seat Leon, un homme de 47 ans r\u00e9sidant \u00e0 Woippy a pris&hellip;\n","protected":false},"author":2,"featured_media":342296,"comment_status":"","ping_status":"","sticky":false,"template":"","format":"standard","meta":{"footnotes":""},"categories":[1412],"tags":[1451,1452,1453,1454,1455,1011,27,60],"class_list":{"0":"post-342295","1":"post","2":"type-post","3":"status-publish","4":"format-standard","5":"has-post-thumbnail","7":"category-f1","8":"tag-f1","9":"tag-formula-1","10":"tag-formula1","11":"tag-formule-1","12":"tag-formule1","13":"tag-fr","14":"tag-france","15":"tag-sports"},"share_on_mastodon":{"url":"https:\/\/pubeurope.com\/@fr\/115088232563070942","error":""},"_links":{"self":[{"href":"https:\/\/www.europesays.com\/fr\/wp-json\/wp\/v2\/posts\/342295","targetHints":{"allow":["GET"]}}],"collection":[{"href":"https:\/\/www.europesays.com\/fr\/wp-json\/wp\/v2\/posts"}],"about":[{"href":"https:\/\/www.europesays.com\/fr\/wp-json\/wp\/v2\/types\/post"}],"author":[{"embeddable":true,"href":"https:\/\/www.europesays.com\/fr\/wp-json\/wp\/v2\/users\/2"}],"replies":[{"embeddable":true,"href":"https:\/\/www.europesays.com\/fr\/wp-json\/wp\/v2\/comments?post=342295"}],"version-history":[{"count":0,"href":"https:\/\/www.europesays.com\/fr\/wp-json\/wp\/v2\/posts\/342295\/revisions"}],"wp:featuredmedia":[{"embeddable":true,"href":"https:\/\/www.europesays.com\/fr\/wp-json\/wp\/v2\/media\/342296"}],"wp:attachment":[{"href":"https:\/\/www.europesays.com\/fr\/wp-json\/wp\/v2\/media?parent=342295"}],"wp:term":[{"taxonomy":"category","embeddable":true,"href":"https:\/\/www.europesays.com\/fr\/wp-json\/wp\/v2\/categories?post=342295"},{"taxonomy":"post_tag","embeddable":true,"href":"https:\/\/www.europesays.com\/fr\/wp-json\/wp\/v2\/tags?post=342295"}],"curies":[{"name":"wp","href":"https:\/\/api.w.org\/{rel}","templated":true}]}}