{"id":342301,"date":"2025-08-25T07:32:09","date_gmt":"2025-08-25T07:32:09","guid":{"rendered":"https:\/\/www.europesays.com\/fr\/342301\/"},"modified":"2025-08-25T07:32:09","modified_gmt":"2025-08-25T07:32:09","slug":"apres-sa-promotion-bertrand-chameroy-de-retour-a-lantenne-seulement-quelques-mois-apres-lannonce-de-son-etat-je-vais-beaucoup-mieux","status":"publish","type":"post","link":"https:\/\/www.europesays.com\/fr\/342301\/","title":{"rendered":"Apr\u00e8s sa promotion, Bertrand Chameroy de retour \u00e0 l&rsquo;antenne seulement quelques mois apr\u00e8s l&rsquo;annonce de son \u00e9tat : \u00ab\u00a0Je vais beaucoup mieux\u00a0\u00bb"},"content":{"rendered":"<p>La suite apr\u00e8s la publicit\u00e9<\/p>\n<p>Apr\u00e8s un dernier week-end de repos \u00e0 la campagne, <a href=\"https:\/\/www.purepeople.com\/people\/bertrand-chameroy_p539017\" rel=\"nofollow noopener\" target=\"_blank\">Bertrand Chameroy<\/a> a repris du service d\u00e8s ce lundi 25 ao\u00fbt, \u00e0 7h57 pr\u00e9cises, <a href=\"https:\/\/www.purepeople.com\/article\/france-inter-il-n-y-a-pas-que-bertrand-chameroy-de-nouveaux-visages-de-l-humour-rejoignent-la-radio_a541687\/1\" rel=\"nofollow noopener\" target=\"_blank\">sur France Inter<\/a>. L\u2019ancien visage de Touche pas \u00e0 mon poste officie d\u00e9sormais chaque matin dans la matinale de la station publique, avec un billet d\u2019humour quotidien. \u00ab\u00a0<strong>Histoire de souffler et de ne pas trop stresser,<\/strong> car je suis le sp\u00e9cialiste pour me mettre la pression\u00a0\u00bb, a-t-il confi\u00e9 dans les colonnes du Parisien ce dimanche.<\/p>\n<p>Une rentr\u00e9e sous le signe du renouveau pour Bertrand Chameroy<\/p>\n<p>Ce r\u00f4le, il l\u2019a d\u2019abord endoss\u00e9 par int\u00e9rim, au printemps dernier, durant le cong\u00e9 paternit\u00e9 de <strong>Matthieu No\u00ebl<\/strong>. Mais rapidement, la direction de France Inter a choisi de lui confier la chronique de fa\u00e7on permanente, apr\u00e8s le d\u00e9part du titulaire. \u00ab\u00a0J\u2019avais fait l\u2019int\u00e9rim, mais ce ne devait \u00eatre qu\u2019un simple remplacement\u00a0\u00bb, explique-t-il.\u00a0<\/p>\n<p>Quand Ad\u00e8le Van Reeth, la patronne de la station, lui propose officiellement le poste, sa r\u00e9ponse ne tarde pas : \u00ab\u00a0<strong>Il faudrait \u00eatre fou pour refuser une proposition comme celle-ci<\/strong>\u2026 On parle de la premi\u00e8re matinale de France, d\u2019une chronique diffus\u00e9e juste avant le journal de 8 heures. C\u2019est un honneur, et une pression \u00e0 la fois\u00a0\u00bb, confie-t-il \u00e0 nos confr\u00e8res.\u00a0<\/p>\n<p>La rentr\u00e9e de France Inter s\u2019accompagne par ailleurs de nombreux changements : avec le d\u00e9part de L\u00e9a Salam\u00e9 pour France 2, <a href=\"https:\/\/www.purepeople.com\/people\/benjamin-duhamel_p555018\" rel=\"nofollow noopener\" target=\"_blank\">Benjamin Duhamel<\/a> rejoint la matinale pour l\u2019interview politique de 7h50. Une nouvelle organisation qui promet des \u00e9changes enjou\u00e9s. \u00ab\u00a0<strong>Je lui ai d\u00e9j\u00e0 mis la pression et l\u2019ai remerci\u00e9 pour cette passe d\u00e9cisive !<\/strong>\u00ab\u00a0, s\u2019amuse Betrand Chameroy \u00e0 propos de son nouveau coll\u00e8gue.<\/p>\n<p>\u00ab\u00a0Je vais beaucoup mieux\u00a0\u00bb : son retour apr\u00e8s une p\u00e9riode sombre<\/p>\n<p>Si ce retour \u00e0 l\u2019antenne a une saveur particuli\u00e8re, c\u2019est parce qu\u2019il intervient apr\u00e8s une p\u00e9riode plus compliqu\u00e9e pour le chroniqueur. En d\u00e9but d\u2019ann\u00e9e 2025,<a href=\"https:\/\/www.purepeople.com\/article\/je-ne-pouvais-plus-bertrand-chameroy-se-confie-enfin-sur-sa-longue-absence-dans-c-a-vous_a536556\/1\" rel=\"nofollow noopener\" target=\"_blank\"> son absence prolong\u00e9e<\/a> dans C \u00e0 vous avait intrigu\u00e9 les t\u00e9l\u00e9spectateurs. Officiellement \u00e9voqu\u00e9e comme une \u00ab\u00a0grosse grippe\u00a0\u00bb, <strong>la r\u00e9alit\u00e9 \u00e9tait tout autre<\/strong>. En avril dernier, dans un entretien accord\u00e9 \u00e0 La Tribune Dimanche, <a href=\"https:\/\/www.purepeople.com\/article\/bertrand-chameroy-revele-enfin-la-vraie-raison-de-son-absence-a-lantenne-personne-ne-devrait-en-avoir-honte_a537201\/1\" rel=\"nofollow noopener\" target=\"_blank\">Bertrand Chameroy r\u00e9v\u00e9lait avoir travers\u00e9 une d\u00e9pression<\/a> : \u00ab\u00a0R\u00e9cemment, j\u2019ai expliqu\u00e9 qu\u2019il s\u2019agissait d\u2019une \u2018bonne grippe\u2019. En r\u00e9alit\u00e9, le mot exact \u00e9tait \u2018d\u00e9pression\u2019\u00a0\u00bb, reconnaissait-il.<\/p>\n<p>Durant trois semaines, ce dernier avait choisi de prendre du recul et de se consacrer \u00e0 <strong>sa sant\u00e9 mentale<\/strong>. \u00ab\u00a0Je n\u2019ai d\u00e9sormais plus honte de le dire. Personne ne devrait en avoir honte. J&rsquo;avais besoin de ces trois semaines pour souffler, comprendre, me retrouver, me reconnecter aux belles choses de la vie\u00a0\u00bb, confiait-il alors. Accompagn\u00e9 par des professionnels de sant\u00e9, il affirmait avoir retrouv\u00e9 une s\u00e9r\u00e9nit\u00e9 nouvelle : \u00ab\u00a0Leur \u00e9coute et leurs conseils me permettent aujourd\u2019hui d\u2019avancer plus sereinement.\u00a0\u00bb<\/p>\n<p>Un discours qui avait marqu\u00e9, dans un contexte o\u00f9 la parole sur la sant\u00e9 mentale se lib\u00e8re peu \u00e0 peu. \u00ab\u00a0<strong>Le tabou de la sant\u00e9 mentale commence enfin \u00e0 sauter<\/strong>\u00ab\u00a0, soulignait-il, esp\u00e9rant que son t\u00e9moignage puisse aider d\u2019autres personnes \u00e0 se sentir moins seules.<\/p>\n<p>Aujourd\u2019hui, Bertrand Chameroy assure \u00eatre pr\u00eat pour une saison exigeante, entre la radio le matin et la t\u00e9l\u00e9vision le soir dans <a href=\"https:\/\/www.purepeople.com\/article\/apres-lechange-tendu-dans-c-a-vous-impliquant-patrick-cohen-bertrand-chameroy-ne-se-prive-pas-sur-laffaire-a-sa-facon_a539580\/1\" rel=\"nofollow noopener\" target=\"_blank\">C \u00e0 vous<\/a> sur France 5. \u00ab\u00a0Je vais beaucoup mieux\u00a0\u00bb, promet-il. \u00ab\u00a0Et<strong> je suis d\u2019attaque pour cette rentr\u00e9e !<\/strong>\u00ab\u00a0. Des journ\u00e9es bien remplies l\u2019attendent, mais l\u2019animateur<a href=\"https:\/\/www.purepeople.com\/article\/bertrand-chameroy-decroche-une-belle-promotion-loin-danne-elisabeth-lemoine_a539798\/1\" rel=\"nofollow noopener\" target=\"_blank\"> qui a r\u00e9cemment re\u00e7u une promotion<\/a> pr\u00e9f\u00e8re en sourire : \u00ab\u00a0Je pr\u00e9sente juste par avance mes excuses \u00e0 mes proches et amis car je ne vais pas faire beaucoup de restaurants ou d\u2019ap\u00e9ros pendant la saison\u00a0\u00bb, conclut-il dans Le Parisien. Un retour qui sonne comme une victoire personnelle !<\/p>\n","protected":false},"excerpt":{"rendered":"La suite apr\u00e8s la publicit\u00e9 Apr\u00e8s un dernier week-end de repos \u00e0 la campagne, Bertrand Chameroy a repris&hellip;\n","protected":false},"author":2,"featured_media":342302,"comment_status":"","ping_status":"","sticky":false,"template":"","format":"standard","meta":{"footnotes":""},"categories":[1359],"tags":[58,59,1011,27,973],"class_list":{"0":"post-342301","1":"post","2":"type-post","3":"status-publish","4":"format-standard","5":"has-post-thumbnail","7":"category-people","8":"tag-divertissement","9":"tag-entertainment","10":"tag-fr","11":"tag-france","12":"tag-people"},"share_on_mastodon":{"url":"https:\/\/pubeurope.com\/@fr\/115088244375294507","error":""},"_links":{"self":[{"href":"https:\/\/www.europesays.com\/fr\/wp-json\/wp\/v2\/posts\/342301","targetHints":{"allow":["GET"]}}],"collection":[{"href":"https:\/\/www.europesays.com\/fr\/wp-json\/wp\/v2\/posts"}],"about":[{"href":"https:\/\/www.europesays.com\/fr\/wp-json\/wp\/v2\/types\/post"}],"author":[{"embeddable":true,"href":"https:\/\/www.europesays.com\/fr\/wp-json\/wp\/v2\/users\/2"}],"replies":[{"embeddable":true,"href":"https:\/\/www.europesays.com\/fr\/wp-json\/wp\/v2\/comments?post=342301"}],"version-history":[{"count":0,"href":"https:\/\/www.europesays.com\/fr\/wp-json\/wp\/v2\/posts\/342301\/revisions"}],"wp:featuredmedia":[{"embeddable":true,"href":"https:\/\/www.europesays.com\/fr\/wp-json\/wp\/v2\/media\/342302"}],"wp:attachment":[{"href":"https:\/\/www.europesays.com\/fr\/wp-json\/wp\/v2\/media?parent=342301"}],"wp:term":[{"taxonomy":"category","embeddable":true,"href":"https:\/\/www.europesays.com\/fr\/wp-json\/wp\/v2\/categories?post=342301"},{"taxonomy":"post_tag","embeddable":true,"href":"https:\/\/www.europesays.com\/fr\/wp-json\/wp\/v2\/tags?post=342301"}],"curies":[{"name":"wp","href":"https:\/\/api.w.org\/{rel}","templated":true}]}}