{"id":342303,"date":"2025-08-25T07:33:17","date_gmt":"2025-08-25T07:33:17","guid":{"rendered":"https:\/\/www.europesays.com\/fr\/342303\/"},"modified":"2025-08-25T07:33:17","modified_gmt":"2025-08-25T07:33:17","slug":"ce-peintre-amateur-donne-une-nouvelle-vie-aux-dechets","status":"publish","type":"post","link":"https:\/\/www.europesays.com\/fr\/342303\/","title":{"rendered":"Ce peintre amateur donne une nouvelle vie aux d\u00e9chets"},"content":{"rendered":"<p>\u00ab\u00a0Toi tu es n\u00e9 avec un pinceau dans la bouche\u00a0\u00bb, lui disait sa m\u00e8re. Cl\u00e9ment Verbrakele, 84\u00a0ans, originaire de Li\u00e9vain (Nord-Pas-de Calais), habite en Dordogne depuis sa retraite. Et il cumule plus d\u2019une centaine d\u2019\u0153uvres chez lui, \u00e0 Bergerac.<\/p>\n<p>\u00ab\u00a0Certains ont besoin d\u2019une marche tous les matins pour se sentir bien, moi, c\u2019est la peinture, c\u2019est un rituel\u00a0\u00bb, explique l\u2019artiste qui passe pr\u00e8s de deux heures par jour \u00e0 peaufiner ses \u0153uvres d\u2019art. Au milieu des plantes, sur la terrasse de son appartement, s\u2019entrem\u00ealent gouaches, pinceaux et tableaux.<\/p>\n<p>Sa derni\u00e8re peinture en date est un paravent au style \u00ab\u00a0japonisant\u00a0\u00bb. Il a pass\u00e9 plus d\u2019un mois et demi \u00e0 la r\u00e9aliser. Cl\u00e9ment Verbrakele ne se limite pas \u00e0 un style, c\u2019est pour \u00e7a qu\u2019il s\u2019amuse \u00e0 dire qu\u2019il n\u2019en a pas. De l\u2019impressionnisme au r\u00e9alisme, la palette du retrait\u00e9 est large. Il s\u2019inspire de la nature ou de ses lectures, comme le magazine \u00ab\u00a0La Gazette Drouot\u00a0\u00bb, dont les exemplaires s\u2019empilent par centaines sur sa terrasse.<\/p>\n<p>Du pack d\u2019eau au tableau<\/p>\n<p>Et pour peindre, pas besoin d\u2019investir dans une toile traditionnelle\u00a0: Cl\u00e9ment Verbrakele pr\u00e9f\u00e8re utiliser du carton recycl\u00e9. Aujourd\u2019hui, presque l\u2019int\u00e9gralit\u00e9 de ses \u0153uvres sont r\u00e9alis\u00e9es sur du carton. Plus particuli\u00e8rement sur des plaques \u00ab\u00a0d\u2019isorel\u00a0\u00bb, des panneaux compos\u00e9s de fibres de bois qui servent \u00e0 l\u2019origine \u00e0 s\u00e9parer les packs des bouteilles d\u2019eau. Ils les r\u00e9cup\u00e8rent au Leclerc pr\u00e8s de chez lui, rue Pasteur\u00a0: \u00ab\u00a0Cela redonne vie aux d\u00e9chets\u00a0\u00bb, lance-t-il en esquissant un sourire.<\/p>\n<p>        <img decoding=\"async\" id=\"25383487\" src=\"https:\/\/www.europesays.com\/fr\/wp-content\/uploads\/2025\/08\/img-2179.jpeg\" alt=\"Chez lui, il entrepose plus de 100 tableaux.\" itemprop=\"contentURL\"\/><\/p>\n<p>    Chez lui, il entrepose plus de 100 tableaux.<\/p>\n<p>T.\u00a0G.<\/p>\n<p>Natif d\u2019une cit\u00e9 mini\u00e8re du Nord, il se souvient avoir commenc\u00e9 le dessin avec des bouts de craie directement sur le sol. Puis, il s\u2019est aff\u00fbt\u00e9 en maniant le fusain et c\u2019est seulement plus tard qu\u2019il d\u00e9couvre la peinture gr\u00e2ce \u00e0 son professeur d\u2019\u00e9cole, M.\u00a0Ad\u00e8le\u00a0: \u00ab\u00a0Je me souviens qu\u2019il avait peint une grande fresque au fond de la classe, j\u2019\u00e9tais fascin\u00e9\u00a0\u00bb, se rem\u00e9more-t-il, \u00e9merveill\u00e9.<\/p>\n<p>Parall\u00e8lement \u00e0 sa carri\u00e8re d\u2019enseignant sp\u00e9cialis\u00e9 dans le handicap mental, il a rejoint l\u2019association du <a href=\"https:\/\/www.facebook.com\/CLAPLIEVIN\/?locale=fr_FR\" target=\"_blank\" rel=\"nofollow noopener\">Cercle li\u00e9vinois des arts pluriel<\/a>s et contribue \u00e0 la diffusion de l\u2019art au sein des Ehpad et des \u00e9coles.<\/p>\n<blockquote><p>\u00ab\u00a0J\u2019aime bien regarder ce qu\u2019il fait, je pense qu\u2019on a beaucoup \u00e0 apprendre des anciens\u00a0\u00bb<\/p><\/blockquote>\n<p>Aujourd\u2019hui, c\u2019est depuis la terrasse de son appartement qu\u2019il transmet sa passion. Les voisins d\u00e9filent devant son atelier \u00e0 ciel ouvert pour le saluer et suivre l\u2019avanc\u00e9e de ses tableaux. Un sexag\u00e9naire qui \u00ab\u00a0s\u2019ennuie\u00a0\u00bb lui aurait m\u00eame demand\u00e9 un cours de peinture. Cl\u00e9ment Verbrakele atteste\u00a0: \u00ab\u00a0Pour la premi\u00e8re s\u00e9ance, je leur demande toujours de peindre avec les mains, c\u2019est la base.\u00a0\u00bb<\/p>\n<p>Un de ses jeunes voisins qui s\u2019appr\u00eate \u00e0 rejoindre son appartement ajoute\u00a0: \u00ab\u00a0J\u2019aime bien regarder ce qu\u2019il fait, je pense qu\u2019on a beaucoup \u00e0 apprendre des anciens.\u00a0\u00bb<\/p>\n","protected":false},"excerpt":{"rendered":"\u00ab\u00a0Toi tu es n\u00e9 avec un pinceau dans la bouche\u00a0\u00bb, lui disait sa m\u00e8re. Cl\u00e9ment Verbrakele, 84\u00a0ans, originaire&hellip;\n","protected":false},"author":2,"featured_media":342304,"comment_status":"","ping_status":"","sticky":false,"template":"","format":"standard","meta":{"footnotes":""},"categories":[1358],"tags":[1348,1384,1385,1386,58,59,1011,27],"class_list":{"0":"post-342303","1":"post","2":"type-post","3":"status-publish","4":"format-standard","5":"has-post-thumbnail","7":"category-arts-et-design","8":"tag-arts","9":"tag-arts-and-design","10":"tag-arts-et-design","11":"tag-design","12":"tag-divertissement","13":"tag-entertainment","14":"tag-fr","15":"tag-france"},"share_on_mastodon":{"url":"https:\/\/pubeurope.com\/@fr\/115088248412816246","error":""},"_links":{"self":[{"href":"https:\/\/www.europesays.com\/fr\/wp-json\/wp\/v2\/posts\/342303","targetHints":{"allow":["GET"]}}],"collection":[{"href":"https:\/\/www.europesays.com\/fr\/wp-json\/wp\/v2\/posts"}],"about":[{"href":"https:\/\/www.europesays.com\/fr\/wp-json\/wp\/v2\/types\/post"}],"author":[{"embeddable":true,"href":"https:\/\/www.europesays.com\/fr\/wp-json\/wp\/v2\/users\/2"}],"replies":[{"embeddable":true,"href":"https:\/\/www.europesays.com\/fr\/wp-json\/wp\/v2\/comments?post=342303"}],"version-history":[{"count":0,"href":"https:\/\/www.europesays.com\/fr\/wp-json\/wp\/v2\/posts\/342303\/revisions"}],"wp:featuredmedia":[{"embeddable":true,"href":"https:\/\/www.europesays.com\/fr\/wp-json\/wp\/v2\/media\/342304"}],"wp:attachment":[{"href":"https:\/\/www.europesays.com\/fr\/wp-json\/wp\/v2\/media?parent=342303"}],"wp:term":[{"taxonomy":"category","embeddable":true,"href":"https:\/\/www.europesays.com\/fr\/wp-json\/wp\/v2\/categories?post=342303"},{"taxonomy":"post_tag","embeddable":true,"href":"https:\/\/www.europesays.com\/fr\/wp-json\/wp\/v2\/tags?post=342303"}],"curies":[{"name":"wp","href":"https:\/\/api.w.org\/{rel}","templated":true}]}}