{"id":342305,"date":"2025-08-25T07:34:19","date_gmt":"2025-08-25T07:34:19","guid":{"rendered":"https:\/\/www.europesays.com\/fr\/342305\/"},"modified":"2025-08-25T07:34:19","modified_gmt":"2025-08-25T07:34:19","slug":"franck-bouysse-signe-son-roman-le-plus-intime","status":"publish","type":"post","link":"https:\/\/www.europesays.com\/fr\/342305\/","title":{"rendered":"Franck Bouysse signe son roman le plus intime"},"content":{"rendered":"<p><strong>Le Book Club de <a href=\"https:\/\/www.weculte.com\/\" target=\"_blank\" rel=\"noopener\">We Culte<\/a>\/<\/strong><strong>\u00ab\u00a0Entre toutes\u00a0\u00bb<\/strong>. Dans <strong>\u00ab\u00a0Entre toutes\u00a0\u00bb<\/strong>, son nouveau roman,<a href=\"https:\/\/www.babelio.com\/liste\/11549\/FRANCK-BOUYSSE\" target=\"_blank\" rel=\"noopener\"> <strong>Franck Bouysse<\/strong><\/a> retrace, avec une d\u00e9licate pudeur, le portrait d\u2019une femme simple n\u00e9e en 1912 dans une ferme isol\u00e9e : celui de sa grand-m\u00e8re. Une vie de labeur, d\u2019amour et de r\u00e9silience. Une fresque intime et universelle.<\/p>\n<p><strong>\u00ab\u00a0Entre toutes\u00a0\u00bb de Franck Bouysse : son roman le plus personnel, le plus d\u00e9pouill\u00e9 et l\u2019un des plus touchants<\/strong><\/p>\n<p><img fetchpriority=\"high\" decoding=\"async\" width=\"250\" height=\"375\" src=\"data:image\/svg+xml,%3Csvg%20xmlns=\" http:=\"\" alt=\"entre toutes \" class=\"wp-image-48110\" style=\"width:305px;height:auto\" data-lazy- data-lazy- data-lazy-src=\"https:\/\/www.europesays.com\/fr\/wp-content\/uploads\/2025\/08\/Entre-toutes_couverture-.jpeg\"\/>\u00ab\u00a0Entre toutes\u00a0\u00bb de Franck Bouysse<\/p>\n<p>\u00ab Nous sommes capables de cartographier le g\u00e9nome humain, d\u2019identifier les anomalies, mais nous ne sommes pas en mesure d\u2019\u00e9valuer quelle part du v\u00e9cu de nos a\u00efeuls nous impr\u00e8gne r\u00e9ellement, ce bruit de fond dans nos cellules qui r\u00f4de comme un fant\u00f4me. \u00bb <\/p>\n<p>Partant de ce constat,<strong> <a href=\"https:\/\/www.babelio.com\/liste\/11549\/FRANCK-BOUYSSE\" target=\"_blank\" rel=\"noopener\">Franck Bouysse <\/a><\/strong>a tent\u00e9, en plongeant dans les souvenirs et les r\u00e9cits intimes, de raconter la vie de sa grand-m\u00e8re, partie une nuit de f\u00e9vrier, un jour avant son quatre-vingt-huiti\u00e8me anniversaire, sur un lit d\u2019h\u00f4pital, \u00e0 quarante kilom\u00e8tres de la ferme des Vieilles Granges o\u00f9 elle avait toujours v\u00e9cu. \u00ab Elle redoutait de devenir un poids\u2026 Elle ne souhaitait rien d\u2019autre qu\u2019en finir discr\u00e8tement, ainsi qu\u2019elle avait v\u00e9cu. \u00bb<\/p>\n<p>C\u2019est sur cette disparition sans fracas, dans la discr\u00e9tion m\u00eame de l\u2019existence qu\u2019elle a men\u00e9e, que s\u2019ouvre \u00ab\u00a0<strong>Entre toutes<\/strong>\u00ab\u00a0. A la fois hommage et reconstitution, cette chronique d\u2019une vie anonyme d\u00e9roule tout un si\u00e8cle.<\/p>\n<p>Son fils entreprend de lui redonner voix, \u00e0 partir de fragments, d\u2019odeurs, de gestes, de mots prononc\u00e9s ou tus. \u00ab\u00a0Pourquoi ne pas raconter son histoire, une histoire, \u00e0 ma fa\u00e7on, m\u00eame si je n\u2019en connais que des bribes, m\u00eame si je mentirai parfois.\u00a0\u00bb Cette d\u00e9marche assum\u00e9e r\u00e9v\u00e8le toute l\u2019humilit\u00e9 du projet : \u00ab\u00a0J\u2019\u00e9clairerai les ombres avec ce que je crois, moi, et nul autre que moi. Ma propre m\u00e9moire a travaill\u00e9 la sienne et celle de ceux qui l\u2019ont connue.\u00a0\u00bb <\/p>\n<p>L\u00e0 r\u00e9side la puissance romanesque du livre : dans ce geste de transmission, ce \u00ab\u00a0je\u00a0\u00bb qui se fait relais d\u2019une m\u00e9moire collective, de toutes ces Maries dont les noms se sont \u00ab\u00a0perdus au jour de leurs noces \u00bb.<\/p>\n<p>Marie est une femme de peu de mots mais de grande pr\u00e9sence. Elle incarne ces femmes qui cachaient leur souffrance derri\u00e8re un sourire \u00ab\u00a0offert \u00e0 tous, sans distinction, au familier comme au visiteur \u00bb. Une vie de labeur, au rythme des saisons, des guerres, des enfants. Elle est de celles dont \u00ab\u00a0la chance poussa rarement la porte\u00a0\u00bb, mais qui savaient \u00ab\u00a0accommoder les restes de bonheurs accroch\u00e9s \u00e0 leurs souvenirs\u00a0\u00bb.<\/p>\n<p>Ce portrait d\u2019une infinie tendresse dit l\u2019enfance de Marie \u00e0 travers une riche sensualit\u00e9. Le souvenir de la m\u00e8re s\u2019incarne dans une odeur, une odeur de paille torr\u00e9fi\u00e9e m\u00eal\u00e9e \u00e0 celle de la sueur, port\u00e9e sur le dos de sa m\u00e8re Anna comme \u00ab\u00a0un petit \u00eatre siamois babillant, incrust\u00e9 \u00e0 la colonne vert\u00e9brale d\u2019un corps d\u2019adulte\u00a0\u00bb.<\/p>\n<p>Parmi les sc\u00e8nes marquantes, celle du mariage avec Cl\u00e9ment, en octobre 1930, bouleverse par sa simplicit\u00e9 : \u00ab Ils firent pour la premi\u00e8re fois l\u2019amour dans le lit du jeune mari\u00e9 et s\u2019endormirent dans les bras l\u2019un de l\u2019autre. \u00bb <\/p>\n<p>Rien de grandiloquent, juste l\u2019\u00e9motion d\u2019un instant partag\u00e9, la naissance d\u2019un couple dont l\u2019amour, sans emphase, deviendra force de r\u00e9sistance au quotidien. Cl\u00e9ment, pour Marie, c\u2019est \u00ab un arc-en-ciel r\u00e9v\u00e9lant des tr\u00e9sors insoup\u00e7onn\u00e9s \u00bb, un homme capable de lui apprendre \u00e0 \u00ab d\u00e9chiffrer le monde qui l\u2019entourait, \u00e0 faire du banal apparent le plus beau des enchantements \u00bb.<\/p>\n<p>Ce bonheur simple, fait de gestes et de r\u00eaves partag\u00e9s, s\u2019enracinait dans le peu : \u00ab Ils avaient conscience de n\u2019\u00eatre pas bien riches d\u2019argent, mais de choses autrement pr\u00e9cieuses. \u00bb Mais le destin les \u00e9prouve. La mort de Cl\u00e9ment, en 1947, marque la fin d\u2019un monde. \u00ab Ce qui s\u2019\u00e9tait \u00e9teint cette nuit\u2026 c\u2019\u00e9tait un feu qui ne serait jamais transmis. \u00bb Et pourtant, c\u2019est bien ce feu-l\u00e0 que Bouysse tente de ranimer.<\/p>\n<p>Le roman d\u00e9peint aussi avec justesse les traumatismes de la Grande Guerre \u00e0 travers la figure de Louis, le p\u00e8re de Marie. Revenu du front, il \u00ab\u00a0gardait les mots \u00e0 l\u2019int\u00e9rieur, par crainte qu\u2019il s\u2019en \u00e9chappe de terribles dont il voulait pr\u00e9server sa famille. La guerre \u00e9tait en lui, les sc\u00e8nes de massacres \u00e9taient en lui, n\u2019en sortiraient jamais\u00a0\u00bb. Ces hommes \u00ab\u00a0avaient certes trouv\u00e9 la sortie d\u2019un enfer, mais les d\u00e9mons avaient suivi leurs traces \u00bb.<\/p>\n<p>Le style de Bouysse se fait ici retenu, plus charnel. Sous le portrait de cette femme discr\u00e8te, c\u2019est tout un XXe si\u00e8cle rural qui se dessine : la Grande Guerre, la grippe espagnole, la modernit\u00e9 galopante. Mais loin d\u2019en faire une chronique historique, Bouysse interroge surtout ce que la transmission signifie, ce qu\u2019il reste de nous quand tout semble balay\u00e9. <\/p>\n<p>C\u2019est pourquoi le roman est travers\u00e9 de silences et de doutes. Mais ce sont ces incertitudes qui font la v\u00e9rit\u00e9 du texte. Une v\u00e9rit\u00e9 sensible, subjective, vibrante. \u00ab\u00a0Une flamme vacillante vaut mieux que pas de flamme du tout\u00a0\u00bb.<\/p>\n<p><strong>\u00ab\u00a0Entre toutes\u00a0\u00bb<\/strong>\u00a0poursuit ce travail de fouille sensible du pass\u00e9 entam\u00e9 dans ses pr\u00e9c\u00e9dents romans tels que\u00a0<a href=\"https:\/\/collectiondelivres.wordpress.com\/2019\/02\/27\/ne-daucune-femme\/\" target=\"_blank\" rel=\"noopener\">N\u00e9 d\u2019aucune femme<\/a>\u00a0(2019, Prix des Libraires), ou\u00a0<a href=\"https:\/\/collectiondelivres.wordpress.com\/2020\/09\/07\/buveurs-de-vent\/\" target=\"_blank\" rel=\"noopener\">Buveurs de vent<\/a>\u00a0(2020, Prix Jean-Giono), mais adopte une forme plus intime, presque testamentaire. Un r\u00e9cit profond\u00e9ment humain, tiss\u00e9 de m\u00e9moire, de silences et de gestes. <\/p>\n<p>C\u2019est sans doute son roman le plus personnel, le plus d\u00e9pouill\u00e9 et l\u2019un des plus touchants. Une mani\u00e8re d\u2019\u00e9crire : \u00ab Tu n\u2019es plus l\u00e0, mais je te devine dans tout ce que j\u2019ai \u00e9t\u00e9. \u00bb<\/p>\n<p><strong>Henri-Charles Dahlem<\/strong><\/p>\n<p><img loading=\"lazy\" decoding=\"async\" width=\"872\" height=\"1024\" src=\"data:image\/svg+xml,%3Csvg%20xmlns=\" http:=\"\" alt=\"Henri-Charles Dahlem\" class=\"wp-image-47007\" style=\"width:118px;height:auto\" data-lazy-src=\"https:\/\/www.europesays.com\/fr\/wp-content\/uploads\/2025\/08\/Henri-Charles-Dahlem-872x1024.jpg\"\/><\/p>\n<ul class=\"wp-block-list\">\n<li><strong>Retrouvez cet article ainsi que l\u2019ensemble des chroniques litt\u00e9raires de Henri-Charles Dahlem sur le site<\/strong>\u00a0<strong><a href=\"https:\/\/collectiondelivres.wordpress.com\/\" target=\"_blank\" rel=\"noopener\">Collection de livres<\/a><\/strong><\/li>\n<\/ul>\n<p><strong>\u00c0 propos de l\u2019auteur<\/strong><\/p>\n<p><img loading=\"lazy\" decoding=\"async\" width=\"768\" height=\"818\" src=\"data:image\/svg+xml,%3Csvg%20xmlns=\" http:=\"\" alt=\"\" class=\"wp-image-48108\" style=\"width:345px;height:auto\" data-lazy- data-lazy- data-lazy-src=\"https:\/\/www.europesays.com\/fr\/wp-content\/uploads\/2025\/08\/bouysse_franck_pascal-ito.jpeg\"\/>Franck Bouysse \u00a9 Photo Pascal Ito<\/p>\n<p><strong><a href=\"https:\/\/www.babelio.com\/liste\/11549\/FRANCK-BOUYSSE\" target=\"_blank\" rel=\"noopener\">Franck Bouysse <\/a>na\u00eet<\/strong> en 1965 \u00e0 Brive-la-Gaillarde. Il partage son enfance entre un appartement du lyc\u00e9e agricole o\u00f9 son p\u00e8re enseigne et la ferme familiale tenue par ses grands-parents. Il y passe ses soir\u00e9es et ses week-ends, se passionne pour le travail de la terre, l\u2019\u00e9levage des b\u00eates, apprend \u00e0 p\u00eacher, \u00e0 braconner\u2026<\/p>\n<p>Sa vocation pour l\u2019\u00e9criture na\u00eetra d\u2019une grippe, alors qu\u2019il n\u2019est qu\u2019adolescent. Sa m\u00e8re, institutrice, lui offre trois livres pour l\u2019occuper tandis qu\u2019il doit garder le lit\u00a0:\u00a0L\u2019Iliade et L\u2019Odyss\u00e9e,\u00a0L\u2019\u00cele au tr\u00e9sor\u00a0et\u00a0Les Enfants du capitaine Grant. Il ressort de ses lectures avec un objectif\u00a0: raconter des histoires, lui aussi. Apr\u00e8s des \u00e9tudes de biologie, il s\u2019installe \u00e0 Limoges pour enseigner. <\/p>\n<p>Pendant ses loisirs, il \u00e9crit des nouvelles, lit toujours avidement et d\u00e9couvre la litt\u00e9rature am\u00e9ricaine, avec notamment William Faulkner dont la prose alimente ses propres r\u00e9flexions sur la langue et le style. Jeune p\u00e8re, il se lance dans l\u2019\u00e9criture de ses premiers livres\u00a0: il \u00e9crit pour son fils les romans d\u2019aventures qu\u2019il voudrait lui offrir plus tard, inspir\u00e9 des auteurs qui ont marqu\u00e9 son enfance\u00a0: Stevenson, Charles Dickens, Conan Doyle, Melville\u2026 Son travail d\u2019\u00e9criture se poursuit sans ambition professionnelle. Le hasard des rencontres le conduit \u00e0 publier quelques textes dans des maisons d\u2019\u00e9dition r\u00e9gionales dont la diffusion reste confidentielle.<\/p>\n<p>En 2013, il d\u00e9niche une maison en Corr\u00e8ze, \u00e0 quelques kilom\u00e8tres des lieux de son enfance. La propri\u00e9t\u00e9 est v\u00e9tuste, mais c\u2019est le coup de c\u0153ur imm\u00e9diat. Il ach\u00e8te la maison qu\u2019il passera plus d\u2019une ann\u00e9e \u00e0 restaurer en solitaire. Alors qu\u2019il est perdu dans ce hameau d\u00e9sol\u00e9, au c\u0153ur de ce territoire encore sauvage, un projet romanesque d\u2019ampleur prend forme dans son esprit. Un livre voit le jour et, pouss\u00e9 par un ami, Franck Bouysse entreprend de trouver un \u00e9diteur.<\/p>\n<p>Grossir le ciel\u00a0para\u00eet en 2014 \u00e0 La Manufacture de livres et, port\u00e9 par les libraires, conna\u00eet un beau succ\u00e8s. La renomm\u00e9e de ce roman va grandissant\u00a0: les prix litt\u00e9raires s\u2019accumulent, la critique s\u2019int\u00e9resse \u00e0 l\u2019auteur, un projet d\u2019adaptation cin\u00e9matographique est lanc\u00e9. Ce livre est un tournant. Au total, pr\u00e8s de 100 000 exemplaires seront vendus. Suivront\u00a0Plateau,\u00a0puis\u00a0Glaise, Prix des lecteurs de la Foire du livre de Brive),\u00a0<a href=\"https:\/\/collectiondelivres.wordpress.com\/2019\/02\/27\/ne-daucune-femme\/\" target=\"_blank\" rel=\"noopener\">N\u00e9 d\u2019aucune femme<\/a>\u00a0(La Manufacture de livres, 2019 ; Prix des libraires, Prix Babelio, Grand prix des lectrices de Elle\u2026),\u00a0<a href=\"https:\/\/collectiondelivres.wordpress.com\/2020\/09\/07\/buveurs-de-vent\/\" target=\"_blank\" rel=\"noopener\">Buveurs de vent<\/a>\u00a0(Albin Michel, 2020 ; Prix Giono) et\u00a0Fen\u00eatre sur terre\u00a0(Ph\u00e9bus, 2021). En 2022, avec\u00a0\u00c9t\u00e9 br\u00fblant \u00e0 Saint-Allaire, il \u00e9crit son premier sc\u00e9nario original de bande dessin\u00e9e pour le dessinateur\u00a0Daniel Casanave. (Source :<a href=\"https:\/\/www.librairiealbinmichel.fr\/listeliv.php?form_recherche_avancee=ok&amp;editeur=La%20manufacture%20des%20livres&amp;base=ebook\" target=\"_blank\" rel=\"noopener\"> \u00c9ditions La Manufacture de livres\/ Albin Michel<\/a>)<\/p>\n","protected":false},"excerpt":{"rendered":"Le Book Club de We Culte\/\u00ab\u00a0Entre toutes\u00a0\u00bb. Dans \u00ab\u00a0Entre toutes\u00a0\u00bb, son nouveau roman, Franck Bouysse retrace, avec une&hellip;\n","protected":false},"author":2,"featured_media":342306,"comment_status":"","ping_status":"","sticky":false,"template":"","format":"standard","meta":{"footnotes":""},"categories":[1357],"tags":[47858,1379,58,59,47857,1011,27,47859,46386,1351,1380,2004,46390,46391],"class_list":{"0":"post-342305","1":"post","2":"type-post","3":"status-publish","4":"format-standard","5":"has-post-thumbnail","7":"category-livres","8":"tag-albin-michel","9":"tag-books","10":"tag-divertissement","11":"tag-entertainment","12":"tag-entre-toutes-de-franck-bouysse","13":"tag-fr","14":"tag-france","15":"tag-franck-bouysse","16":"tag-henri-charles-dahlem","17":"tag-litterature","18":"tag-livres","19":"tag-roman","20":"tag-we-culte","21":"tag-we-culte-le-mag-culture"},"share_on_mastodon":{"url":"https:\/\/pubeurope.com\/@fr\/115088252197609585","error":""},"_links":{"self":[{"href":"https:\/\/www.europesays.com\/fr\/wp-json\/wp\/v2\/posts\/342305","targetHints":{"allow":["GET"]}}],"collection":[{"href":"https:\/\/www.europesays.com\/fr\/wp-json\/wp\/v2\/posts"}],"about":[{"href":"https:\/\/www.europesays.com\/fr\/wp-json\/wp\/v2\/types\/post"}],"author":[{"embeddable":true,"href":"https:\/\/www.europesays.com\/fr\/wp-json\/wp\/v2\/users\/2"}],"replies":[{"embeddable":true,"href":"https:\/\/www.europesays.com\/fr\/wp-json\/wp\/v2\/comments?post=342305"}],"version-history":[{"count":0,"href":"https:\/\/www.europesays.com\/fr\/wp-json\/wp\/v2\/posts\/342305\/revisions"}],"wp:featuredmedia":[{"embeddable":true,"href":"https:\/\/www.europesays.com\/fr\/wp-json\/wp\/v2\/media\/342306"}],"wp:attachment":[{"href":"https:\/\/www.europesays.com\/fr\/wp-json\/wp\/v2\/media?parent=342305"}],"wp:term":[{"taxonomy":"category","embeddable":true,"href":"https:\/\/www.europesays.com\/fr\/wp-json\/wp\/v2\/categories?post=342305"},{"taxonomy":"post_tag","embeddable":true,"href":"https:\/\/www.europesays.com\/fr\/wp-json\/wp\/v2\/tags?post=342305"}],"curies":[{"name":"wp","href":"https:\/\/api.w.org\/{rel}","templated":true}]}}