{"id":342307,"date":"2025-08-25T07:35:09","date_gmt":"2025-08-25T07:35:09","guid":{"rendered":"https:\/\/www.europesays.com\/fr\/342307\/"},"modified":"2025-08-25T07:35:09","modified_gmt":"2025-08-25T07:35:09","slug":"audiences-prime-qui-a-remporte-le-duel-des-films-du-dimanche-soir-entre-spy-sur-tf1-et-le-petit-piaf-sur-france-2-capital-sur-m6-sur-la-mozzarella-est-il-passe-devant-france-3","status":"publish","type":"post","link":"https:\/\/www.europesays.com\/fr\/342307\/","title":{"rendered":"Audiences Prime: Qui a remport\u00e9 le duel des films du dimanche soir entre \u00ab\u00a0Spy\u00a0\u00bb sur TF1 et \u00ab\u00a0Le petit piaf\u00a0\u00bb sur France 2 ? \u00ab\u00a0Capital\u00a0\u00bb sur M6 sur la mozzarella est-il pass\u00e9 devant France 3 ?"},"content":{"rendered":"<p>Hier soir, et comme chaque dimanche, c&rsquo;\u00e9tait soir\u00e9e cin\u00e9 sur TF1 et France 2. Sur la Une, c&rsquo;est le film \u00ab\u00a0Spy\u00a0\u00bb qui \u00e9tait diffus\u00e9, avec au casting\u00a0Melissa McCarthy, Jason Statham et Jude Law, tandis que France 2 misait sur \u00ab\u00a0Le petit piaf\u00a0\u00bb, avec Marc Lavoine, Soan Arhimann , G\u00e9rard Jugnot et\u00a0 St\u00e9fi Celma. Quelle cha\u00eene a remport\u00e9 le match hier soir?<\/p>\n<p>France 3 pariait de son c\u00f4t\u00e9 sur le t\u00e9l\u00e9film \u00ab\u00a0La reine du crime pr\u00e9sente: Invitation \u00e0 un meurtre\u00a0\u00bb.<br \/>De son c\u00f4t\u00e9, M6 programmait un nouveau num\u00e9ro de \u00ab\u00a0Capital\u00a0\u00bb, consacr\u00e9 au th\u00e8me: \u00ab\u00a0Mozza, glaces et restos: enqu\u00eate sur les petits plaisirs de l&rsquo;\u00e9t\u00e9\u00a0\u00bb.<\/p>\n<p>        Spy<br \/>\n        17.6 % de PDA\n        <\/p>\n<p>        2 678 000<\/p>\n<p>        Le petit piaf<br \/>\n        11.5 % de PDA\n        <\/p>\n<p>        1 882 000<\/p>\n<p>        La reine du crime pr\u00e9sente : Invitation \u00e0 un meurtre<br \/>\n        10.3 % de PDA\n        <\/p>\n<p>        1 690 000<\/p>\n<p>        Capital<br \/>\n        10.5 % de PDA\n        <\/p>\n<p>        1 580 000<\/p>\n<p>        Les 100 lieux qu&rsquo;il faut voir<br \/>\n        6.8 % de PDA\n        <\/p>\n<p>        1 157 000<\/p>\n<p>        Le pacha<br \/>\n        5.5 % de PDA\n        <\/p>\n<p>        920 000<\/p>\n<p>        The Lost City of Z<br \/>\n        6 % de PDA\n        <\/p>\n<p>        891 000<\/p>\n<p>        Faites entrer l&rsquo;accus\u00e9<br \/>\n        2.8 % de PDA\n        <\/p>\n<p>        438 000<\/p>\n<p>        Tais-toi !<br \/>\n        2.2 % de PDA\n        <\/p>\n<p>        358 000<\/p>\n<p>        Les petits meurtres d&rsquo;Agatha Christie<br \/>\n        1.5 % de PDA\n        <\/p>\n<p>        242 000<\/p>\n<p>        90&prime; Enqu\u00eates<br \/>\n        1.5 % de PDA\n        <\/p>\n<p>        240 000<\/p>\n<p>        De l&rsquo;autre c\u00f4t\u00e9 du lit<br \/>\n        1.3 % de PDA\n        <\/p>\n<p>        213 000<\/p>\n<p>        Haters<br \/>\n        1.1 % de PDA\n        <\/p>\n<p>        173 000<\/p>\n<p>        Chicago Fire<br \/>\n        0.7 % de PDA\n        <\/p>\n<p>        126 000<\/p>\n<p>        Flic story<br \/>\n        0.7 % de PDA\n        <\/p>\n<p>        125 000<\/p>\n<p>        Tiny House : mini maison sur mesure<br \/>\n        0.5 % de PDA\n        <\/p>\n<p>        77 000<\/p>\n<p>  Le Top des parts de march\u00e9<\/p>\n","protected":false},"excerpt":{"rendered":"Hier soir, et comme chaque dimanche, c&rsquo;\u00e9tait soir\u00e9e cin\u00e9 sur TF1 et France 2. Sur la Une, c&rsquo;est&hellip;\n","protected":false},"author":2,"featured_media":342308,"comment_status":"","ping_status":"","sticky":false,"template":"","format":"standard","meta":{"footnotes":""},"categories":[1356],"tags":[2367,58,59,1011,27,47860,3277,252,1364],"class_list":{"0":"post-342307","1":"post","2":"type-post","3":"status-publish","4":"format-standard","5":"has-post-thumbnail","7":"category-television","8":"tag-audiences","9":"tag-divertissement","10":"tag-entertainment","11":"tag-fr","12":"tag-france","13":"tag-le-petit-piaf","14":"tag-spy","15":"tag-television","16":"tag-tv"},"share_on_mastodon":{"url":"https:\/\/pubeurope.com\/@fr\/115088256125803690","error":""},"_links":{"self":[{"href":"https:\/\/www.europesays.com\/fr\/wp-json\/wp\/v2\/posts\/342307","targetHints":{"allow":["GET"]}}],"collection":[{"href":"https:\/\/www.europesays.com\/fr\/wp-json\/wp\/v2\/posts"}],"about":[{"href":"https:\/\/www.europesays.com\/fr\/wp-json\/wp\/v2\/types\/post"}],"author":[{"embeddable":true,"href":"https:\/\/www.europesays.com\/fr\/wp-json\/wp\/v2\/users\/2"}],"replies":[{"embeddable":true,"href":"https:\/\/www.europesays.com\/fr\/wp-json\/wp\/v2\/comments?post=342307"}],"version-history":[{"count":0,"href":"https:\/\/www.europesays.com\/fr\/wp-json\/wp\/v2\/posts\/342307\/revisions"}],"wp:featuredmedia":[{"embeddable":true,"href":"https:\/\/www.europesays.com\/fr\/wp-json\/wp\/v2\/media\/342308"}],"wp:attachment":[{"href":"https:\/\/www.europesays.com\/fr\/wp-json\/wp\/v2\/media?parent=342307"}],"wp:term":[{"taxonomy":"category","embeddable":true,"href":"https:\/\/www.europesays.com\/fr\/wp-json\/wp\/v2\/categories?post=342307"},{"taxonomy":"post_tag","embeddable":true,"href":"https:\/\/www.europesays.com\/fr\/wp-json\/wp\/v2\/tags?post=342307"}],"curies":[{"name":"wp","href":"https:\/\/api.w.org\/{rel}","templated":true}]}}