{"id":342309,"date":"2025-08-25T07:36:13","date_gmt":"2025-08-25T07:36:13","guid":{"rendered":"https:\/\/www.europesays.com\/fr\/342309\/"},"modified":"2025-08-25T07:36:13","modified_gmt":"2025-08-25T07:36:13","slug":"le-difficile-combat-des-femmes-dans-le-rap-masculiniste-du-xxie-siecle","status":"publish","type":"post","link":"https:\/\/www.europesays.com\/fr\/342309\/","title":{"rendered":"Le difficile combat des femmes dans le rap masculiniste du XXIe si\u00e8cle"},"content":{"rendered":"<p><strong>ENQU\u00caTE &#8211;\u00a0<\/strong>Alors qu\u2019il domine les diff\u00e9rents classements musicaux depuis plusieurs ann\u00e9es, le rap peine toujours autant \u00e0 inclure des artistes f\u00e9minines dans ses rangs. Ces derni\u00e8res repr\u00e9sentent seulement 13\u00a0% du paysage hip-hop en 2025.<\/p>\n<p class=\"fig-paragraph\">La saison des festivals touche \u00e0 sa fin. Et comme \u00e0 l\u2019accoutum\u00e9e d\u00e9sormais, le rap a \u00e9t\u00e9 le genre le plus pl\u00e9biscit\u00e9 par le public fran\u00e7ais. \u00ab\u00a0On a pass\u00e9 un cap\u00a0\u00bb, se r\u00e9jouissait le rappeur Fav\u00e9, 20 ans et 2,5 millions d\u2019auditeurs mensuels sur Spotify,\u00a0<a href=\"http:\/\/www.lefigaro.fr\/musique\/francofolies-vieilles-charrues-eurockeennes-pourquoi-le-rap-s-est-impose-dans-tous-les-festivals-20250629\" data-fig-type=\"Article\" data-gtm-custom-categorie=\"navigation\" data-gtm-custom-action=\"crossclick\" data-gtm-custom-label=\"Contextuel\" data-gtm-event=\"customEventSPE\" data-fig-domain=\"LEFIGARO\" target=\"_blank\" rel=\"noopener\">lorsque Le Figaro l\u2019interrogeait sur ce sujet<\/a>\u00a0en juin dernier. Mais de quel cap parlait-il\u00a0?\u00a0En zoomant sur les diff\u00e9rents \u00e9v\u00e9nements de l\u2019\u00e9t\u00e9, le constat est regrettable pour ce milieu artistique qui se voulait populaire et inclusif dans les ann\u00e9es 1990, \u00e0 l\u2019\u00e9poque o\u00f9 l\u2019on parlait encore de \u00ab\u00a0hip-hop\u00a0\u00bb. Deux, c\u2019est le nombre de rappeuses pr\u00e9sentes sur les sc\u00e8nes des\u00a0<a href=\"http:\/\/www.lefigaro.fr\/musique\/phoenix-jarre-et-sagazan-bouquet-final-aux-francofolies-de-la-rochelle-20240715\" data-fig-type=\"NewsFlash\" data-gtm-custom-categorie=\"navigation\" data-gtm-custom-action=\"crossclick\" data-gtm-custom-label=\"Contextuel\" data-gtm-event=\"customEventSPE\" data-fig-domain=\"LEFIGARO\" target=\"_blank\" rel=\"noopener\">Francofolies de la Rochelle<\/a>, des\u00a0<a href=\"http:\/\/www.lefigaro.fr\/flash-actu\/le-festival-parisien-solidays-a-battu-de-peu-son-record-de-frequentation-avec-260-467-festivaliers-20240630\" data-fig-type=\"NewsFlash\" data-gtm-custom-categorie=\"navigation\" data-gtm-custom-action=\"crossclick\" data-gtm-custom-label=\"Contextuel\" data-gtm-event=\"customEventSPE\" data-fig-domain=\"LEFIGARO\" target=\"_blank\" rel=\"noopener\">Solidays<\/a>, de\u00a0<a href=\"http:\/\/www.lefigaro.fr\/musique\/alex-warren-benson-boone-olivia-rodrigo-les-nouvelles-stars-de-la-pop-americaine-enchantent-le-festival-lollapalooza-20250720\" data-fig-type=\"NewsFlash\" data-gtm-custom-categorie=\"navigation\" data-gtm-custom-action=\"crossclick\" data-gtm-custom-label=\"Contextuel\" data-gtm-event=\"customEventSPE\" data-fig-domain=\"LEFIGARO\" target=\"_blank\" rel=\"noopener\">Lollapalooza<\/a>, ou encore de<a href=\"http:\/\/www.lefigaro.fr\/musique\/kavinsky-air-yseult-we-love-green-2025-ressemble-beaucoup-a-la-ceremonie-de-cloture-des-jo-20241118\" data-fig-type=\"Article\" data-gtm-custom-categorie=\"navigation\" data-gtm-custom-action=\"crossclick\" data-gtm-custom-label=\"Contextuel\" data-gtm-event=\"customEventSPE\" data-fig-domain=\"LEFIGARO\" target=\"_blank\" rel=\"noopener\">\u00a0We Love Green,<\/a>\u00a0quatre des plus gros festivals de l\u2019Hexagone.<\/p>\n<p class=\"fig-paragraph\">M\u00eame le\u00a0<a href=\"http:\/\/www.lefigaro.fr\/musique\/ninho-niska-gazo-werenoi-le-festival-golden-coast-devoile-la-programmation-de-sa-seconde-edition-20241225\" data-fig-type=\"NewsFlash\" data-gtm-custom-categorie=\"navigation\" data-gtm-custom-action=\"crossclick\" data-gtm-custom-label=\"Contextuel\" data-gtm-event=\"customEventSPE\" data-fig-domain=\"LEFIGARO\" target=\"_blank\" rel=\"noopener\">Golden Coast Festival<\/a>, \u00e9v\u00e9nement lanc\u00e9 en 2024 et d\u00e9di\u00e9 \u00e0 la culture hip-hop, peine \u00e0 accueillir des artistes f\u00e9minines. Cette ann\u00e9e, seules Le Juiice, Asinine, Khtek et Juste Shani fouleront la sc\u00e8ne dijonnaise du 5 au 7\u2026<\/p>\n<p class=\"fig-premium-paywall__infos\">\n        Cet article est r\u00e9serv\u00e9 aux abonn\u00e9s.        Il vous reste 95% \u00e0 d\u00e9couvrir.\n    <\/p>\n<p>                <img  data- alt=\"Le Figaro\" class=\"fig-img--complete fig-img\"\/><\/p>\n<p class=\"fig-premium-paywall__title\">Vente Flash<\/p>\n<p class=\"fig-premium-paywall__subtitle\">4,99\u20ac par mois pendant 12 mois. Sans engagement<\/p>\n<p class=\"fig-premium-paywall__connect\">\n                D\u00e9j\u00e0 abonn\u00e9\u00a0?                <a class=\"fig-premium-paywall__connect-link\" href=\"https:\/\/connect.lefigaro.fr\/login?client=horizon_web&amp;type=main&amp;redirect_uri=https%3A%2F%2Fwww.lefigaro.fr%2Fmusique%2Fle-difficile-combat-des-femmes-dans-le-rap-masculiniste-du-xxie-siecle-20250825\" data-js-gtm=\"{&quot;customCategorie&quot;: &quot;conversion&quot;, &quot;customAction&quot;: &quot;before_Landing_Connexion_paywall_auto&quot;, &quot;customLabel&quot;: &quot;bGVmaWdhcm8uZnJfXzFmMDcxM2IzLWYyM2MtNjNmNC1iYTZjLWQ3ZmE2ZWExOTI2MV9fTmV3c0ZsYXNo_Le difficile combat des femmes dans le rap masculiniste du XXI&lt;sup&gt;e&lt;\/sup&gt; si\u00e8cle_229&quot;, &quot;customIDSPE&quot;: &quot;bGVmaWdhcm8uZnJfXzFmMDcxM2IzLWYyM2MtNjNmNC1iYTZjLWQ3ZmE2ZWExOTI2MV9fTmV3c0ZsYXNo&quot;, &quot;event&quot;: &quot;customEventSPE&quot;}\" target=\"_blank\" rel=\"noopener\"><br \/>\n                    Connectez-vous<br \/>\n                <\/a>\n            <\/p>\n","protected":false},"excerpt":{"rendered":"ENQU\u00caTE &#8211;\u00a0Alors qu\u2019il domine les diff\u00e9rents classements musicaux depuis plusieurs ann\u00e9es, le rap peine toujours autant \u00e0 inclure&hellip;\n","protected":false},"author":2,"featured_media":342310,"comment_status":"","ping_status":"","sticky":false,"template":"","format":"standard","meta":{"footnotes":""},"categories":[1355],"tags":[58,59,6757,1011,27,1361,873,3616],"class_list":{"0":"post-342309","1":"post","2":"type-post","3":"status-publish","4":"format-standard","5":"has-post-thumbnail","7":"category-musique","8":"tag-divertissement","9":"tag-entertainment","10":"tag-feminisme","11":"tag-fr","12":"tag-france","13":"tag-music","14":"tag-musique","15":"tag-rap"},"share_on_mastodon":{"url":"https:\/\/pubeurope.com\/@fr\/115088260049423262","error":""},"_links":{"self":[{"href":"https:\/\/www.europesays.com\/fr\/wp-json\/wp\/v2\/posts\/342309","targetHints":{"allow":["GET"]}}],"collection":[{"href":"https:\/\/www.europesays.com\/fr\/wp-json\/wp\/v2\/posts"}],"about":[{"href":"https:\/\/www.europesays.com\/fr\/wp-json\/wp\/v2\/types\/post"}],"author":[{"embeddable":true,"href":"https:\/\/www.europesays.com\/fr\/wp-json\/wp\/v2\/users\/2"}],"replies":[{"embeddable":true,"href":"https:\/\/www.europesays.com\/fr\/wp-json\/wp\/v2\/comments?post=342309"}],"version-history":[{"count":0,"href":"https:\/\/www.europesays.com\/fr\/wp-json\/wp\/v2\/posts\/342309\/revisions"}],"wp:featuredmedia":[{"embeddable":true,"href":"https:\/\/www.europesays.com\/fr\/wp-json\/wp\/v2\/media\/342310"}],"wp:attachment":[{"href":"https:\/\/www.europesays.com\/fr\/wp-json\/wp\/v2\/media?parent=342309"}],"wp:term":[{"taxonomy":"category","embeddable":true,"href":"https:\/\/www.europesays.com\/fr\/wp-json\/wp\/v2\/categories?post=342309"},{"taxonomy":"post_tag","embeddable":true,"href":"https:\/\/www.europesays.com\/fr\/wp-json\/wp\/v2\/tags?post=342309"}],"curies":[{"name":"wp","href":"https:\/\/api.w.org\/{rel}","templated":true}]}}