{"id":342311,"date":"2025-08-25T07:37:55","date_gmt":"2025-08-25T07:37:55","guid":{"rendered":"https:\/\/www.europesays.com\/fr\/342311\/"},"modified":"2025-08-25T07:37:55","modified_gmt":"2025-08-25T07:37:55","slug":"chronique-des-annees-de-braise-de-mohamed-lakhdar-hamina-cinemas-les-400-coups","status":"publish","type":"post","link":"https:\/\/www.europesays.com\/fr\/342311\/","title":{"rendered":"CHRONIQUE DES ANN\u00c9ES DE BRAISE de Mohamed Lakhdar Hamina &#8211; Cin\u00e9mas Les 400 coups"},"content":{"rendered":"<p class=\"fs16\">Chronique \u00e9v\u00e9nementielle de l&rsquo;histoire de l&rsquo;Alg\u00e9rie de 1939 a 1954, date du d\u00e9clenchement de la lutte arm\u00e9e. Le film s&rsquo;articule autour de deux axes fondamentaux : l&rsquo;expropriation des terres et la d\u00e9culturation. Il montre en quoi le 1er novembre 1954 est l&rsquo;aboutissement de la lutte multiforme du peuple alg\u00e9rien pour r\u00e9sister \u00e0 la colonisation, depuis ses d\u00e9buts. <\/p>\n<p class=\"fs15 fw600\"><strong>Filmographie : \u00ab\u00a0La Derniere Image\u00a0\u00bb, \u00ab\u00a0Vent de sable\u00a0\u00bb, \u00ab\u00a0Hassan Terro\u00a0\u00bb&#8230;<\/strong><\/p>\n","protected":false},"excerpt":{"rendered":"Chronique \u00e9v\u00e9nementielle de l&rsquo;histoire de l&rsquo;Alg\u00e9rie de 1939 a 1954, date du d\u00e9clenchement de la lutte arm\u00e9e. Le&hellip;\n","protected":false},"author":2,"featured_media":342312,"comment_status":"","ping_status":"","sticky":false,"template":"","format":"standard","meta":{"footnotes":""},"categories":[1354],"tags":[58,59,1346,1011,27,1360],"class_list":{"0":"post-342311","1":"post","2":"type-post","3":"status-publish","4":"format-standard","5":"has-post-thumbnail","7":"category-films","8":"tag-divertissement","9":"tag-entertainment","10":"tag-films","11":"tag-fr","12":"tag-france","13":"tag-movies"},"share_on_mastodon":{"url":"https:\/\/pubeurope.com\/@fr\/115088267922723536","error":""},"_links":{"self":[{"href":"https:\/\/www.europesays.com\/fr\/wp-json\/wp\/v2\/posts\/342311","targetHints":{"allow":["GET"]}}],"collection":[{"href":"https:\/\/www.europesays.com\/fr\/wp-json\/wp\/v2\/posts"}],"about":[{"href":"https:\/\/www.europesays.com\/fr\/wp-json\/wp\/v2\/types\/post"}],"author":[{"embeddable":true,"href":"https:\/\/www.europesays.com\/fr\/wp-json\/wp\/v2\/users\/2"}],"replies":[{"embeddable":true,"href":"https:\/\/www.europesays.com\/fr\/wp-json\/wp\/v2\/comments?post=342311"}],"version-history":[{"count":0,"href":"https:\/\/www.europesays.com\/fr\/wp-json\/wp\/v2\/posts\/342311\/revisions"}],"wp:featuredmedia":[{"embeddable":true,"href":"https:\/\/www.europesays.com\/fr\/wp-json\/wp\/v2\/media\/342312"}],"wp:attachment":[{"href":"https:\/\/www.europesays.com\/fr\/wp-json\/wp\/v2\/media?parent=342311"}],"wp:term":[{"taxonomy":"category","embeddable":true,"href":"https:\/\/www.europesays.com\/fr\/wp-json\/wp\/v2\/categories?post=342311"},{"taxonomy":"post_tag","embeddable":true,"href":"https:\/\/www.europesays.com\/fr\/wp-json\/wp\/v2\/tags?post=342311"}],"curies":[{"name":"wp","href":"https:\/\/api.w.org\/{rel}","templated":true}]}}