{"id":342315,"date":"2025-08-25T07:39:10","date_gmt":"2025-08-25T07:39:10","guid":{"rendered":"https:\/\/www.europesays.com\/fr\/342315\/"},"modified":"2025-08-25T07:39:10","modified_gmt":"2025-08-25T07:39:10","slug":"ligue-1-controle-dos-au-but-enchainement-et-frappe-imparable-en-video-le-sublime-but-de-giroud-avec-lille-le-figaro","status":"publish","type":"post","link":"https:\/\/www.europesays.com\/fr\/342315\/","title":{"rendered":"Ligue 1 : contr\u00f4le dos au but, encha\u00eenement et frappe imparable, en vid\u00e9o, le sublime but de Giroud avec Lille &#8211; Le Figaro"},"content":{"rendered":"<ol>\n<li><a href=\"https:\/\/news.google.com\/rss\/articles\/CBMi9AFBVV95cUxOSWZOdkJQMjc4SExDOEtlSldKaVBQYm1iRllGR2dDdFFrd0VrUHgybHVaMnpUSXgzY0FNWHhWc3M1Y0Y2OGgxZjZocVdfNmtSTU9lOG1QRGR6WkF0djhrNE9YellIVVpWZGp4TGEzU1NZQjR4QkF3bi1WZ2pTa0xIVXV3cFVUTEo5UXRaSmxlQ2FSUUtsVEZXekhmRDJOSGhIWThsamlhUkJVV25nbkNOelRwaUljdG1sWF85SldlcS1YR1ZHNDE0SDMwcUVnU2V6cUdGYTVsSUJMbGhTQlBrYjlqd2l4Qm1Kb21KWUdzT0s4V2do?oc=5\" target=\"_blank\" rel=\"noopener\">Ligue 1 : contr\u00f4le dos au but, encha\u00eenement et frappe imparable, en vid\u00e9o, le sublime but de Giroud avec Lille<\/a>&nbsp;&nbsp;Le Figaro<\/li>\n<li><a href=\"https:\/\/news.google.com\/rss\/articles\/CBMiiAJBVV95cUxON3BmQ2VDa0RHUV9feWNTNmVSVnZVNUFlbnduRHZhV21tNGx0dnFGZU1HWVFBUE5iYzZQMUg3RXhxT2wzMVQ0TnFiVGZCXzZVbTVPR2U5WnlLVy1hVk1OeHdaTW5fbXl6eTVIRnRpVG5qWG5Oa1pFdlVSTW5HMkFBTklyYkJEbk9PZTZldWt1MS11UExzTVdES0d6M2VpNjdzTnlISWJZVTBxdmx5Z3BTaXJ4c3lmMnNPWnRkUGZTT1RUSVA5STNNbDdaU2d6MEFNLS03LTZXUUkwQk9tSHJ3amJBY0ctWmt0bGxSVFZzOVZyaDA0aGROdXV1Ri1XX25za2RTVmRiMmY?oc=5\" target=\"_blank\" rel=\"noopener\">\u00ab\u00a0C&rsquo;est un exemple\u00a0\u00bb : Giroud, le sauveur \u00e9ternel<\/a>&nbsp;&nbsp;Eurosport<\/li>\n<li><a href=\"https:\/\/news.google.com\/rss\/articles\/CBMivwFBVV95cUxNOTNhM2N6bmwzV2ZnOHZ3ZVJRQ1liZnpiSXpIQ0N3Yi1hMm5yOXEwUHZvQzYwaGpaUGI0ZkNDbEdNV1pFQWxCQmcyYnZIT3pMMGJEdUJDamhkaERjaTlrN2c2aHdndElhc2UxSW1TYzF5bDdkRFV3aUdSWF9iZHE3S3ZoYTU0UzE2dXJ3ajJ5WGJRc1FUN2NDbTQ5Z1pSaFpwaUFWLXplZmJpTDEwX0NkdUpvWmYteVBjVFBLb1RyOA?oc=5\" target=\"_blank\" rel=\"noopener\">Comment l&rsquo;hyper concentr\u00e9 Olivier Giroud a permis \u00e0 Lille de battre Monaco<\/a>&nbsp;&nbsp;L&rsquo;\u00c9quipe<\/li>\n<li><a href=\"https:\/\/news.google.com\/rss\/articles\/CBMixgFBVV95cUxQUVF3dGMzdi10MEw2MkxZNjI2ZDlMVDhSZUlwRVo1SzJIeUJsVF92Q3ZVMkhNcktYM0duSnpfOEMwRWNBU195RFNSX1dPcHdRNXVoU1MwUFNBb3gzbTNTQmdUTUcyY1ZGSUpQdGl1WTVSRXExdHlycVRwSUNfcTJfQXBjNHV2NUcycGxlRThjbl91MmJkbjltSTZYTjNhcmJZT0xzc1BTNzZIRTg2Y2JkQmp6NG9UZEl6VDk1VTRNWkRzSW5scGfSAcQBQVVfeXFMUHlQdFZRLXp0bTZkNnE3b3dGVjVxaXptMXFrTmt5c3hrZ0ZXNzBnc2JLT3RKeS12SjdMRWkwTFNIN1RWNWhnMEJYdy1ZN2VmRGpNOUt0RGVBMUpKR0tVV2VlRkE0cXZzbl9ySEtWa3lVTXhSR2taQ3d4RjBUNF9vUDVxa0JrOG5seTlTYnN0RUhHZVNyZC1CeTVjb1g3bXd4U0NxSE45a3E2NUNwQU5OMnNKNm4wTG8yWWFkYlFlYjJoR21tdw?oc=5\" target=\"_blank\" rel=\"noopener\">Bleus : Giroud ferme toujours la porte<\/a>&nbsp;&nbsp;Orange Actualit\u00e9s | Sports<\/li>\n<li><a href=\"https:\/\/news.google.com\/rss\/articles\/CBMi5gFBVV95cUxOMGc0WHJrUXhvdS1fNUFJMWZRR2tFeFJWN1E0RVZfdTJGaFhOc1oxRVIySDBjOXJOZHFENWNiSEpnUzlvYVJuQVc1S19oSXUxd2w4dGVWREhnWXM1aXRiSHhPdERvMF9oT05QcEJOb1RnLWdrbkhaMnZyXzhXeURfSGN2dGsteWFYRzlkVVpiNm40aWFwMWZSNy1GUzAxRW1IdUNfS3J2QnpmV1Y4dlVOWUdwcnV4NlBLSkJ3a2ZOWVRQY1JvbkY0M3o5WGt6WjR0MXpjUHVCaElmR2luMnRGdmhNOGpFZw?oc=5\" target=\"_blank\" rel=\"noopener\">Lille 1-0 Monaco : \u00ab\u00a0Les Bleus ? Ne jamais dire jamais mais pour moi c&rsquo;est fini !\u00a0\u00bb tranche Giroud<\/a>&nbsp;&nbsp;RMC Sport<\/li>\n<\/ol>\n","protected":false},"excerpt":{"rendered":"Ligue 1 : contr\u00f4le dos au but, encha\u00eenement et frappe imparable, en vid\u00e9o, le sublime but de Giroud&hellip;\n","protected":false},"author":2,"featured_media":342316,"comment_status":"","ping_status":"","sticky":false,"template":"","format":"standard","meta":{"footnotes":""},"categories":[9],"tags":[525,1981,814,2257,63,1011,27,3309,66,1307,955,1176,978,93,1980,60],"class_list":{"0":"post-342315","1":"post","2":"type-post","3":"status-publish","4":"format-standard","5":"has-post-thumbnail","7":"category-sports","8":"tag-calendrier","9":"tag-classement","10":"tag-direct","11":"tag-foot","12":"tag-football","13":"tag-fr","14":"tag-france","15":"tag-l1","16":"tag-ligue-1","17":"tag-lille","18":"tag-match","19":"tag-olympique-de-marseille","20":"tag-olympique-lyonnais","21":"tag-psg","22":"tag-resultats","23":"tag-sports"},"share_on_mastodon":{"url":"https:\/\/pubeurope.com\/@fr\/115088271942262019","error":""},"_links":{"self":[{"href":"https:\/\/www.europesays.com\/fr\/wp-json\/wp\/v2\/posts\/342315","targetHints":{"allow":["GET"]}}],"collection":[{"href":"https:\/\/www.europesays.com\/fr\/wp-json\/wp\/v2\/posts"}],"about":[{"href":"https:\/\/www.europesays.com\/fr\/wp-json\/wp\/v2\/types\/post"}],"author":[{"embeddable":true,"href":"https:\/\/www.europesays.com\/fr\/wp-json\/wp\/v2\/users\/2"}],"replies":[{"embeddable":true,"href":"https:\/\/www.europesays.com\/fr\/wp-json\/wp\/v2\/comments?post=342315"}],"version-history":[{"count":0,"href":"https:\/\/www.europesays.com\/fr\/wp-json\/wp\/v2\/posts\/342315\/revisions"}],"wp:featuredmedia":[{"embeddable":true,"href":"https:\/\/www.europesays.com\/fr\/wp-json\/wp\/v2\/media\/342316"}],"wp:attachment":[{"href":"https:\/\/www.europesays.com\/fr\/wp-json\/wp\/v2\/media?parent=342315"}],"wp:term":[{"taxonomy":"category","embeddable":true,"href":"https:\/\/www.europesays.com\/fr\/wp-json\/wp\/v2\/categories?post=342315"},{"taxonomy":"post_tag","embeddable":true,"href":"https:\/\/www.europesays.com\/fr\/wp-json\/wp\/v2\/tags?post=342315"}],"curies":[{"name":"wp","href":"https:\/\/api.w.org\/{rel}","templated":true}]}}