{"id":342319,"date":"2025-08-25T07:41:10","date_gmt":"2025-08-25T07:41:10","guid":{"rendered":"https:\/\/www.europesays.com\/fr\/342319\/"},"modified":"2025-08-25T07:41:10","modified_gmt":"2025-08-25T07:41:10","slug":"ils-envahissent-notre-ciel-lavion-spatial-secret-chinois-survole-leurope-un-autrichien-capture-lengin-mysterieux","status":"publish","type":"post","link":"https:\/\/www.europesays.com\/fr\/342319\/","title":{"rendered":"\u00ab Ils envahissent notre ciel ! \u00bb : l\u2019avion spatial secret chinois survole l\u2019Europe, un Autrichien capture l\u2019engin myst\u00e9rieux"},"content":{"rendered":"<tr>\n<td><strong>EN BREF<\/strong><\/td>\n<\/tr>\n<tr>\n<td>\n<ul>\n<li>\ud83d\udcf7 Un astronome amateur capture l\u2019image de l\u2019avion spatial <strong>Shenlong<\/strong> survolant l\u2019Europe.<\/li>\n<li>\ud83d\udd0d Les images r\u00e9v\u00e8lent des structures inconnues, sugg\u00e9rant des capacit\u00e9s <strong>autonomes<\/strong> avanc\u00e9es.<\/li>\n<li>\ud83c\udf0c Shenlong est un symbole de l\u2019ambition de la Chine dans la <strong>conqu\u00eate spatiale<\/strong>.<\/li>\n<li>Les implications g\u00e9opolitiques soul\u00e8vent des questions sur une possible nouvelle <strong>course aux armements<\/strong> spatiaux.<\/li>\n<\/ul>\n<\/td>\n<\/tr>\n<p>Depuis plusieurs ann\u00e9es, l\u2019avion spatial chinois Shenlong reste entour\u00e9 de myst\u00e8res, suscitant la curiosit\u00e9 et l\u2019inqui\u00e9tude des observateurs internationaux. R\u00e9cemment, un astronome amateur a r\u00e9ussi \u00e0 capturer des images de cet engin alors qu\u2019il survolait l\u2019Europe, r\u00e9v\u00e9lant des d\u00e9tails jusque-l\u00e0 inconnus. Cette d\u00e9couverte alimente les sp\u00e9culations sur les capacit\u00e9s technologiques de la Chine en mati\u00e8re de missions spatiales secr\u00e8tes. Tandis que les analystes cherchent \u00e0 comprendre les v\u00e9ritables objectifs de Shenlong, ses implications g\u00e9opolitiques et militaires soul\u00e8vent de nombreuses questions.<\/p>\n<p>La d\u00e9couverte inattendue de Felix Sch\u00f6fb\u00e4nker<\/p>\n<p>Felix Sch\u00f6fb\u00e4nker, astronome amateur autrichien, a r\u00e9cemment r\u00e9alis\u00e9 une prouesse en photographiant l\u2019avion spatial chinois Shenlong. Ce dernier survolait l\u2019Europe \u00e0 ce moment-l\u00e0. Gr\u00e2ce \u00e0 un t\u00e9lescope modifi\u00e9, il a pu capturer des images d\u00e9taill\u00e9es de cet engin myst\u00e9rieux. Ces images r\u00e9v\u00e8lent des structures \u00e0 l\u2019arri\u00e8re du Shenlong, inconnues jusqu\u2019\u00e0 pr\u00e9sent. Ces structures pourraient \u00eatre des panneaux solaires ou bien des antennes. Cela sugg\u00e8re que l\u2019appareil dispose de capacit\u00e9s autonomes avanc\u00e9es.<\/p>\n<p>La d\u00e9couverte de Sch\u00f6fb\u00e4nker est cruciale pour mieux comprendre la technologie utilis\u00e9e par la Chine pour ses missions spatiales secr\u00e8tes. Elle attire l\u2019attention des analystes occidentaux. Ces derniers tentent de percer les secrets de cet avion spatial. L\u2019observation de l\u2019astronome amateur n\u2019est pas pass\u00e9e inaper\u00e7ue. Elle pourrait bien fournir des indices pr\u00e9cieux sur les objectifs r\u00e9els de Shenlong.<\/p>\n<blockquote class=\"wp-embedded-content\" data-secret=\"dZuEo3sdxr\">\n<p><a href=\"https:\/\/www.innovant.fr\/2025\/08\/03\/un-conducteur-sanctionne-de-380-euros-par-une-ia-se-gratter-la-tete-au-volant-devient-un-crime-sindignent-les-automobilistes\/\" rel=\"nofollow noopener\" target=\"_blank\">Un conducteur sanctionn\u00e9 de 380 euros par une IA : \u00ab\u00a0Se gratter la t\u00eate au volant devient un crime\u00a0\u00bb s\u2019indignent les automobilistes<\/a><\/p>\n<\/blockquote>\n<p>Caract\u00e9ristiques et missions de Shenlong<\/p>\n<p>Le Shenlong, signifiant \u00ab Dragon divin \u00bb en chinois, est un avion spatial non habit\u00e9 mesurant environ 10 m\u00e8tres de long. Il est l\u00e9g\u00e8rement plus grand que son homologue am\u00e9ricain, le X-37B. Con\u00e7u pour des missions de longue dur\u00e9e en orbite, ses capacit\u00e9s pr\u00e9cises restent confidentielles. Les missions de Shenlong sont entour\u00e9es de myst\u00e8re, alimentant les th\u00e9ories sur ses v\u00e9ritables objectifs.<\/p>\n<p>Lors d\u2019une r\u00e9cente mission, le Shenlong a d\u00e9ploy\u00e9 un objet en orbite puis effectu\u00e9 des man\u0153uvres complexes pour s\u2019en approcher \u00e0 nouveau. Cela laisse penser que la Chine pourrait tester des technologies d\u2019inspection ou de capture de satellites. Ces op\u00e9rations intriguent les observateurs et soul\u00e8vent des questions sur les intentions de la Chine dans l\u2019espace. Le tableau ci-dessous r\u00e9sume certaines caract\u00e9ristiques importantes de Shenlong :<\/p>\n<blockquote class=\"wp-embedded-content\" data-secret=\"uGroNLCm9Q\">\n<p><a href=\"https:\/\/www.innovant.fr\/2025\/08\/06\/a-20-000-km-h-la-chine-defie-loccident-avec-ce-moteur-revolutionnaire-selon-les-specialistes-inquiets-des-enjeux-militaires-et-ecologiques\/\" rel=\"nofollow noopener\" target=\"_blank\">\u00c0 20 000 km\/h, \u00ab la Chine d\u00e9fie l\u2019Occident avec ce moteur r\u00e9volutionnaire \u00bb selon les sp\u00e9cialistes, inquiets des enjeux militaires et \u00e9cologiques<\/a><\/p>\n<\/blockquote>\n<tr>\n\ud83d\ude80 D\u00e9couverte<br \/>\nPhotographie de Shenlong en Europe par Felix Sch\u00f6fb\u00e4nker<br \/>\n<\/tr>\n<tr>\n<td>\ud83d\udccf Taille<\/td>\n<td>Environ 10 m\u00e8tres de long<\/td>\n<\/tr>\n<tr>\n<td>\ud83d\udd75\ufe0f Missions<\/td>\n<td>Longue dur\u00e9e en orbite, objectifs secrets<\/td>\n<\/tr>\n<tr>\n<td>\ud83d\udd0d Structures<\/td>\n<td>Panneaux solaires ou antennes \u00e0 l\u2019arri\u00e8re<\/td>\n<\/tr>\n<p>Implications g\u00e9opolitiques et militaires<\/p>\n<p>Les activit\u00e9s de Shenlong sont suivies de pr\u00e8s par les analystes occidentaux. Ils suspectent que cet avion spatial puisse \u00eatre utilis\u00e9 pour des missions d\u2019espionnage ou de neutralisation de satellites ennemis. Les man\u0153uvres complexes observ\u00e9es lors de ses derni\u00e8res missions renforcent cette hypoth\u00e8se. La Chine pourrait ainsi tester des technologies d\u2019inspection ou de capture de satellites. Cela alimente les craintes d\u2019une nouvelle guerre froide technologique entre les grandes puissances.<\/p>\n<p>Comme dans les ann\u00e9es 1960, l\u2019espace est redevenu un champ de bataille strat\u00e9gique crucial pour la d\u00e9fense et la s\u00e9curit\u00e9 nationale. L\u2019observation de Felix Sch\u00f6fb\u00e4nker n\u2019est pas pass\u00e9e inaper\u00e7ue dans les milieux du renseignement. Elle est per\u00e7ue comme un nouvel indice de la rivalit\u00e9 croissante entre la Chine et les \u00c9tats-Unis. Le Shenlong pourrait bien \u00eatre un \u00e9l\u00e9ment cl\u00e9 de cette nouvelle course aux armements spatiaux. Cette perspective soul\u00e8ve des questions importantes : jusqu\u2019o\u00f9 iront ces deux puissances pour assurer leur supr\u00e9matie dans l\u2019espace ?<\/p>\n<blockquote class=\"wp-embedded-content\" data-secret=\"F2ItdCum7q\">\n<p><a href=\"https:\/\/www.innovant.fr\/2025\/04\/10\/oui-jai-achete-50-avis-google-et-mon-chiffre-daffaires-a-double-la-methode-hallucinante-dacheter-des-fans-com-pour-la-reputation-en-ligne-sur-google\/\" rel=\"nofollow noopener\" target=\"_blank\">\u00ab Oui, j\u2019ai achet\u00e9 50 avis Google et mon chiffre d\u2019affaires a doubl\u00e9 \u00bb : la m\u00e9thode hallucinante d\u2019Acheter-des-Fans.com pour la r\u00e9putation en ligne sur Google<\/a><\/p>\n<\/blockquote>\n<p>Les d\u00e9fis technologiques de la conqu\u00eate spatiale<\/p>\n<p>La conqu\u00eate spatiale, longtemps domin\u00e9e par les \u00c9tats-Unis et la Russie, conna\u00eet une nouvelle dynamique avec l\u2019entr\u00e9e de la Chine sur la sc\u00e8ne internationale. Shenlong incarne cette ambition chinoise de se positionner comme un acteur majeur dans le domaine spatial. Les d\u00e9fis technologiques sont nombreux. La mise au point de syst\u00e8mes autonomes et de technologies de pointe est essentielle pour assurer le succ\u00e8s de ces missions.<\/p>\n<p>La Chine investit massivement dans la recherche et le d\u00e9veloppement pour repousser les limites de l\u2019exploration spatiale. Cette volont\u00e9 de se d\u00e9marquer des autres puissances est manifeste. Cependant, le secret entourant les missions de Shenlong soul\u00e8ve des questions sur les v\u00e9ritables intentions de la Chine. Ces avanc\u00e9es technologiques pourraient-elles \u00eatre utilis\u00e9es \u00e0 des fins militaires ? Les autres nations doivent-elles s\u2019inqui\u00e9ter de ces progr\u00e8s rapides ?<\/p>\n<p>Alors que les ambitions spatiales de la Chine continuent de cro\u00eetre, les implications de ses avanc\u00e9es technologiques restent incertaines. Le Shenlong, en tant que symbole de cette nouvelle \u00e8re spatiale, pose des questions cruciales sur l\u2019avenir de la coop\u00e9ration internationale dans l\u2019espace. Les tensions g\u00e9opolitiques pourraient-elles entraver les efforts de collaboration ? Comment les autres grandes puissances r\u00e9agiront-elles face \u00e0 ces d\u00e9veloppements ?<\/p>\n<p>Cet article s\u2019appuie sur des sources v\u00e9rifi\u00e9es et l\u2019assistance de technologies \u00e9ditoriales.<\/p>\n<p id=\"rating\">\u00c7a vous a plu ?\u00a04.5\/5 (24)<\/p>\n","protected":false},"excerpt":{"rendered":"EN BREF \ud83d\udcf7 Un astronome amateur capture l\u2019image de l\u2019avion spatial Shenlong survolant l\u2019Europe. \ud83d\udd0d Les images r\u00e9v\u00e8lent&hellip;\n","protected":false},"author":2,"featured_media":342320,"comment_status":"","ping_status":"","sticky":false,"template":"","format":"standard","meta":{"footnotes":""},"categories":[7],"tags":[1011,27,43,40,41,39,42,44],"class_list":{"0":"post-342319","1":"post","2":"type-post","3":"status-publish","4":"format-standard","5":"has-post-thumbnail","7":"category-sciences-et-technologies","8":"tag-fr","9":"tag-france","10":"tag-science","11":"tag-science-and-technology","12":"tag-sciences","13":"tag-sciences-et-technologies","14":"tag-technologies","15":"tag-technology"},"share_on_mastodon":{"url":"https:\/\/pubeurope.com\/@fr\/115088279711754354","error":""},"_links":{"self":[{"href":"https:\/\/www.europesays.com\/fr\/wp-json\/wp\/v2\/posts\/342319","targetHints":{"allow":["GET"]}}],"collection":[{"href":"https:\/\/www.europesays.com\/fr\/wp-json\/wp\/v2\/posts"}],"about":[{"href":"https:\/\/www.europesays.com\/fr\/wp-json\/wp\/v2\/types\/post"}],"author":[{"embeddable":true,"href":"https:\/\/www.europesays.com\/fr\/wp-json\/wp\/v2\/users\/2"}],"replies":[{"embeddable":true,"href":"https:\/\/www.europesays.com\/fr\/wp-json\/wp\/v2\/comments?post=342319"}],"version-history":[{"count":0,"href":"https:\/\/www.europesays.com\/fr\/wp-json\/wp\/v2\/posts\/342319\/revisions"}],"wp:featuredmedia":[{"embeddable":true,"href":"https:\/\/www.europesays.com\/fr\/wp-json\/wp\/v2\/media\/342320"}],"wp:attachment":[{"href":"https:\/\/www.europesays.com\/fr\/wp-json\/wp\/v2\/media?parent=342319"}],"wp:term":[{"taxonomy":"category","embeddable":true,"href":"https:\/\/www.europesays.com\/fr\/wp-json\/wp\/v2\/categories?post=342319"},{"taxonomy":"post_tag","embeddable":true,"href":"https:\/\/www.europesays.com\/fr\/wp-json\/wp\/v2\/tags?post=342319"}],"curies":[{"name":"wp","href":"https:\/\/api.w.org\/{rel}","templated":true}]}}