{"id":342325,"date":"2025-08-25T07:44:10","date_gmt":"2025-08-25T07:44:10","guid":{"rendered":"https:\/\/www.europesays.com\/fr\/342325\/"},"modified":"2025-08-25T07:44:10","modified_gmt":"2025-08-25T07:44:10","slug":"comment-pourrait-se-derouler-le-10-septembre-apres-lappel-a-la-greve-partout-en-france","status":"publish","type":"post","link":"https:\/\/www.europesays.com\/fr\/342325\/","title":{"rendered":"Comment pourrait se d\u00e9rouler le 10\u00a0septembre apr\u00e8s l\u2019appel \u00e0 la gr\u00e8ve\u00a0partout en France\u00a0?"},"content":{"rendered":"<p>Depuis juillet\u00a02025, un appel \u00e0 <a href=\"https:\/\/www.20minutes.fr\/societe\/greve\/4168008-20250814-actions-greve-syndicats-appel-tout-bloquer-10-septembre-prend-ampleur-reseaux\" target=\"_blank\" class=\"c-link c-link--is-underlined\" rel=\"noopener\">\u00ab\u00a0tout bloquer\u00a0\u00bb<\/a> le 10\u00a0septembre circule sur les r\u00e9seaux sociaux, port\u00e9 par des collectifs anonymes et amplifi\u00e9 par des syndicats et des <a href=\"https:\/\/www.20minutes.fr\/politique\/4168337-20250819-bloquons-tout-pourquoi-insoumis-appellent-rejoindre-mouvement-10-septembre\" target=\"_blank\" class=\"c-link c-link--is-underlined\" rel=\"noopener\">partis politiques<\/a>. Cette mobilisation, n\u00e9e en r\u00e9action aux annonces d\u2019aust\u00e9rit\u00e9 de <a href=\"https:\/\/www.20minutes.fr\/politique\/4168075-20250814-budget-2026-bayrou-appelle-francais-envoyer-questions-suggestions\" target=\"_blank\" class=\"c-link c-link--is-underlined\" rel=\"noopener\">Fran\u00e7ois Bayrou<\/a> \u2013 suppression de deux jours f\u00e9ri\u00e9s, coupes de 44\u00a0milliards d\u2019euros dans le budget 2026 \u2013 \u00e9voque les pr\u00e9mices des <a href=\"https:\/\/www.20minutes.fr\/societe\/gilets-jaunes\/\" class=\"c-link c-link--is-underlined\" target=\"_blank\" rel=\"noopener\">Gilets jaunes<\/a> en\u00a02018. Mais \u00e0 quoi ressemblera cette journ\u00e9e\u00a0?<\/p>\n<p>L\u2019appel au \u00ab\u00a0grand blocage\u00a0\u00bb a d\u2019abord \u00e9merg\u00e9 sur Telegram, TikTok et X. Depuis le mouvement s\u2019est amplifi\u00e9. Les revendications, bien que diffuses, incluent le r\u00e9f\u00e9rendum d\u2019initiative citoyenne (RIC), la revalorisation des salaires et la d\u00e9fense des services publics. Les actions envisag\u00e9es sont vari\u00e9es\u00a0: gr\u00e8ve g\u00e9n\u00e9rale, blocages de routes, boycotts des grandes surfaces, retraits massifs d\u2019argent des banques, voire un \u00ab\u00a0confinement volontaire\u00a0\u00bb. Cette diversit\u00e9 rappelle l\u2019\u00e9lan des Gilets jaunes, mais l\u2019absence de leaders identifiables et le choix d\u2019un mercredi, jour ouvrable, pourraient freiner la mobilisation.<\/p>\n<\/p>\n<p>Quelle position des politiques et syndicats\u00a0?<\/p>\n<p>La France insoumise (LFI) a tout de m\u00eame pris position. \u00ab\u00a0Nous soutenons le mouvement. On sera parmi les manifestations pour \u00e9couter les revendications\u00a0\u00bb, d\u00e9clare le d\u00e9put\u00e9 LFI Hadrien Clouet. <a href=\"https:\/\/www.20minutes.fr\/politique\/jean-luc-melenchon\/\" class=\"c-link c-link--is-underlined\" target=\"_blank\" rel=\"noopener\">Jean-Luc M\u00e9lenchon<\/a> appelle \u00e0 une \u00ab\u00a0offensive d\u00e9termin\u00e9e\u00a0\u00bb contre le gouvernement Bayrou, tout en insistant sur l\u2019ind\u00e9pendance du mouvement. Les \u00e9cologistes, comme Cl\u00e9mentine Autain, soutiennent \u00e9galement l\u2019initiative, voyant dans le 10\u00a0septembre \u00ab\u00a0le d\u00e9but d\u2019une lutte pour une vie digne\u00a0\u00bb. Le soutien de LFI suscite des d\u00e9bats. Certains, comme@CerveauxNon sur X, craignent que l\u2019implication des partis divise un mouvement initialement apolitique.<\/p>\n<p>\u00ab\u00a0On n\u2019appelle pas \u00e0 prendre le contr\u00f4le du mouvement, \u00e0 en avoir la direction ou je ne sais quoi, mais \u00e0 ce que nos militants s\u2019investissent dans cette mobilisation, \u00e0 donner le coup de main car on a l\u2019habitude de ce type de manifestation, notre exp\u00e9rience peut \u00eatre utile\u00a0\u00bb, assure Antoine L\u00e9aument, d\u00e9put\u00e9 LFI de l\u2019Essonne \u00e0 20 Minutes.<\/p>\n<p>\u00c0 l\u2019extr\u00eame droite, le Rassemblement national reste en retrait, Edwige Diaz, d\u00e9put\u00e9e RN de la Gironde, d\u00e9clarant \u00ab\u00a0comprendre la d\u00e9tresse\u00a0\u00bb sans s\u2019impliquer. Des comptes d\u2019extr\u00eame droite tentent n\u00e9anmoins de r\u00e9cup\u00e9rer l\u2019appel en y greffant des revendications anti-immigration.<\/p>\n<p>Les syndicats, eux, adoptent une posture prudente mais engag\u00e9e. Christophe Delecourt, secr\u00e9taire g\u00e9n\u00e9ral de l\u2019UFSE-CGT, explique\u00a0: \u00ab\u00a0Suite aux annonces de Fran\u00e7ois Bayrou, l\u2019urgence est \u00e0 la construction d\u2019une mobilisation inscrite dans la dur\u00e9e.\u00a0\u00bb Il ajoute\u00a0: \u00ab\u00a0Pour l\u2019instant, le mouvement du 10\u00a0septembre est assez n\u00e9buleux. On ne sait pas vraiment qui en est \u00e0 l\u2019initiative. Qui appelle\u00a0? Sur quelle base\u00a0? Il n\u2019y a pas de rejet de principe, mais nous devons nous organiser.\u00a0\u00bb<\/p>\n<p>De son c\u00f4t\u00e9 la CGT Mines-\u00c9nergies appelle \u00e0 la gr\u00e8ve d\u00e8s le 2\u00a0septembre, et Sud-Rail mobilisera \u00e0 la SNCF le 10. Des pr\u00e9avis sont \u00e9galement d\u00e9pos\u00e9s dans les h\u00f4pitaux parisiens. Delecourt insiste\u00a0: \u00ab\u00a0Il faudra envisager des aspects de reconduction du mouvement au vu de l\u2019attaque sur le monde du travail.\u00a0\u00bb<\/p>\n<p>Quels sc\u00e9narios pour le Jour-J\u00a0?<\/p>\n<p>Plusieurs sc\u00e9narios se dessinent pour ce fameux mercredi. D\u2019abord, des blocages cibl\u00e9s sont probables. \u00ab\u00a0Bloquons tout, \u00e7a veut dire des manifestations, des blocages de supermarch\u00e9s ou de stations-service\u00a0\u00bb, expliquent plusieurs internautes sur X. Des actions symboliques, comme le boycott des paiements par carte ou le refus de consommer, sont aussi \u00e9voqu\u00e9es, mais leur impact reste incertain. Certains parlent m\u00eame \u00ab\u00a0d\u2019un confinement volontaire\u00a0\u00bb. Une carte des rassemblements circule \u00e9galement, avec des manifestations pr\u00e9vues \u00e0 Paris, Brest ou Strasbourg.<\/p>\n<blockquote class=\"twitter-tweet\">\n<p lang=\"fr\" dir=\"ltr\">\ud83d\udccd D\u00e9j\u00e0 plus de 50 000 vues sur la carte des rassemblements et blocages !<\/p>\n<p>La mobilisation prend forme sur tout le territoire. <\/p>\n<p>D&rsquo;autres points s&rsquo;ajoutent.<\/p>\n<p>\ud83d\udd17 Consultez et partagez la carte :<br \/><a href=\"https:\/\/t.co\/v1qMwtILl8\">https:\/\/t.co\/v1qMwtILl8<\/a><\/p>\n<p>\ud83d\udc4a On continue de relayer.<\/p>\n<p>Le 10 septembre, on arr\u00eate tout.<\/p>\n<p>\u2014 Bloquons Tout ! &#8211; 10 Septembre 2025 (@bloquonstout) <a href=\"https:\/\/twitter.com\/bloquonstout\/status\/1948464407807492312?ref_src=twsrc%5Etfw\" target=\"_blank\" rel=\"noopener\">July 24, 2025<\/a><\/p><\/blockquote>\n<p>Ensuite, des gr\u00e8ves sectorielles pourraient perturber les transports et les services publics. Sud-Rail pr\u00e9voit une mobilisation \u00e0 la SNCF, et la CGT appelle \u00e0 des actions dans l\u2019\u00e9nergie et la fonction publique. Cependant, les services de renseignement, cit\u00e9s par <a href=\"https:\/\/www.franceinfo.fr\/societe\/on-est-tres-prudents-l-appel-a-la-mobilisation-le-10-septembre-intrigue-les-services-de-renseignement-sans-encore-inquieter_7406146.html\" rel=\"nofollow noopener\" target=\"_blank\" class=\"c-link c-link--is-underlined\">France Info<\/a>, relativisent\u00a0: \u00ab\u00a0L\u2019\u00e9t\u00e9 n\u2019est pas propice \u00e0 la mobilisation, et l\u2019organisation reste floue.\u00a0\u00bb Le gouvernement, selon une source de l\u2019AFP, se veut rassurant\u00a0: \u00ab\u00a0Je n\u2019ai pas l\u2019impression que \u00e7a marche tr\u00e8s fort\u00a0\u00bb, tout en ajoutant\u00a0: \u00ab\u00a0On peut se tromper, comme avec les Gilets jaunes.\u00a0\u00bb Enfin, la question de la reconduction est cruciale. Christophe Delecourt l\u2019affirme\u00a0: \u00ab\u00a0Le 10 ne sera qu\u2019un point d\u2019\u00e9tape.\u00a0\u00bb<\/p>\n<p>\u00ab\u00a0Il faut arr\u00eater la Macronie\u00a0\u00bb<\/p>\n<p>Un pr\u00e9lude \u00e0 une rentr\u00e9e sociale agit\u00e9e\u00a0? \u00ab\u00a0Il faut arr\u00eater la Macronie\u00a0\u00bb, mart\u00e8le Christophe Delecourt, refl\u00e9tant une col\u00e8re partag\u00e9e. Avec des milliers de tweets quotidiens selon <a href=\"https:\/\/x.com\/visibrainFR\/status\/1948296275327082560\" rel=\"nofollow\" target=\"_blank\" class=\"c-link c-link--is-underlined\">Visibrain<\/a>, le mouvement gagne en visibilit\u00e9. Mais le mouvement reste disparate autant dans les modalit\u00e9s que dans les id\u00e9es. La r\u00e9ussite d\u00e9pendra de la convergence entre citoyens, syndicats et partis, et de la capacit\u00e9 \u00e0 mobiliser dans la rue.<\/p>\n<p>Le 10 septembre pourrait ainsi marquer le d\u00e9but d\u2019une contestation plus large, avec des perturbations dans les transports, des manifestations et des blocages localis\u00e9s. La col\u00e8re face aux politiques d\u2019aust\u00e9rit\u00e9 est palpable, et ce mercredi pourrait \u00eatre le point de d\u00e9part d\u2019une mobilisation durable.<\/p>\n<p><script async src=\"https:\/\/platform.twitter.com\/widgets.js\" charset=\"utf-8\"><\/script><\/p>\n","protected":false},"excerpt":{"rendered":"Depuis juillet\u00a02025, un appel \u00e0 \u00ab\u00a0tout bloquer\u00a0\u00bb le 10\u00a0septembre circule sur les r\u00e9seaux sociaux, port\u00e9 par des collectifs&hellip;\n","protected":false},"author":2,"featured_media":342326,"comment_status":"","ping_status":"","sticky":false,"template":"","format":"standard","meta":{"footnotes":""},"categories":[4],"tags":[47,11,1073,1011,27,431,23169,6151,1272,12,316,25,801,104],"class_list":{"0":"post-342325","1":"post","2":"type-post","3":"status-publish","4":"format-standard","5":"has-post-thumbnail","7":"category-france","8":"tag-actualite","9":"tag-actualites","10":"tag-emmanuel-macron","11":"tag-fr","12":"tag-france","13":"tag-francois-bayrou","14":"tag-gilets-jaunes","15":"tag-greve","16":"tag-manifestations","17":"tag-news","18":"tag-politique","19":"tag-republique-francaise","20":"tag-social","21":"tag-societe"},"share_on_mastodon":{"url":"https:\/\/pubeurope.com\/@fr\/115088291684100080","error":""},"_links":{"self":[{"href":"https:\/\/www.europesays.com\/fr\/wp-json\/wp\/v2\/posts\/342325","targetHints":{"allow":["GET"]}}],"collection":[{"href":"https:\/\/www.europesays.com\/fr\/wp-json\/wp\/v2\/posts"}],"about":[{"href":"https:\/\/www.europesays.com\/fr\/wp-json\/wp\/v2\/types\/post"}],"author":[{"embeddable":true,"href":"https:\/\/www.europesays.com\/fr\/wp-json\/wp\/v2\/users\/2"}],"replies":[{"embeddable":true,"href":"https:\/\/www.europesays.com\/fr\/wp-json\/wp\/v2\/comments?post=342325"}],"version-history":[{"count":0,"href":"https:\/\/www.europesays.com\/fr\/wp-json\/wp\/v2\/posts\/342325\/revisions"}],"wp:featuredmedia":[{"embeddable":true,"href":"https:\/\/www.europesays.com\/fr\/wp-json\/wp\/v2\/media\/342326"}],"wp:attachment":[{"href":"https:\/\/www.europesays.com\/fr\/wp-json\/wp\/v2\/media?parent=342325"}],"wp:term":[{"taxonomy":"category","embeddable":true,"href":"https:\/\/www.europesays.com\/fr\/wp-json\/wp\/v2\/categories?post=342325"},{"taxonomy":"post_tag","embeddable":true,"href":"https:\/\/www.europesays.com\/fr\/wp-json\/wp\/v2\/tags?post=342325"}],"curies":[{"name":"wp","href":"https:\/\/api.w.org\/{rel}","templated":true}]}}