{"id":342327,"date":"2025-08-25T07:45:15","date_gmt":"2025-08-25T07:45:15","guid":{"rendered":"https:\/\/www.europesays.com\/fr\/342327\/"},"modified":"2025-08-25T07:45:15","modified_gmt":"2025-08-25T07:45:15","slug":"la-rentree-de-la-nouvelle-matinale-de-nicolas-demorand-ne-sest-pas-passee-pas-comme-prevu","status":"publish","type":"post","link":"https:\/\/www.europesays.com\/fr\/342327\/","title":{"rendered":"la rentr\u00e9e de la nouvelle matinale de Nicolas Demorand ne s\u2019est pas pass\u00e9e pas comme pr\u00e9vu"},"content":{"rendered":"<p>        <img decoding=\"async\" loading=\"lazy\" src=\"https:\/\/www.europesays.com\/fr\/wp-content\/uploads\/2025\/08\/37e9373_sirius-fs-upload-1-l0dxf9wmakjp-1742979345788-screenshot-2025-03-26-09-54-44.png\"  width=\"728\" height=\"409\" alt=\"Le pr\u00e9sentateur de la matinale de France Inter, Nicolas Demorand, a \u00e9t\u00e9 contraint d\u2019expliquer aux auditeurs qu\u2019une gr\u00e8ve emp\u00eachait la station d\u2019effectuer sa rentr\u00e9e m\u00e9diatique normalement.\"\/>  <\/p>\n<p>Capture d\u2019\u00e9cran France Inter<\/p>\n<p>Le pr\u00e9sentateur de la matinale de France Inter, Nicolas Demorand, a \u00e9t\u00e9 contraint d\u2019expliquer aux auditeurs qu\u2019une gr\u00e8ve emp\u00eachait la station d\u2019effectuer sa rentr\u00e9e m\u00e9diatique normalement.<\/p>\n<p class=\"asset asset-text\">M\u00c9DIAS &#8211; \u00ab\u00a0Vous \u00e9coutez France Inter, il est 7\u00a0heures\u00a0\u00bb. \u00c0 quelques jours de la rentr\u00e9e scolaire de septembre, l\u2019heure est d\u00e9j\u00e0 \u00e0 la reprise sur les antennes de France Inter, ce lundi 25\u00a0ao\u00fbt. Probl\u00e8me, <a href=\"https:\/\/www.huffingtonpost.fr\/medias\/article\/une-greve-illimitee-a-la-rentree-chez-radio-france-les-syndicats-menacent_253900.html\" target=\"_blank\" rel=\"noopener\">un mouvement de gr\u00e8ve perturbe d\u00e9j\u00e0 la radio du service public<\/a> et la matinale la plus \u00e9cout\u00e9e de France.<\/p>\n<p class=\"asset asset-text\">\u00ab\u00a0Bonjour et bienvenue dans ce qui devait \u00eatre notre matinale de rentr\u00e9e\u00a0\u00bb, pouvait-on entendre ce lundi matin \u00e0 7\u00a0heures, heure \u00e0 laquelle d\u00e9bute normalement <a href=\"https:\/\/www.huffingtonpost.fr\/culture\/article\/je-t-aime-lea-salame-fait-ses-adieux-a-nicolas-demorand-et-a-france-inter-dans-une-sequence-pleine-d-emotions_252155.html\" target=\"_blank\" rel=\"noopener\" title=\"Nouvelle fen\u00eatre\">la matinale de Nicolas Demorand<\/a>. Ce dernier a d\u2019ailleurs \u00e9t\u00e9 contraint de pr\u00e9senter ses excuses aux auditeurs de France Inter. \u00ab\u00a0L\u2019\u00e9mission n\u2019a pas sa forme habituelle\u00a0\u00bb, a \u00e9galement reconnu le pr\u00e9sentateur. Et comme le pr\u00e9cise <a href=\"https:\/\/x.com\/bendarag\/status\/1959848022449291405\" target=\"_blank\" rel=\"noopener\" title=\"Nouvelle fen\u00eatre\">un journaliste du Parisien<\/a>, aucun direct n\u2019\u00e9tait \u00ab\u00a0possible avant 7h42\u00a0\u00bb.<\/p>\n<p class=\"asset asset-text\">\u00c0 partir de cette heure, Nicolas Demorand a pu introduire la chronique de Mathilde Serrell, \u00ab\u00a0Un monde nouveau\u00a0\u00bb, qui change d\u2019horaire cette saison. Avant le retour de l\u2019\u00e9dito politique de <a href=\"https:\/\/www.huffingtonpost.fr\/culture\/article\/dans-son-clash-avec-patrick-cohen-rachida-dati-a-oublie-ces-enquetes-de-mediapart-sur-elle-pas-eux_251548.html\" target=\"_blank\" rel=\"noopener\">Patrick Cohen<\/a>. Dans ces conditions particuli\u00e8res, plusieurs nouveaux visages de la station ont quand m\u00eame pu r\u00e9aliser leur premier passage \u00e0 l\u2019antenne. \u00c0 l\u2019instar de \u00ab\u00a0Benjamin Duhamel et Bertrand Chameroy\u00a0\u00bb.<\/p>\n<p> La lecture de ce contenu est susceptible d\u2019entra\u00eener un d\u00e9p\u00f4t de cookies de la part de l\u2019op\u00e9rateur tiers qui l\u2019h\u00e9berge. Compte-tenu des choix que vous avez exprim\u00e9s en mati\u00e8re de d\u00e9p\u00f4t de cookies, nous avons bloqu\u00e9 l\u2019affichage de ce contenu. Si vous souhaitez y acc\u00e9der, vous devez accepter la cat\u00e9gorie de cookies \u201cContenus tiers\u201d en cliquant sur le bouton ci-dessous. <\/p>\n<p> Lire la Vid\u00e9o        <\/p>\n<p class=\"asset asset-text\">Le premier a fait ses premiers pas en recevant l\u2019autrice Am\u00e9lie Nothomb pour un entretien, suivi du second pour sa premi\u00e8re chronique humoristique avant 8\u00a0heures. O\u00f9 il n\u2019a d\u2019ailleurs pas manqu\u00e9 de se moquer de cette situation particuli\u00e8re, rebaptisant au passage la \u00ab\u00a0Grande matinale\u00a0\u00bb d\u2019Inter en \u00ab\u00a0minitinale\u00a0\u00bb.<\/p>\n<p class=\"asset asset-text\">En revanche, ce mouvement de gr\u00e8ve port\u00e9 par les organisations syndicales des radios publiques a contraint France Inter \u00e0 se passer de journal de 8\u00a0heures. La reprise du direct n\u2019a ensuite pu reprendre qu\u2019aux alentours de 8h17. Il faut dire que la menace d\u2019une gr\u00e8ve lors de la semaine de rentr\u00e9e sur Radio France pesait depuis plusieurs jours d\u00e9j\u00e0. En cause\u00a0? L\u2019opposition des syndicats aux r\u00e9formes souhait\u00e9es par la <a href=\"https:\/\/www.huffingtonpost.fr\/medias\/article\/sibyle-veil-la-presidente-de-radio-france-soutient-adele-van-reeth-visee-par-une-motion-de-defiance_236837.html\" target=\"_blank\" rel=\"noopener\">directrice g\u00e9n\u00e9rale de Radio France, Sibyle Veil<\/a>.<\/p>\n<p>    Bras de fer en coulisses    <\/p>\n<p class=\"asset asset-text\">Vent debout contre les projets de r\u00e9organisation, les syndicats appelaient \u00e0 une gr\u00e8ve illimit\u00e9e \u00e0 partir de ce lundi. Un sacr\u00e9 contretemps pour France Inter, dont la matinale devait accueillir sa recrue vedette, <a href=\"https:\/\/www.huffingtonpost.fr\/medias\/article\/benjamin-duhamel-justifie-son-choix-de-quitter-bfmtv-pour-france-inter-je-ne-pouvais-pas-dire-non_251952.html\" target=\"_blank\" rel=\"noopener\">Benjamin Duhamel<\/a>. Le transfuge de BFMTV ayant rejoint la voix principale de la matinale, Nicolas Demorand, apr\u00e8s le <a href=\"https:\/\/www.huffingtonpost.fr\/medias\/article\/la-promesse-de-lea-salame-pour-le-jt-de-20h-si-raphael-glucksmann-est-candidat-a-la-presidentielle-de-2027_251647.html\" target=\"_blank\" rel=\"noopener\">d\u00e9part de L\u00e9a Salam\u00e9 pour le 20\u00a0heures de France 2<\/a>.<\/p>\n<p class=\"asset asset-text\">Le pr\u00e9avis de gr\u00e8ve illimit\u00e9e avait \u00e9t\u00e9 d\u00e9pos\u00e9 le 11\u00a0juillet par les syndicats CFDT, CGT, FO, SNJ, SUD et UNSA. Ils rejettent plusieurs r\u00e9formes. Parmi elles, l\u2019arr\u00eat de la radio Mouv\u2019 sur la FM, des changements \u00e9ditoriaux au sein d\u2019Ici (ex-France Bleu, le r\u00e9seau des radios locales publiques) et l\u2019arr\u00eat d\u2019\u00e9missions d\u2019investigation et de reportage.<\/p>\n<p> La lecture de ce contenu est susceptible d\u2019entra\u00eener un d\u00e9p\u00f4t de cookies de la part de l\u2019op\u00e9rateur tiers qui l\u2019h\u00e9berge. Compte-tenu des choix que vous avez exprim\u00e9s en mati\u00e8re de d\u00e9p\u00f4t de cookies, nous avons bloqu\u00e9 l\u2019affichage de ce contenu. Si vous souhaitez y acc\u00e9der, vous devez accepter la cat\u00e9gorie de cookies \u201cContenus tiers\u201d en cliquant sur le bouton ci-dessous. <\/p>\n<p> Lire la Vid\u00e9o        <\/p>\n<p class=\"asset asset-text\">\u00ab\u00a0Madame la pr\u00e9sidente (&#8230;), pour la premi\u00e8re fois de notre histoire r\u00e9cente, la rentr\u00e9e radiophonique pourrait ne pas avoir lieu\u00a0\u00bb, ont menac\u00e9 les syndicats dans un communiqu\u00e9 commun publi\u00e9 jeudi dernier. Et les discussions men\u00e9es vendredi avec la direction n\u2019ont pas abouti \u00e0 la lev\u00e9e du pr\u00e9avis.<\/p>\n<p class=\"asset asset-text\">\u00ab\u00a0Pour l\u2019heure, la direction refuse la moindre concession ou de revenir sur les projets les plus n\u00e9fastes pour les \u00e9quipes et les antennes\u00a0\u00bb, avaient ainsi d\u00e9plor\u00e9 les syndicats dans un communiqu\u00e9 partag\u00e9 vendredi soir. La direction du groupe a de son c\u00f4t\u00e9 assur\u00e9 samedi avoir \u00ab\u00a0fait des propositions sur les diff\u00e9rents sujets en cours de discussion, dans l\u2019objectif d\u2019une lev\u00e9e du pr\u00e9avis\u00a0\u00bb.<\/p>\n","protected":false},"excerpt":{"rendered":"Capture d\u2019\u00e9cran France Inter Le pr\u00e9sentateur de la matinale de France Inter, Nicolas Demorand, a \u00e9t\u00e9 contraint d\u2019expliquer&hellip;\n","protected":false},"author":2,"featured_media":342328,"comment_status":"","ping_status":"","sticky":false,"template":"","format":"standard","meta":{"footnotes":""},"categories":[2],"tags":[11,251,1011,27,9102,34518,500,12,3776,1825],"class_list":{"0":"post-342327","1":"post","2":"type-post","3":"status-publish","4":"format-standard","5":"has-post-thumbnail","7":"category-actualites","8":"tag-actualites","9":"tag-culture","10":"tag-fr","11":"tag-france","12":"tag-france-inter","13":"tag-matinale","14":"tag-medias","15":"tag-news","16":"tag-nicolas-demorand","17":"tag-radio"},"share_on_mastodon":{"url":"https:\/\/pubeurope.com\/@fr\/115088295452078606","error":""},"_links":{"self":[{"href":"https:\/\/www.europesays.com\/fr\/wp-json\/wp\/v2\/posts\/342327","targetHints":{"allow":["GET"]}}],"collection":[{"href":"https:\/\/www.europesays.com\/fr\/wp-json\/wp\/v2\/posts"}],"about":[{"href":"https:\/\/www.europesays.com\/fr\/wp-json\/wp\/v2\/types\/post"}],"author":[{"embeddable":true,"href":"https:\/\/www.europesays.com\/fr\/wp-json\/wp\/v2\/users\/2"}],"replies":[{"embeddable":true,"href":"https:\/\/www.europesays.com\/fr\/wp-json\/wp\/v2\/comments?post=342327"}],"version-history":[{"count":0,"href":"https:\/\/www.europesays.com\/fr\/wp-json\/wp\/v2\/posts\/342327\/revisions"}],"wp:featuredmedia":[{"embeddable":true,"href":"https:\/\/www.europesays.com\/fr\/wp-json\/wp\/v2\/media\/342328"}],"wp:attachment":[{"href":"https:\/\/www.europesays.com\/fr\/wp-json\/wp\/v2\/media?parent=342327"}],"wp:term":[{"taxonomy":"category","embeddable":true,"href":"https:\/\/www.europesays.com\/fr\/wp-json\/wp\/v2\/categories?post=342327"},{"taxonomy":"post_tag","embeddable":true,"href":"https:\/\/www.europesays.com\/fr\/wp-json\/wp\/v2\/tags?post=342327"}],"curies":[{"name":"wp","href":"https:\/\/api.w.org\/{rel}","templated":true}]}}