{"id":342335,"date":"2025-08-25T07:54:10","date_gmt":"2025-08-25T07:54:10","guid":{"rendered":"https:\/\/www.europesays.com\/fr\/342335\/"},"modified":"2025-08-25T07:54:10","modified_gmt":"2025-08-25T07:54:10","slug":"des-lyceens-montpellierains-a-la-conquete-de-la-piste-dasphalte-du-bol-dor","status":"publish","type":"post","link":"https:\/\/www.europesays.com\/fr\/342335\/","title":{"rendered":"des lyc\u00e9ens montpelli\u00e9rains \u00e0 la conqu\u00eate de la piste d\u2019asphalte du Bol d&rsquo;Or"},"content":{"rendered":"<p>            Par<br \/>\n        <strong><br \/>\n            <a href=\"https:\/\/actu.fr\/auteur\/r-coudert\" title=\"Consulter tous les articles de Rachel Coudert\" target=\"_blank\" rel=\"noopener\">Rachel Coudert<\/a><br \/>\n        <\/strong><\/p>\n<p>        Publi\u00e9 le<\/p>\n<p>            25 ao\u00fbt 2025 \u00e0 9h12        <\/p>\n<p>Pr\u00eat, feu\u2026 partez ! C\u2019est sur la ligne de d\u00e9part du <strong>Bol d\u2019Or 2025<\/strong> que certains <strong>\u00e9l\u00e8ves<\/strong> du <strong>lyc\u00e9e montpelli\u00e9rain<\/strong> <strong>Pierre Mend\u00e8s-France<\/strong> s\u2019appr\u00eatent \u00e0 relever un d\u00e9fi de taille. Port\u00e9e par leurs professeurs, une promotion de <strong>Montpellier<\/strong> se pr\u00e9pare \u00e0 marquer les esprits lors de cette <strong>comp\u00e9tition<\/strong> mythique, attendue du <strong>18 au 21 septembre 2025<\/strong> sur le <strong>Circuit Paul-Ricard<\/strong>.<\/p>\n<p class=\" wall-content\">Pour l\u2019occasion, ces jeunes passionn\u00e9s ont pr\u00e9par\u00e9 une <strong>moto unique en son genre<\/strong>, pens\u00e9e et am\u00e9lior\u00e9e par les \u00e9l\u00e8ves et les partenaires de la <strong>team FMR34<\/strong>. L\u2019objectif ? Rentrer dans l\u2019histoire en s\u2019illustrant lors de l\u2019embl\u00e9matique course de 24 heures moto et construire une moto conforme aux r\u00e8gles et respectueuse de l\u2019environnement. L\u2019\u00e9quipe FMR34 sera ainsi pr\u00e9sente dans la <strong>cat\u00e9gorie exp\u00e9rimentale<\/strong> de la course du Bol d\u2019Or o\u00f9 elle esp\u00e8re briller pour, peut-\u00eatre, monter sur la plus haute marche du podium.<\/p>\n<p>Qu\u2019est ce que le Bol d\u2019Or ?<\/p>\n<p>Cr\u00e9\u00e9e en 1922 par Eug\u00e8ne Mauve au titre de l\u2019Association des anciens motocyclistes militaires (AAMM), cette comp\u00e9tition motocycliste d\u2019endurance est r\u00e9put\u00e9e pour avoir \u00e9t\u00e9 la premi\u00e8re course de 24 heures au monde. Devenu un rendez-vous annuel incontournable en France pour tous les passionn\u00e9s, le concours a vu s\u2019affronter les plus grands noms du milieu, comme Patrick Pons, Michel Rougerie, Christian Sarron\u2026 et tant d\u2019autres.<\/p>\n<p>Un projet \u00e9cologique<\/p>\n<p class=\" wall-content\">Projet de fin d\u2019\u00e9tude ambitieux, les \u00e9l\u00e8ves ont ainsi l\u2019opportunit\u00e9 de mettre en pratique les comp\u00e9tences accumul\u00e9es au fil des mois de formation au b\u00e9n\u00e9fice de ce projet concret. Premier challenge : transformer la <strong>Yamaha R1<\/strong>, la moto de \u00ab monsieur tout le monde \u00bb, pour la rendre <strong>conforme<\/strong> au r\u00e8glement strict du Championnat du Monde d\u2019Endurance EWC.<\/p>\n<p class=\" wall-content\">Mais le plus grand d\u00e9fi pour ces 15 jeunes \u00e2g\u00e9s de 16 \u00e0 21 ans reste de <strong>r\u00e9duire l\u2019impact sur l\u2019environnement<\/strong> de la pratique motocycliste en adaptant cette moto sans compromettre les performances du v\u00e9hicule. La solution ? D\u00e9velopper leur propre <strong>biocarburant<\/strong>. Contenant ni p\u00e9trole ni \u00e9thanol, les \u00e9l\u00e8ves ont \u00e9labor\u00e9 un carburant \u00e0 base de mo\u00fbt et de lie de vin, r\u00e9duisant de 65% les \u00e9missions de CO\u2082 par rapport aux autres carburants traditionnels. Un bel exemple o\u00f9 passion pour la m\u00e9canique rime avec enjeux environnementaux.<\/p>\n<p>Vid\u00e9os : en ce moment sur Actu<br \/>\n    <img   decoding=\"async\" loading=\"lazy\" src=\"https:\/\/www.europesays.com\/fr\/wp-content\/uploads\/2025\/08\/6k7bfn-q-960x640.jpeg\" alt=\"La moto con\u00e7ue par les \u00e9l\u00e8ves durant le Bol d'Or 2024.\" width=\"960\" height=\"640\"\/><br \/>\n    La moto con\u00e7ue par les \u00e9l\u00e8ves durant le Bol d\u2019Or 2024. (\u00a9FMR34\/Lyc\u00e9e Pierre Mendes France)<\/p>\n<p class=\" wall-content\">Cette ann\u00e9e, les \u00e9l\u00e8ves devraient \u00e9galement tester un nouveau syst\u00e8me pour optimiser la combustion et de ce fait, r\u00e9duire la consommation de la moto. D\u00e9velopp\u00e9 conjointement par les \u00e9l\u00e8ves de la formation post-bac \u00ab\u00a0M\u00e9canicien moto sp\u00e9cialis\u00e9 en Conseil et montage de moto et d\u2019accessoires course \u00bb et les BTS Moto, l\u2019objectif est de permettre de faire d\u2019aussi bonne performance, mais en utilisant moins d\u2019essence. Un dispositif innovant qui a fait ses preuves lors du Bol d\u2019Or 2024 \u2013 o\u00f9 l\u2019\u00e9quipe a pu gravir les marches du podium de la course exp\u00e9rimentale de 2024, se pla\u00e7ant ainsi en premi\u00e8re position.<\/p>\n<p>Votre r\u00e9gion, votre actu !<\/p>\n<p>Recevez chaque jour les infos qui comptent pour vous.<\/p>\n<p>\t<a href=\"https:\/\/actu.fr\/newsletter\" class=\"ac-btn ac-btn--corner ac-btn--medium ac-btn--blue800\" target=\"_blank\" rel=\"noopener\">S&rsquo;incrire<\/a><\/p>\n<p class=\" wall-content\">D\u00e9sormais, rendez-vous en septembre pour voir si cette moto \u00e9co-responsable des Montpelli\u00e9rains continuera de tenir la distance face aux plus grands.<\/p>\n<p class=\" wall-content\">Personnalisez votre actualit\u00e9 en ajoutant vos villes et m\u00e9dias en favori avec <a href=\"https:\/\/moncompte.actu.fr\" title=\"D\u00e9couvez Mon Actu\" rel=\"nofollow noopener\" data-trk=\"{&quot;cta&quot;:{&quot;action&quot;:&quot;https:\\\/\\\/moncompte.actu.fr&quot;,&quot;category&quot;:&quot;mon compte&quot;,&quot;from&quot;:&quot;article footer&quot;,&quot;name&quot;:&quot;Mon actu&quot;,&quot;type&quot;:&quot;cta&quot;}}\" target=\"_blank\">Mon Actu<\/a>.<\/p>\n","protected":false},"excerpt":{"rendered":"Par Rachel Coudert Publi\u00e9 le 25 ao\u00fbt 2025 \u00e0 9h12 Pr\u00eat, feu\u2026 partez ! C\u2019est sur la ligne&hellip;\n","protected":false},"author":2,"featured_media":342336,"comment_status":"","ping_status":"","sticky":false,"template":"","format":"standard","meta":{"footnotes":""},"categories":[9599],"tags":[1111,11,646,1777,674,1011,27,2208,1457,12,2680,25,60,10200],"class_list":{"0":"post-342335","1":"post","2":"type-post","3":"status-publish","4":"format-standard","5":"has-post-thumbnail","7":"category-montpellier","8":"tag-actu","9":"tag-actualites","10":"tag-automobile","11":"tag-eu","12":"tag-europe","13":"tag-fr","14":"tag-france","15":"tag-montpellier","16":"tag-moto","17":"tag-news","18":"tag-occitanie","19":"tag-republique-francaise","20":"tag-sports","21":"tag-sports-mecaniques"},"share_on_mastodon":{"url":"https:\/\/pubeurope.com\/@fr\/115088330898349692","error":""},"_links":{"self":[{"href":"https:\/\/www.europesays.com\/fr\/wp-json\/wp\/v2\/posts\/342335","targetHints":{"allow":["GET"]}}],"collection":[{"href":"https:\/\/www.europesays.com\/fr\/wp-json\/wp\/v2\/posts"}],"about":[{"href":"https:\/\/www.europesays.com\/fr\/wp-json\/wp\/v2\/types\/post"}],"author":[{"embeddable":true,"href":"https:\/\/www.europesays.com\/fr\/wp-json\/wp\/v2\/users\/2"}],"replies":[{"embeddable":true,"href":"https:\/\/www.europesays.com\/fr\/wp-json\/wp\/v2\/comments?post=342335"}],"version-history":[{"count":0,"href":"https:\/\/www.europesays.com\/fr\/wp-json\/wp\/v2\/posts\/342335\/revisions"}],"wp:featuredmedia":[{"embeddable":true,"href":"https:\/\/www.europesays.com\/fr\/wp-json\/wp\/v2\/media\/342336"}],"wp:attachment":[{"href":"https:\/\/www.europesays.com\/fr\/wp-json\/wp\/v2\/media?parent=342335"}],"wp:term":[{"taxonomy":"category","embeddable":true,"href":"https:\/\/www.europesays.com\/fr\/wp-json\/wp\/v2\/categories?post=342335"},{"taxonomy":"post_tag","embeddable":true,"href":"https:\/\/www.europesays.com\/fr\/wp-json\/wp\/v2\/tags?post=342335"}],"curies":[{"name":"wp","href":"https:\/\/api.w.org\/{rel}","templated":true}]}}