{"id":342338,"date":"2025-08-25T07:56:10","date_gmt":"2025-08-25T07:56:10","guid":{"rendered":"https:\/\/www.europesays.com\/fr\/342338\/"},"modified":"2025-08-25T07:56:10","modified_gmt":"2025-08-25T07:56:10","slug":"il-nest-pas-possible-de-convertir-tout-un-parc-de-vehicules-a-lhydrogene","status":"publish","type":"post","link":"https:\/\/www.europesays.com\/fr\/342338\/","title":{"rendered":"Il n&rsquo;est pas possible de convertir tout un parc de v\u00e9hicules \u00e0 l&rsquo;hydrog\u00e8ne"},"content":{"rendered":"<p>Entretien avec Cyrille Moreau, vice-pr\u00e9sident de la m\u00e9tropole Rouen Normandie en charge des transports, \u00e0 propos de la strat\u00e9gie hydrog\u00e8ne de la collectivit\u00e9. <\/p>\n<p><strong\/><\/p>\n<p>Cet entretien prolonge le dossier \u00ab\u00a0Hydrog\u00e8ne\u2009: le parcours du combattant des collectivit\u00e9s\u00a0\u00bb<\/p>\n<p><strong>Quelle place la m\u00e9tropole de Rouen accorde-t-elle \u00e0 l\u2019hydrog\u00e8ne\u2009?<\/strong><\/p>\n<p>La m\u00e9tropole dispose de 420 bus, toutes technologies confondues. Dont une centaine de mod\u00e8les \u00e9lectriques \u00e0 batteries d\u00e9j\u00e0 en service, et 113 autres qui vont arriver. En comparaison, nous n\u2019avons que 14 bus \u00e0 hydrog\u00e8ne. Au d\u00e9but du mandat, nous ne poss\u00e9dions que deux bus \u00e9lectriques. Nous aurons bient\u00f4t la moiti\u00e9 du parc d\u00e9carbon\u00e9e. Mais l\u2019hydrog\u00e8ne n\u2019est pas assez mature pour la\u00a0g\u00e9n\u00e9ralisation. Il en est au stade des exp\u00e9rimentations.<\/p>\n<p><strong>Pourquoi s\u2019y int\u00e9resser\u2009?<\/strong><\/p>\n<p>L\u2019hydrog\u00e8ne poss\u00e8de un mauvais rendement \u00e9nerg\u00e9tique et n\u2019a pas encore un bon bilan environnemental, surtout quand il est issu d\u2019\u00e9nergies fossiles. Nous avons tout de m\u00eame &#8230;<\/p>\n","protected":false},"excerpt":{"rendered":"Entretien avec Cyrille Moreau, vice-pr\u00e9sident de la m\u00e9tropole Rouen Normandie en charge des transports, \u00e0 propos de la&hellip;\n","protected":false},"author":2,"featured_media":342339,"comment_status":"","ping_status":"","sticky":false,"template":"","format":"standard","meta":{"footnotes":""},"categories":[9587],"tags":[1111,9247,9245,11,9244,47861,1777,674,1011,27,13341,12,5161,25,9590,40686,9246],"class_list":{"0":"post-342338","1":"post","2":"type-post","3":"status-publish","4":"format-standard","5":"has-post-thumbnail","7":"category-rouen","8":"tag-actu","9":"tag-actu-experts-technique","10":"tag-actu-technique","11":"tag-actualites","12":"tag-club-technicites","13":"tag-energie-air-climat","14":"tag-eu","15":"tag-europe","16":"tag-fr","17":"tag-france","18":"tag-mobilite-transports","19":"tag-news","20":"tag-normandie","21":"tag-republique-francaise","22":"tag-rouen","23":"tag-tblosseville","24":"tag-toute-lactu-technique"},"share_on_mastodon":{"url":"https:\/\/pubeurope.com\/@fr\/115088338831431327","error":""},"_links":{"self":[{"href":"https:\/\/www.europesays.com\/fr\/wp-json\/wp\/v2\/posts\/342338","targetHints":{"allow":["GET"]}}],"collection":[{"href":"https:\/\/www.europesays.com\/fr\/wp-json\/wp\/v2\/posts"}],"about":[{"href":"https:\/\/www.europesays.com\/fr\/wp-json\/wp\/v2\/types\/post"}],"author":[{"embeddable":true,"href":"https:\/\/www.europesays.com\/fr\/wp-json\/wp\/v2\/users\/2"}],"replies":[{"embeddable":true,"href":"https:\/\/www.europesays.com\/fr\/wp-json\/wp\/v2\/comments?post=342338"}],"version-history":[{"count":0,"href":"https:\/\/www.europesays.com\/fr\/wp-json\/wp\/v2\/posts\/342338\/revisions"}],"wp:featuredmedia":[{"embeddable":true,"href":"https:\/\/www.europesays.com\/fr\/wp-json\/wp\/v2\/media\/342339"}],"wp:attachment":[{"href":"https:\/\/www.europesays.com\/fr\/wp-json\/wp\/v2\/media?parent=342338"}],"wp:term":[{"taxonomy":"category","embeddable":true,"href":"https:\/\/www.europesays.com\/fr\/wp-json\/wp\/v2\/categories?post=342338"},{"taxonomy":"post_tag","embeddable":true,"href":"https:\/\/www.europesays.com\/fr\/wp-json\/wp\/v2\/tags?post=342338"}],"curies":[{"name":"wp","href":"https:\/\/api.w.org\/{rel}","templated":true}]}}