{"id":34234,"date":"2025-04-18T14:11:11","date_gmt":"2025-04-18T14:11:11","guid":{"rendered":"https:\/\/www.europesays.com\/fr\/34234\/"},"modified":"2025-04-18T14:11:11","modified_gmt":"2025-04-18T14:11:11","slug":"un-premier-super-site-installe-sur-les-toits-de-toulouse-a-quoi-va-t-il-servir","status":"publish","type":"post","link":"https:\/\/www.europesays.com\/fr\/34234\/","title":{"rendered":"Un premier \u00ab\u00a0super-site\u00a0\u00bb install\u00e9 sur les toits de Toulouse : \u00e0 quoi va-t-il servir\u00a0?"},"content":{"rendered":"<p>            Par<br \/>\n        <strong><br \/>\n            <a href=\"https:\/\/actu.fr\/auteur\/romain-piccolo\" title=\"Consulter tous les articles de Romain Piccolo\" target=\"_blank\" rel=\"noopener\">Romain Piccolo<\/a><br \/>\n        <\/strong><\/p>\n<p>        Publi\u00e9 le<\/p>\n<p>            17 avr. 2025 \u00e0 13h39        <\/p>\n<p>Depuis avril 2025,<strong> deux \u00ab\u00a0super-sites\u00a0\u00bb<\/strong> de mesure de la qualit\u00e9 de l\u2019air sont implant\u00e9s en Occitanie, dont un \u00e0 <a href=\"https:\/\/actu.fr\/toulouse\/\" target=\"_blank\" rel=\"noopener\">Toulouse<\/a>, aux Minimes. Il s\u2019agit de <strong>stations de contr\u00f4le de l\u2019air<\/strong> \u00e0 la pointe de la technologie. Une premi\u00e8re en France. \u00c0 quoi vont-elles servir, et comment \u00e7a marche ? Reportage, pour mieux comprendre cette avanc\u00e9e scientifique au c\u0153ur de la Ville rose.\u00a0<\/p>\n<p>Une station de pointe install\u00e9e \u00e0 Toulouse<\/p>\n<p class=\" wall-content\">Ce <strong>dispositif in\u00e9dit en France<\/strong> est port\u00e9 par<a href=\"https:\/\/actu.fr\/occitanie\/toulouse_31555\/episode-de-pollution-a-toulouse-l-indice-est-mauvais-en-haute-garonne-ce-lundi-et-ca-devrait-durer_62202465.html\" target=\"_blank\" rel=\"noopener\"> <strong>l\u2019Atmo Occitanie<\/strong><\/a>, une association agr\u00e9\u00e9e pour la surveillance de la qualit\u00e9 de l\u2019air, en partenariat avec l\u2019Ineris (Institut national de l\u2019environnement industriel et des risques).<\/p>\n<p class=\" wall-content\">Situ\u00e9e dans un environnement urbain dense, sur le toit du th\u00e9\u00e2tre des Mazades, la \u00ab\u00a0super-station\u00a0\u00bb toulousaine permettra de mieux comprendre les causes de la pollution et ses impacts sur la sant\u00e9. Elle <strong>collectera des donn\u00e9es tr\u00e8s pr\u00e9cises<\/strong> sur les particules fines, les polluants gazeux, les compos\u00e9s organiques volatils, mais aussi les bioa\u00e9rosols ou encore les m\u00e9taux pr\u00e9sents dans l\u2019air.<\/p>\n<p class=\" wall-content\"><strong>\u00c9milie Dalix, pr\u00e9sidente d\u2019Atmo Occitanie<\/strong>, rappelle : \u00ab\u00a0<strong>48 000 d\u00e9c\u00e8s<\/strong> par an sont caus\u00e9s par la pollution en France, ce qui en fait la deuxi\u00e8me cause de mortalit\u00e9 \u00e9vitable. <strong>Il s\u2019agit d\u2019un enjeu consid\u00e9rable<\/strong>, c\u2019est notre mission, surveiller la qualit\u00e9 de l\u2019air pour diminuer au plus possible ce chiffre\u00a0\u00bb.<\/p>\n<p>L\u2019enjeu des am\u00e9liorations techniques<\/p>\n<p class=\" wall-content\">L\u2019analyse des particules se fait en fonction de leur taille, une cat\u00e9gorie de particules en air ambiant, en suspension PM10 et les <strong>particules fines<\/strong> PM2.5, de 10 et 2,5 \u00b5m. En comparaison, un cheveu mesure 100 \u00b5m. Des particules encore plus petites sont regroup\u00e9es dans les <strong>particules tr\u00e8s fines PM1<\/strong> et les fameuses <strong>particules ultrafines<\/strong> (PUF).\u00a0<\/p>\n<p class=\" wall-content\">Plus petites sont les particules, plus elles peuvent<strong> p\u00e9n\u00e9trer dans notre corps<\/strong>. Les am\u00e9liorations techniques permettent d\u2019analyser des particules de plus en plus fines.\u00a0<\/p>\n<p>      <img   decoding=\"async\" loading=\"lazy\" src=\"https:\/\/www.europesays.com\/fr\/wp-content\/uploads\/2025\/04\/dalix-tilak-super-site-atmo-toulouse-960x640.jpg\" alt=\"\u00c0 gauche, \u00c9milie Dalix, pr\u00e9sidente d'Atmo Occitanie, et \u00e0 droite Dominique Tilak, directrice g\u00e9n\u00e9rale.\" width=\"960\" height=\"640\"\/><br \/>\n    \u00c0 gauche, \u00c9milie Dalix, pr\u00e9sidente d\u2019Atmo Occitanie, et \u00e0 droite Dominique Tilak, directrice g\u00e9n\u00e9rale. (\u00a9Romain Piccolo \/ Actu Toulouse)Un outil pour mieux comprendre\u2026 et agir<\/p>\n<p class=\" wall-content\">L\u2019objectif est double : mieux caract\u00e9riser la pollution et ses origines, mais aussi \u00e9valuer son impact sur la sant\u00e9 humaine. Gr\u00e2ce \u00e0 <strong>ces mesures pouss\u00e9es<\/strong>, les chercheurs pourront par exemple distinguer les polluants issus du trafic routier, du chauffage au bois ou des activit\u00e9s industrielles.<\/p>\n<p class=\" wall-content\">Ces donn\u00e9es alimenteront des mod\u00e8les pr\u00e9dictifs qui permettront aux autorit\u00e9s locales d\u2019adapter leurs politiques environnementales, en ciblant plus efficacement les sources de pollution. Les r\u00e9sultats seront aussi mis \u00e0 disposition du grand public via des plateformes ouvertes.<\/p>\n<p class=\" wall-content\"><strong>Dominique Tilak, directrice g\u00e9n\u00e9rale d\u2019Atmo Occitanie,<\/strong> \u00e9voque : \u00ab\u00a0Le chauffage au bois repr\u00e9sente une part importante de la pollution de l\u2019air, tout comme la voiture aussi. On l\u2019a bien vu durant l\u2019ann\u00e9e 2020, on n\u2019a jamais enregistr\u00e9 des chiffres aussi bas. <strong>Toulouse est dans une bonne dynamique<\/strong>, cependant les hivers chauds ont jou\u00e9 un r\u00f4le non n\u00e9gligeable, moins on se chauffe, moins on pollue, <strong>il faut rester vigilent<\/strong>\u00ab\u00a0.<\/p>\n<p>      <img   decoding=\"async\" loading=\"lazy\" src=\"https:\/\/www.europesays.com\/fr\/wp-content\/uploads\/2025\/04\/instrument-atmo-toulouse-mazade-super-site-960x640.jpg\" alt=\"Des instruments de mesure sont plac\u00e9s \u00e0 l'ext\u00e9rieur, mais aussi dans deux petites structures qui \u00e9tudient diff\u00e9rents polluants. \" width=\"960\" height=\"640\"\/><br \/>\n    Des instruments de mesure sont plac\u00e9s \u00e0 l\u2019ext\u00e9rieur, mais aussi dans deux petites structures qui \u00e9tudient diff\u00e9rents polluants. (\u00a9Romain Piccolo \/ Actu Toulouse)Un maillage r\u00e9gional strat\u00e9gique<\/p>\n<p class=\" wall-content\">Outre Toulouse, un autre \u00ab\u00a0super-site\u00a0\u00bb est <strong>implant\u00e9 \u00e0 Peyrusse-Vielle<\/strong>, \u00e0 l\u2019ouest du d\u00e9partement du Gers. Cette station rurale offre <strong>une vision globale et contrast\u00e9e<\/strong> des dynamiques de r\u00e9gion. Se positionnant hors des principales sources d\u2019\u00e9mission polluante. Lui aussi r\u00e9cemment am\u00e9lior\u00e9, il est \u00ab\u00a0<strong>le plus grand site de France<\/strong>\u00a0\u00bb rappelle Dominique Tilak.\u00a0\u00a0<\/p>\n<p>Toulouse au c\u0153ur de la recherche environnementale<\/p>\n<p class=\" wall-content\">Avec cette initiative, Toulouse <strong>renforce son statut de p\u00f4le scientifique majeur<\/strong>. D\u00e9j\u00e0 active dans l\u2019a\u00e9ronautique et le spatial, la Ville rose s\u2019impose aussi comme un acteur cl\u00e9 de la transition \u00e9cologique. Le \u00ab\u00a0super-site\u00a0\u00bb servira de support \u00e0 de<strong> nombreux travaux de recherche<\/strong> men\u00e9s par les laboratoires toulousains.<\/p>\n<p class=\" wall-content\">Suivez toute l\u2019actualit\u00e9 de vos villes et m\u00e9dias favoris en vous inscrivant \u00e0 <a href=\"https:\/\/moncompte.actu.fr\" title=\"D\u00e9couvez Mon Actu\" rel=\"nofollow noopener\" data-trk=\"{&quot;cta&quot;:{&quot;action&quot;:&quot;https:\\\/\\\/moncompte.actu.fr&quot;,&quot;category&quot;:&quot;mon compte&quot;,&quot;from&quot;:&quot;article footer&quot;,&quot;name&quot;:&quot;Mon actu&quot;,&quot;type&quot;:&quot;cta&quot;}}\" target=\"_blank\">Mon Actu<\/a>.<\/p>\n","protected":false},"excerpt":{"rendered":"Par Romain Piccolo Publi\u00e9 le 17 avr. 2025 \u00e0 13h39 Depuis avril 2025, deux \u00ab\u00a0super-sites\u00a0\u00bb de mesure de&hellip;\n","protected":false},"author":2,"featured_media":34235,"comment_status":"","ping_status":"","sticky":false,"template":"","format":"standard","meta":{"footnotes":""},"categories":[2816],"tags":[1111,11,1777,674,1011,27,12,2680,1800,25,71,2631,2312,1090],"class_list":{"0":"post-34234","1":"post","2":"type-post","3":"status-publish","4":"format-standard","5":"has-post-thumbnail","7":"category-toulouse","8":"tag-actu","9":"tag-actualites","10":"tag-eu","11":"tag-europe","12":"tag-fr","13":"tag-france","14":"tag-news","15":"tag-occitanie","16":"tag-pollution","17":"tag-republique-francaise","18":"tag-sante","19":"tag-sciences-technologie","20":"tag-toulouse","21":"tag-toulouse-metropole"},"share_on_mastodon":{"url":"https:\/\/pubeurope.com\/@fr\/114359375344084894","error":""},"_links":{"self":[{"href":"https:\/\/www.europesays.com\/fr\/wp-json\/wp\/v2\/posts\/34234","targetHints":{"allow":["GET"]}}],"collection":[{"href":"https:\/\/www.europesays.com\/fr\/wp-json\/wp\/v2\/posts"}],"about":[{"href":"https:\/\/www.europesays.com\/fr\/wp-json\/wp\/v2\/types\/post"}],"author":[{"embeddable":true,"href":"https:\/\/www.europesays.com\/fr\/wp-json\/wp\/v2\/users\/2"}],"replies":[{"embeddable":true,"href":"https:\/\/www.europesays.com\/fr\/wp-json\/wp\/v2\/comments?post=34234"}],"version-history":[{"count":0,"href":"https:\/\/www.europesays.com\/fr\/wp-json\/wp\/v2\/posts\/34234\/revisions"}],"wp:featuredmedia":[{"embeddable":true,"href":"https:\/\/www.europesays.com\/fr\/wp-json\/wp\/v2\/media\/34235"}],"wp:attachment":[{"href":"https:\/\/www.europesays.com\/fr\/wp-json\/wp\/v2\/media?parent=34234"}],"wp:term":[{"taxonomy":"category","embeddable":true,"href":"https:\/\/www.europesays.com\/fr\/wp-json\/wp\/v2\/categories?post=34234"},{"taxonomy":"post_tag","embeddable":true,"href":"https:\/\/www.europesays.com\/fr\/wp-json\/wp\/v2\/tags?post=34234"}],"curies":[{"name":"wp","href":"https:\/\/api.w.org\/{rel}","templated":true}]}}