{"id":342342,"date":"2025-08-25T07:58:10","date_gmt":"2025-08-25T07:58:10","guid":{"rendered":"https:\/\/www.europesays.com\/fr\/342342\/"},"modified":"2025-08-25T07:58:10","modified_gmt":"2025-08-25T07:58:10","slug":"forum-des-associations-et-des-sports-2025-echosciences","status":"publish","type":"post","link":"https:\/\/www.europesays.com\/fr\/342342\/","title":{"rendered":"Forum des associations et des sports 2025 | ECHOSCIENCES"},"content":{"rendered":"<p>Chers abonn\u00e9s,<\/p>\n<p>\u00a0Comme chaque ann\u00e9e, la Ville et l&rsquo;Office Municipal des Sport de Grenoble organise le forum des associations et des sports qui se tiendra le\u00a0<strong>6 septembre 2025 de 10h00 \u00e0 17h00\u00a0<\/strong>au Palais des Sports de Grenoble.<\/p>\n<p>\u00a0L\u2019Association Patrimoine et D\u00e9veloppement du Grand Grenoble tiendra un stand comme les ann\u00e9es pr\u00e9c\u00e9dentes. Venez nous rencontrer afin d&rsquo;\u00e9changer quelques paroles.<\/p>\n<p>\u00a0Seront mis \u00e0 la vente nos livres ainsi que notre \u00ab\u00a0<strong>journal des 100 ans<\/strong>\u00ab\u00a0,\u00a0document majeur sur l&rsquo;exposition internationale de la Houille Blanche et du Tourisme.<\/p>\n<p>\u00a0Bonne visite !<\/p>\n","protected":false},"excerpt":{"rendered":"Chers abonn\u00e9s, \u00a0Comme chaque ann\u00e9e, la Ville et l&rsquo;Office Municipal des Sport de Grenoble organise le forum des&hellip;\n","protected":false},"author":2,"featured_media":342343,"comment_status":"","ping_status":"","sticky":false,"template":"","format":"standard","meta":{"footnotes":""},"categories":[9566],"tags":[1111,11,2430,1777,674,1011,27,2731,12,25],"class_list":{"0":"post-342342","1":"post","2":"type-post","3":"status-publish","4":"format-standard","5":"has-post-thumbnail","7":"category-grenoble","8":"tag-actu","9":"tag-actualites","10":"tag-auvergne-rhone-alpes","11":"tag-eu","12":"tag-europe","13":"tag-fr","14":"tag-france","15":"tag-grenoble","16":"tag-news","17":"tag-republique-francaise"},"share_on_mastodon":{"url":"https:\/\/pubeurope.com\/@fr\/115088346535661200","error":""},"_links":{"self":[{"href":"https:\/\/www.europesays.com\/fr\/wp-json\/wp\/v2\/posts\/342342","targetHints":{"allow":["GET"]}}],"collection":[{"href":"https:\/\/www.europesays.com\/fr\/wp-json\/wp\/v2\/posts"}],"about":[{"href":"https:\/\/www.europesays.com\/fr\/wp-json\/wp\/v2\/types\/post"}],"author":[{"embeddable":true,"href":"https:\/\/www.europesays.com\/fr\/wp-json\/wp\/v2\/users\/2"}],"replies":[{"embeddable":true,"href":"https:\/\/www.europesays.com\/fr\/wp-json\/wp\/v2\/comments?post=342342"}],"version-history":[{"count":0,"href":"https:\/\/www.europesays.com\/fr\/wp-json\/wp\/v2\/posts\/342342\/revisions"}],"wp:featuredmedia":[{"embeddable":true,"href":"https:\/\/www.europesays.com\/fr\/wp-json\/wp\/v2\/media\/342343"}],"wp:attachment":[{"href":"https:\/\/www.europesays.com\/fr\/wp-json\/wp\/v2\/media?parent=342342"}],"wp:term":[{"taxonomy":"category","embeddable":true,"href":"https:\/\/www.europesays.com\/fr\/wp-json\/wp\/v2\/categories?post=342342"},{"taxonomy":"post_tag","embeddable":true,"href":"https:\/\/www.europesays.com\/fr\/wp-json\/wp\/v2\/tags?post=342342"}],"curies":[{"name":"wp","href":"https:\/\/api.w.org\/{rel}","templated":true}]}}