{"id":342344,"date":"2025-08-25T07:59:10","date_gmt":"2025-08-25T07:59:10","guid":{"rendered":"https:\/\/www.europesays.com\/fr\/342344\/"},"modified":"2025-08-25T07:59:10","modified_gmt":"2025-08-25T07:59:10","slug":"journees-europeennes-du-patrimoine-2025-echosciences","status":"publish","type":"post","link":"https:\/\/www.europesays.com\/fr\/342344\/","title":{"rendered":"Journ\u00e9es Europ\u00e9ennes du Patrimoine 2025 | ECHOSCIENCES"},"content":{"rendered":"<p>Chers visiteurs,<\/p>\n<p>\u00a0A l&rsquo;occasion de la 42\u00e8me \u00e9dition des Journ\u00e9es Europ\u00e9ennes du Patrimoine (20 et 21 septembre), l\u2019Association Patrimoine et D\u00e9veloppement du Grand Grenoble participera comme chaque ann\u00e9e \u00e0 cet \u00e9v\u00e9nement. <\/p>\n<p>Pour vous inscrire, reportez-vous sur notre site www.patrimoine-grandgrenoble.fr, rubrique \u00ab\u00a0\u00e9v\u00e9nements \u00e0 venir\u00a0\u00bb. Deux bandeaux bleus sont visibles. Cliquez sur celui de votre choix et vous d\u00e9couvrirez le programme de la journ\u00e9e s\u00e9lectionn\u00e9e. Des liens cliquables vous conduiront aux formulaires d&rsquo;inscription.<\/p>\n<p>En cas de difficult\u00e9, n&rsquo;h\u00e9sitez pas \u00e0 nous contacter par mail.<\/p>\n<p>Bonne(s) visite(s) !<\/p>\n","protected":false},"excerpt":{"rendered":"Chers visiteurs, \u00a0A l&rsquo;occasion de la 42\u00e8me \u00e9dition des Journ\u00e9es Europ\u00e9ennes du Patrimoine (20 et 21 septembre), l\u2019Association&hellip;\n","protected":false},"author":2,"featured_media":342345,"comment_status":"","ping_status":"","sticky":false,"template":"","format":"standard","meta":{"footnotes":""},"categories":[9566],"tags":[1111,11,2430,1777,674,1011,27,2731,12,25],"class_list":{"0":"post-342344","1":"post","2":"type-post","3":"status-publish","4":"format-standard","5":"has-post-thumbnail","7":"category-grenoble","8":"tag-actu","9":"tag-actualites","10":"tag-auvergne-rhone-alpes","11":"tag-eu","12":"tag-europe","13":"tag-fr","14":"tag-france","15":"tag-grenoble","16":"tag-news","17":"tag-republique-francaise"},"share_on_mastodon":{"url":"https:\/\/pubeurope.com\/@fr\/115088350635203910","error":""},"_links":{"self":[{"href":"https:\/\/www.europesays.com\/fr\/wp-json\/wp\/v2\/posts\/342344","targetHints":{"allow":["GET"]}}],"collection":[{"href":"https:\/\/www.europesays.com\/fr\/wp-json\/wp\/v2\/posts"}],"about":[{"href":"https:\/\/www.europesays.com\/fr\/wp-json\/wp\/v2\/types\/post"}],"author":[{"embeddable":true,"href":"https:\/\/www.europesays.com\/fr\/wp-json\/wp\/v2\/users\/2"}],"replies":[{"embeddable":true,"href":"https:\/\/www.europesays.com\/fr\/wp-json\/wp\/v2\/comments?post=342344"}],"version-history":[{"count":0,"href":"https:\/\/www.europesays.com\/fr\/wp-json\/wp\/v2\/posts\/342344\/revisions"}],"wp:featuredmedia":[{"embeddable":true,"href":"https:\/\/www.europesays.com\/fr\/wp-json\/wp\/v2\/media\/342345"}],"wp:attachment":[{"href":"https:\/\/www.europesays.com\/fr\/wp-json\/wp\/v2\/media?parent=342344"}],"wp:term":[{"taxonomy":"category","embeddable":true,"href":"https:\/\/www.europesays.com\/fr\/wp-json\/wp\/v2\/categories?post=342344"},{"taxonomy":"post_tag","embeddable":true,"href":"https:\/\/www.europesays.com\/fr\/wp-json\/wp\/v2\/tags?post=342344"}],"curies":[{"name":"wp","href":"https:\/\/api.w.org\/{rel}","templated":true}]}}