{"id":342348,"date":"2025-08-25T08:01:10","date_gmt":"2025-08-25T08:01:10","guid":{"rendered":"https:\/\/www.europesays.com\/fr\/342348\/"},"modified":"2025-08-25T08:01:10","modified_gmt":"2025-08-25T08:01:10","slug":"un-attaquant-de-ligue-1-en-plan-b-a-harder","status":"publish","type":"post","link":"https:\/\/www.europesays.com\/fr\/342348\/","title":{"rendered":"un attaquant de Ligue 1 en plan B \u00e0 Harder"},"content":{"rendered":"<p><a href=\"https:\/\/www.footmercato.net\/a8026068763165819973-apres-lechec-victor-boniface-lac-milan-va-jouer-un-sale-coup-a-rennes\" rel=\"nofollow noopener\" target=\"_blank\">Apr\u00e8s les rumeurs d\u2019un d\u00e9part imminent de Conrad Harder vers l\u2019AC Milan<\/a>, le Stade Rennais explore activement des solutions de repli pour son attaque. Selon Ouest-France, le club breton s\u2019int\u00e9resse d\u00e9sormais \u00e0 <a href=\"https:\/\/www.footmercato.net\/joueur\/lucas-stassin\/\" rel=\"nofollow noopener\" target=\"_blank\">Lucas Stassin<\/a>, jeune attaquant belge de <a href=\"https:\/\/www.footmercato.net\/club\/asse\/\" rel=\"nofollow noopener\" target=\"_blank\">Saint-\u00c9tienne<\/a>, pour compenser un \u00e9ventuel \u00e9chec dans le dossier Harder.<\/p>\n<p>            La suite apr\u00e8s cette publicit\u00e9<\/p>\n<p><a href=\"https:\/\/www.footmercato.net\/a6007504918355190120-asse-lucas-stassin-entretient-le-doute-sur-son-avenir\" rel=\"nofollow noopener\" target=\"_blank\">Cette piste s\u2019annonce toutefois d\u00e9licate<\/a> : Saint-\u00c9tienne attend une belle offre pour lib\u00e9rer son joueur, tandis que <a href=\"https:\/\/www.footmercato.net\/club\/stade-rennais-fc\/\" rel=\"nofollow noopener\" target=\"_blank\">Rennes<\/a> ne souhaite pas d\u00e9passer 15 millions d\u2019euros. Le club devra donc n\u00e9gocier rapidement pour s\u00e9curiser cette option et ne pas se retrouver \u00e0 court de renforts offensifs avant la fermeture du mercato. Affaire \u00e0 suivre. <\/p>\n<p>\n    Pub. le 25\/08\/2025 09:48<br \/>\n            &#8211; MAJ le 25\/08\/2025 09:58\n    <\/p>\n","protected":false},"excerpt":{"rendered":"Apr\u00e8s les rumeurs d\u2019un d\u00e9part imminent de Conrad Harder vers l\u2019AC Milan, le Stade Rennais explore activement des&hellip;\n","protected":false},"author":2,"featured_media":41420,"comment_status":"","ping_status":"","sticky":false,"template":"","format":"standard","meta":{"footnotes":""},"categories":[2821],"tags":[1111,11,829,1777,674,1011,27,12,584,25],"class_list":{"0":"post-342348","1":"post","2":"type-post","3":"status-publish","4":"format-standard","5":"has-post-thumbnail","7":"category-rennes","8":"tag-actu","9":"tag-actualites","10":"tag-bretagne","11":"tag-eu","12":"tag-europe","13":"tag-fr","14":"tag-france","15":"tag-news","16":"tag-rennes","17":"tag-republique-francaise"},"share_on_mastodon":{"url":"https:\/\/pubeurope.com\/@fr\/115088358304887885","error":""},"_links":{"self":[{"href":"https:\/\/www.europesays.com\/fr\/wp-json\/wp\/v2\/posts\/342348","targetHints":{"allow":["GET"]}}],"collection":[{"href":"https:\/\/www.europesays.com\/fr\/wp-json\/wp\/v2\/posts"}],"about":[{"href":"https:\/\/www.europesays.com\/fr\/wp-json\/wp\/v2\/types\/post"}],"author":[{"embeddable":true,"href":"https:\/\/www.europesays.com\/fr\/wp-json\/wp\/v2\/users\/2"}],"replies":[{"embeddable":true,"href":"https:\/\/www.europesays.com\/fr\/wp-json\/wp\/v2\/comments?post=342348"}],"version-history":[{"count":0,"href":"https:\/\/www.europesays.com\/fr\/wp-json\/wp\/v2\/posts\/342348\/revisions"}],"wp:featuredmedia":[{"embeddable":true,"href":"https:\/\/www.europesays.com\/fr\/wp-json\/wp\/v2\/media\/41420"}],"wp:attachment":[{"href":"https:\/\/www.europesays.com\/fr\/wp-json\/wp\/v2\/media?parent=342348"}],"wp:term":[{"taxonomy":"category","embeddable":true,"href":"https:\/\/www.europesays.com\/fr\/wp-json\/wp\/v2\/categories?post=342348"},{"taxonomy":"post_tag","embeddable":true,"href":"https:\/\/www.europesays.com\/fr\/wp-json\/wp\/v2\/tags?post=342348"}],"curies":[{"name":"wp","href":"https:\/\/api.w.org\/{rel}","templated":true}]}}