{"id":342349,"date":"2025-08-25T08:03:11","date_gmt":"2025-08-25T08:03:11","guid":{"rendered":"https:\/\/www.europesays.com\/fr\/342349\/"},"modified":"2025-08-25T08:03:11","modified_gmt":"2025-08-25T08:03:11","slug":"un-bleuet-va-rejoindre-le-racing","status":"publish","type":"post","link":"https:\/\/www.europesays.com\/fr\/342349\/","title":{"rendered":"un Bleuet va rejoindre le Racing"},"content":{"rendered":"<p>Zapping Foot National \u00c0 la 93, le film <\/p>\n<p>Le Racing continue son march\u00e9 XXL. Apr\u00e8s de longues n\u00e9gociations, le RCSA a trouv\u00e9 un accord avec Reims pour le transfert du milieu Valentin Atangana. C\u2019est un feuilleton qui prend fin en Alsace. Strasbourg et Reims sont parvenus \u00e0 un accord concernant Valentin Atangana, selon Fabrizio Romano et So Foot. Le jeune milieu de terrain (19 ans), sous contrat jusqu\u2019en 2026 avec le club champenois, va rejoindre le Racing pour une somme avoisinant les 15 M\u20ac, bonus non compris. La signature d\u2019un contrat de cinq saisons est attendue en d\u00e9but de semaine prochaine.<\/p>\n<p>Courtis\u00e9 par l&rsquo;Europe enti\u00e8re<\/p>\n<p>R\u00e9v\u00e9l\u00e9 avec le Stade de Reims, Atangana a d\u00e9j\u00e0 disput\u00e9 plus de 60 rencontres de Ligue 1 et s\u2019est impos\u00e9 comme un espoir du football fran\u00e7ais. Avec les Bleuets, il s\u2019\u00e9tait distingu\u00e9 en novembre dernier, buteur face \u00e0 l\u2019Italie avant de d\u00e9livrer une passe d\u00e9cisive contre l\u2019Allemagne. Son profil avait attir\u00e9 l\u2019attention de la Roma, de Galatasaray ou encore d\u2019Al-Ahli, mais c\u2019est Strasbourg qui a su convaincre, apr\u00e8s plusieurs tentatives repouss\u00e9es par Reims ces derni\u00e8res semaines. Ce transfert vient compl\u00e9ter une campagne de recrutement exceptionnelle c\u00f4t\u00e9 alsacien. Panichelli, H\u00f6gsberg, Amougou, Barco ou encore Omobamidele avaient d\u00e9j\u00e0 rejoint le club, faisant d\u2019Atangana la 16e recrue de l\u2019\u00e9t\u00e9.<\/p>\n<p>Partagez cette info avec vos amis et vos proches en cliquant ici<br \/>Pour r\u00e9sumer<\/p>\n<p>Le Racing continue son march\u00e9 XXL. Apr\u00e8s de longues n\u00e9gociations, le RCSA a trouv\u00e9 un accord avec Reims pour le transfert du milieu Valentin Atangana. C\u2019est un feuilleton qui prend fin en Alsace, selon les informations de F.Romano.<\/p>\n<p> <img decoding=\"async\" width=\"76\" height=\"76\" loading=\"lazy\" src=\"https:\/\/static.wui.fr\/images_v3\/avatar-footnational.png\" alt=\"Matias Archambeau\"\/><\/p>\n","protected":false},"excerpt":{"rendered":"Zapping Foot National \u00c0 la 93, le film Le Racing continue son march\u00e9 XXL. Apr\u00e8s de longues n\u00e9gociations,&hellip;\n","protected":false},"author":2,"featured_media":342350,"comment_status":"","ping_status":"","sticky":false,"template":"","format":"standard","meta":{"footnotes":""},"categories":[2820],"tags":[1111,11,1777,674,1011,27,775,12,25,640],"class_list":{"0":"post-342349","1":"post","2":"type-post","3":"status-publish","4":"format-standard","5":"has-post-thumbnail","7":"category-strasbourg","8":"tag-actu","9":"tag-actualites","10":"tag-eu","11":"tag-europe","12":"tag-fr","13":"tag-france","14":"tag-grand-est","15":"tag-news","16":"tag-republique-francaise","17":"tag-strasbourg"},"share_on_mastodon":{"url":"https:\/\/pubeurope.com\/@fr\/115088366152479480","error":""},"_links":{"self":[{"href":"https:\/\/www.europesays.com\/fr\/wp-json\/wp\/v2\/posts\/342349","targetHints":{"allow":["GET"]}}],"collection":[{"href":"https:\/\/www.europesays.com\/fr\/wp-json\/wp\/v2\/posts"}],"about":[{"href":"https:\/\/www.europesays.com\/fr\/wp-json\/wp\/v2\/types\/post"}],"author":[{"embeddable":true,"href":"https:\/\/www.europesays.com\/fr\/wp-json\/wp\/v2\/users\/2"}],"replies":[{"embeddable":true,"href":"https:\/\/www.europesays.com\/fr\/wp-json\/wp\/v2\/comments?post=342349"}],"version-history":[{"count":0,"href":"https:\/\/www.europesays.com\/fr\/wp-json\/wp\/v2\/posts\/342349\/revisions"}],"wp:featuredmedia":[{"embeddable":true,"href":"https:\/\/www.europesays.com\/fr\/wp-json\/wp\/v2\/media\/342350"}],"wp:attachment":[{"href":"https:\/\/www.europesays.com\/fr\/wp-json\/wp\/v2\/media?parent=342349"}],"wp:term":[{"taxonomy":"category","embeddable":true,"href":"https:\/\/www.europesays.com\/fr\/wp-json\/wp\/v2\/categories?post=342349"},{"taxonomy":"post_tag","embeddable":true,"href":"https:\/\/www.europesays.com\/fr\/wp-json\/wp\/v2\/tags?post=342349"}],"curies":[{"name":"wp","href":"https:\/\/api.w.org\/{rel}","templated":true}]}}