{"id":342351,"date":"2025-08-25T08:05:10","date_gmt":"2025-08-25T08:05:10","guid":{"rendered":"https:\/\/www.europesays.com\/fr\/342351\/"},"modified":"2025-08-25T08:05:10","modified_gmt":"2025-08-25T08:05:10","slug":"les-pathe-de-nice-aux-couleurs-de-logc-nice","status":"publish","type":"post","link":"https:\/\/www.europesays.com\/fr\/342351\/","title":{"rendered":"Les Path\u00e9 de Nice aux couleurs de l\u2019OGC Nice"},"content":{"rendered":"<p>                                <a href=\"https:\/\/www.boxofficepro.fr\/wp-content\/uploads\/sites\/2\/2025\/08\/logos-pathe-OG-nice-RAPPROCHES.jpg\" target=\"_blank\" rel=\"noopener nofollow\"><img width=\"600\" height=\"338\" src=\"https:\/\/www.europesays.com\/fr\/wp-content\/uploads\/2025\/08\/logos-pathe-OG-nice-RAPPROCHES-600x338.jpg\" class=\"attachment-mobile size-mobile wp-post-image\" alt=\"\" decoding=\"async\" fetchpriority=\"high\"  \/><\/a><\/p>\n<p><strong>Le circuit leader fran\u00e7ais et l\u2019Olympique Gymnaste Club de Nice annoncent un partenariat \u00e9v\u00e9nementiel.<\/strong><\/p>\n<p>Les trois Path\u00e9 ni\u00e7ois \u2013 Path\u00e9 Lingosti\u00e8re, Path\u00e9 Gare du Sud et Path\u00e9 Mass\u00e9na \u2013 proposeront, tout au long de la saison footballistique 2025-2026, des \u00e9v\u00e9nements exclusifs \u00e0 destination des supporters, partenaires et salari\u00e9s du club, dont \u00ab des exp\u00e9riences immersives compos\u00e9es gr\u00e2ce au savoir-faire Path\u00e9 en mati\u00e8re d\u2019image et de son \u00bb, promettent les responsables du club.\u00a0<\/p>\n<p>La collaboration entre l\u2019OGC Nice et Path\u00e9 a d\u00e9j\u00e0 d\u00e9but\u00e9, en juin dernier, avec la diffusion du film Le C\u0153ur de Nice aux salari\u00e9s et aux supporters rouge et noir. Les bandes-annonces produites par OGCNICE.tv seront \u00e9galement diffus\u00e9es sur les \u00e9crans des trois Path\u00e9 de la ville.<\/p>\n<p>En tant que fournisseur officiel du club, Path\u00e9 b\u00e9n\u00e9ficiera de son c\u00f4t\u00e9 de droits d\u2019image (logo du club, image collective des joueurs, contenus exclusifs), d\u2019une visibilit\u00e9 renforc\u00e9e les soirs de match (LED en bord de terrain, \u00e9crans g\u00e9ants et \u00e9crans TV VIP), ainsi que d\u2019une pr\u00e9sence digitale sur les plateformes officielles de l\u2019OGC Nice (r\u00e9seaux sociaux, site, newsletters, application mobile).<\/p>\n<p>\u00ab Ces rendez-vous viendront renforcer l\u2019ancrage local et faire vibrer la communaut\u00e9 autour du club \u00bb, se r\u00e9jouissent les responsables de l\u2019OGC Nice.<\/p>\n<p>                                <a href=\"https:\/\/www.boxofficepro.fr\/wp-content\/uploads\/sites\/2\/2025\/08\/logos-pathe-OG-nice-RAPPROCHES.jpg\" target=\"_blank\" rel=\"noopener nofollow\"><img width=\"600\" height=\"338\" src=\"https:\/\/www.europesays.com\/fr\/wp-content\/uploads\/2025\/08\/logos-pathe-OG-nice-RAPPROCHES-600x338.jpg\" class=\"attachment-mobile size-mobile wp-post-image\" alt=\"\" decoding=\"async\" fetchpriority=\"high\"  \/><\/a><\/p>\n","protected":false},"excerpt":{"rendered":"Le circuit leader fran\u00e7ais et l\u2019Olympique Gymnaste Club de Nice annoncent un partenariat \u00e9v\u00e9nementiel. Les trois Path\u00e9 ni\u00e7ois&hellip;\n","protected":false},"author":2,"featured_media":342352,"comment_status":"","ping_status":"","sticky":false,"template":"","format":"standard","meta":{"footnotes":""},"categories":[2819],"tags":[1111,11,1777,674,1011,27,12,2401,882,25],"class_list":{"0":"post-342351","1":"post","2":"type-post","3":"status-publish","4":"format-standard","5":"has-post-thumbnail","7":"category-nice","8":"tag-actu","9":"tag-actualites","10":"tag-eu","11":"tag-europe","12":"tag-fr","13":"tag-france","14":"tag-news","15":"tag-nice","16":"tag-provence-alpes-cote-dazur","17":"tag-republique-francaise"},"share_on_mastodon":{"url":"https:\/\/pubeurope.com\/@fr\/115088374362491970","error":""},"_links":{"self":[{"href":"https:\/\/www.europesays.com\/fr\/wp-json\/wp\/v2\/posts\/342351","targetHints":{"allow":["GET"]}}],"collection":[{"href":"https:\/\/www.europesays.com\/fr\/wp-json\/wp\/v2\/posts"}],"about":[{"href":"https:\/\/www.europesays.com\/fr\/wp-json\/wp\/v2\/types\/post"}],"author":[{"embeddable":true,"href":"https:\/\/www.europesays.com\/fr\/wp-json\/wp\/v2\/users\/2"}],"replies":[{"embeddable":true,"href":"https:\/\/www.europesays.com\/fr\/wp-json\/wp\/v2\/comments?post=342351"}],"version-history":[{"count":0,"href":"https:\/\/www.europesays.com\/fr\/wp-json\/wp\/v2\/posts\/342351\/revisions"}],"wp:featuredmedia":[{"embeddable":true,"href":"https:\/\/www.europesays.com\/fr\/wp-json\/wp\/v2\/media\/342352"}],"wp:attachment":[{"href":"https:\/\/www.europesays.com\/fr\/wp-json\/wp\/v2\/media?parent=342351"}],"wp:term":[{"taxonomy":"category","embeddable":true,"href":"https:\/\/www.europesays.com\/fr\/wp-json\/wp\/v2\/categories?post=342351"},{"taxonomy":"post_tag","embeddable":true,"href":"https:\/\/www.europesays.com\/fr\/wp-json\/wp\/v2\/tags?post=342351"}],"curies":[{"name":"wp","href":"https:\/\/api.w.org\/{rel}","templated":true}]}}